{"id":19940,"date":"2023-02-02T11:17:17","date_gmt":"2023-02-02T08:17:17","guid":{"rendered":"https:\/\/www.fener.org\/?p=19940"},"modified":"2023-02-02T11:17:22","modified_gmt":"2023-02-02T08:17:22","slug":"fenerbahce-opet-tenerife-la-lagunaya-konuk-oluyor","status":"publish","type":"post","link":"https:\/\/www.fener.org\/index.php\/2023\/02\/02\/fenerbahce-opet-tenerife-la-lagunaya-konuk-oluyor\/","title":{"rendered":"Fenerbah\u00e7e Opet, Tenerife La Laguna\u2019ya konuk oluyor"},"content":{"rendered":"\n<p>Fenerbah\u00e7e Opet Kad\u0131n Voleybol Tak\u0131m\u0131m\u0131z, CEV \u015eampiyonlar Ligi D Grubu 5. hafta ma\u00e7\u0131nda \u0130spanya temsilcisi Tenerife La Laguna\u2019ya konuk olacak. Bu&nbsp;ak\u015fam Santiago Martin Spor Salonu&#8217;nda oynanacak kar\u015f\u0131la\u015fma TS\u0130 21.00&#8217;de ba\u015flayacak. M\u00fccadele Tivibu Spor\u2019dan ekranlara gelecek.<\/p>\n\n\n\n<p>\u015eampiyonlar Ligi\u2019ndeki son ma\u00e7\u0131nda Almanya temsilcisi Allianz MTV Stuttgart\u2019\u0131 3-1 ma\u011flup eden Sar\u0131 Melekler, 4 ma\u00e7ta elde etti\u011fi iki galibiyetle D Grubu\u2019nda \u00fc\u00e7\u00fcnc\u00fc s\u0131rada yer al\u0131yor.<br>&nbsp;<br>Galibiyet alamayan Tenerife La Laguna ise grubun son s\u0131ras\u0131nda bulunuyor.<br>&nbsp;<br>Fenerbah\u00e7e Opet, \u0130spanya temsilcisi ile \u0130stanbul&#8217;da oynad\u0131\u011f\u0131 ilk ma\u00e7\u0131 3-0 kazanm\u0131\u015ft\u0131.<\/p>\n","protected":false},"excerpt":{"rendered":"<p>Fenerbah\u00e7e Opet Kad\u0131n Voleybol Tak\u0131m\u0131m\u0131z, CEV \u015eampiyonlar Ligi D Grubu 5. hafta ma\u00e7\u0131nda \u0130spanya temsilcisi Tenerife La Laguna\u2019ya konuk olacak. Bu&nbsp;ak\u015fam Santiago Martin Spor Salonu&#8217;nda oynanacak kar\u015f\u0131la\u015fma TS\u0130 21.00&#8217;de ba\u015flayacak. M\u00fccadele Tivibu Spor\u2019dan ekranlara gelecek. \u015eampiyonlar Ligi\u2019ndeki son ma\u00e7\u0131nda Almanya temsilcisi Allianz MTV Stuttgart\u2019\u0131 3-1 ma\u011flup eden Sar\u0131 Melekler, 4 ma\u00e7ta elde etti\u011fi iki galibiyetle [&hellip;]<\/p>\n","protected":false},"author":1,"featured_media":19490,"comment_status":"closed","ping_status":"closed","sticky":false,"template":"","format":"standard","meta":{"jnews-multi-image_gallery":[],"jnews_single_post":[],"jnews_primary_category":[],"jnews_social_meta":[],"jnews_override_counter":[],"footnotes":""},"categories":[2,10,8],"tags":[23,29],"class_list":["post-19940","post","type-post","status-publish","format-standard","has-post-thumbnail","hentry","category-haberler","category-kadin-voleybol","category-voleybol","tag-fenerbahce","tag-voleybol"],"amp_enabled":true,"_links":{"self":[{"href":"https:\/\/www.fener.org\/index.php\/wp-json\/wp\/v2\/posts\/19940","targetHints":{"allow":["GET"]}}],"collection":[{"href":"https:\/\/www.fener.org\/index.php\/wp-json\/wp\/v2\/posts"}],"about":[{"href":"https:\/\/www.fener.org\/index.php\/wp-json\/wp\/v2\/types\/post"}],"author":[{"embeddable":true,"href":"https:\/\/www.fener.org\/index.php\/wp-json\/wp\/v2\/users\/1"}],"replies":[{"embeddable":true,"href":"https:\/\/www.fener.org\/index.php\/wp-json\/wp\/v2\/comments?post=19940"}],"version-history":[{"count":1,"href":"https:\/\/www.fener.org\/index.php\/wp-json\/wp\/v2\/posts\/19940\/revisions"}],"predecessor-version":[{"id":19941,"href":"https:\/\/www.fener.org\/index.php\/wp-json\/wp\/v2\/posts\/19940\/revisions\/19941"}],"wp:featuredmedia":[{"embeddable":true,"href":"https:\/\/www.fener.org\/index.php\/wp-json\/wp\/v2\/media\/19490"}],"wp:attachment":[{"href":"https:\/\/www.fener.org\/index.php\/wp-json\/wp\/v2\/media?parent=19940"}],"wp:term":[{"taxonomy":"category","embeddable":true,"href":"https:\/\/www.fener.org\/index.php\/wp-json\/wp\/v2\/categories?post=19940"},{"taxonomy":"post_tag","embeddable":true,"href":"https:\/\/www.fener.org\/index.php\/wp-json\/wp\/v2\/tags?post=19940"}],"curies":[{"name":"wp","href":"https:\/\/api.w.org\/{rel}","templated":true}]}}