{"id":19845,"date":"2023-01-26T16:01:10","date_gmt":"2023-01-26T13:01:10","guid":{"rendered":"https:\/\/www.fener.org\/?p=19845"},"modified":"2023-01-26T16:01:16","modified_gmt":"2023-01-26T13:01:16","slug":"fenerbahce-akdeniz-kupasi-kurek-yarislarinda-sampiyon-oldu","status":"publish","type":"post","link":"https:\/\/www.fener.org\/index.php\/2023\/01\/26\/fenerbahce-akdeniz-kupasi-kurek-yarislarinda-sampiyon-oldu\/","title":{"rendered":"Fenerbah\u00e7e, Akdeniz Kupas\u0131 K\u00fcrek Yar\u0131\u015flar\u0131\u2019nda \u015fampiyon oldu"},"content":{"rendered":"\n<p>Mu\u011fla\u2019n\u0131n K\u00f6yce\u011fiz il\u00e7esinde d\u00fczenlenen Akdeniz Kupas\u0131 K\u00fcrek Yar\u0131\u015flar\u0131\u2019nda m\u00fccadele eden Fenerbah\u00e7e K\u00fcrek \u015eubemiz erkeklerde 54, kad\u0131nlarda ise 27 puanla \u015fampiyonlu\u011fa ula\u015ft\u0131.<\/p>\n\n\n\n<p>Erkek Tak\u0131m\u0131m\u0131z, b\u00fcy\u00fckler tek \u00e7ifte ve iki tekte birinci olurken, 23 ya\u015f alt\u0131nda iki \u00e7ifte ve tek \u00e7iftede k\u00fcrs\u00fcn\u00fcn ilk, iki tekte ise ikinci basama\u011f\u0131na \u00e7\u0131kt\u0131. K\u00fcrek\u00e7ilerimiz, hafif kilo iki \u00e7iftede de ikinci s\u0131ray\u0131 ald\u0131.<\/p>\n\n\n\n<p>Kad\u0131n Tak\u0131m\u0131m\u0131z ise b\u00fcy\u00fcklerde iki tekte birincilik, tek \u00e7iftede ikincilik elde derken, hafif kilo iki \u00e7iftede birinci oldu.<\/p>\n","protected":false},"excerpt":{"rendered":"<p>Mu\u011fla\u2019n\u0131n K\u00f6yce\u011fiz il\u00e7esinde d\u00fczenlenen Akdeniz Kupas\u0131 K\u00fcrek Yar\u0131\u015flar\u0131\u2019nda m\u00fccadele eden Fenerbah\u00e7e K\u00fcrek \u015eubemiz erkeklerde 54, kad\u0131nlarda ise 27 puanla \u015fampiyonlu\u011fa ula\u015ft\u0131. Erkek Tak\u0131m\u0131m\u0131z, b\u00fcy\u00fckler tek \u00e7ifte ve iki tekte birinci olurken, 23 ya\u015f alt\u0131nda iki \u00e7ifte ve tek \u00e7iftede k\u00fcrs\u00fcn\u00fcn ilk, iki tekte ise ikinci basama\u011f\u0131na \u00e7\u0131kt\u0131. K\u00fcrek\u00e7ilerimiz, hafif kilo iki \u00e7iftede de ikinci s\u0131ray\u0131 [&hellip;]<\/p>\n","protected":false},"author":1,"featured_media":19846,"comment_status":"closed","ping_status":"closed","sticky":false,"template":"","format":"standard","meta":{"jnews-multi-image_gallery":[],"jnews_single_post":{"subtitle":"Akdeniz Kupas\u0131 K\u00fcrek Yar\u0131\u015flar\u0131\u2019nda m\u00fccadele eden Fenerbah\u00e7e K\u00fcrek \u015eubemiz erkeklerde ve kad\u0131nlarda \u015fampiyonlu\u011fa ula\u015ft\u0131.","format":"standard","video":"","gallery":"","source_name":"","source_url":"","via_name":"","via_url":"","override_template":"0","override":[{"template":"1","single_blog_custom":"","parallax":"1","fullscreen":"1","layout":"right-sidebar","sidebar":"mysidebar","second_sidebar":"default-sidebar","sticky_sidebar":"1","share_position":"float","share_float_style":"share-normal","show_share_counter":"1","show_view_counter":"1","show_featured":"1","show_post_meta":"1","show_post_author":"0","show_post_author_image":"1","show_post_date":"1","post_date_format":"default","post_date_format_custom":"Y\/m\/d","show_post_category":"0","show_post_reading_time":"0","post_reading_time_wpm":"300","show_zoom_button":"0","zoom_button_out_step":"2","zoom_button_in_step":"3","show_post_tag":"0","show_prev_next_post":"1","show_popup_post":"0","number_popup_post":"3","show_author_box":"0","show_post_related":"0","show_inline_post_related":"0"}],"override_image_size":"0","image_override":[{"single_post_thumbnail_size":"crop-500","single_post_gallery_size":"crop-500"}],"trending_post":"0","trending_post_position":"meta","trending_post_label":"Trending","sponsored_post":"0","sponsored_post_label":"Sponsored by","sponsored_post_name":"","sponsored_post_url":"","sponsored_post_logo_enable":"0","sponsored_post_logo":"","sponsored_post_desc":"","disable_ad":"0"},"jnews_primary_category":{"id":"11","hide":""},"jnews_social_meta":{"fb_title":"","fb_description":"","fb_image":"","twitter_title":"","twitter_description":"","twitter_image":""},"jnews_override_counter":{"override_view_counter":"0","view_counter_number":"0","override_share_counter":"0","share_counter_number":"0","override_like_counter":"0","like_counter_number":"0","override_dislike_counter":"0","dislike_counter_number":"0"},"footnotes":""},"categories":[2,11],"tags":[23,30],"class_list":["post-19845","post","type-post","status-publish","format-standard","has-post-thumbnail","hentry","category-haberler","category-kurek","tag-fenerbahce","tag-kurek"],"amp_enabled":true,"_links":{"self":[{"href":"https:\/\/www.fener.org\/index.php\/wp-json\/wp\/v2\/posts\/19845","targetHints":{"allow":["GET"]}}],"collection":[{"href":"https:\/\/www.fener.org\/index.php\/wp-json\/wp\/v2\/posts"}],"about":[{"href":"https:\/\/www.fener.org\/index.php\/wp-json\/wp\/v2\/types\/post"}],"author":[{"embeddable":true,"href":"https:\/\/www.fener.org\/index.php\/wp-json\/wp\/v2\/users\/1"}],"replies":[{"embeddable":true,"href":"https:\/\/www.fener.org\/index.php\/wp-json\/wp\/v2\/comments?post=19845"}],"version-history":[{"count":1,"href":"https:\/\/www.fener.org\/index.php\/wp-json\/wp\/v2\/posts\/19845\/revisions"}],"predecessor-version":[{"id":19847,"href":"https:\/\/www.fener.org\/index.php\/wp-json\/wp\/v2\/posts\/19845\/revisions\/19847"}],"wp:featuredmedia":[{"embeddable":true,"href":"https:\/\/www.fener.org\/index.php\/wp-json\/wp\/v2\/media\/19846"}],"wp:attachment":[{"href":"https:\/\/www.fener.org\/index.php\/wp-json\/wp\/v2\/media?parent=19845"}],"wp:term":[{"taxonomy":"category","embeddable":true,"href":"https:\/\/www.fener.org\/index.php\/wp-json\/wp\/v2\/categories?post=19845"},{"taxonomy":"post_tag","embeddable":true,"href":"https:\/\/www.fener.org\/index.php\/wp-json\/wp\/v2\/tags?post=19845"}],"curies":[{"name":"wp","href":"https:\/\/api.w.org\/{rel}","templated":true}]}}