{"id":19826,"date":"2023-01-24T19:12:56","date_gmt":"2023-01-24T16:12:56","guid":{"rendered":"https:\/\/www.fener.org\/?p=19826"},"modified":"2023-01-24T19:13:00","modified_gmt":"2023-01-24T16:13:00","slug":"fenerbahce-petrol-ofisinde-kristen-leigh-ricks-ile-yollar-ayrildi","status":"publish","type":"post","link":"https:\/\/www.fener.org\/index.php\/2023\/01\/24\/fenerbahce-petrol-ofisinde-kristen-leigh-ricks-ile-yollar-ayrildi\/","title":{"rendered":"Fenerbah\u00e7e Petrol Ofisi&#8217;nde Kristen Leigh Ricks ile yollar ayr\u0131ld\u0131"},"content":{"rendered":"\n<p>Fenerbah\u00e7e Petrol Ofisi Kad\u0131n Futbol Tak\u0131m\u0131m\u0131z, Kristen Leigh Ricks&#8217;in ya\u015fad\u0131\u011f\u0131 sakatl\u0131k nedeniyle \u00fclkesi Amerika\u2019da ameliyat olmas\u0131na karar verildi\u011fini ve sporcu ile kar\u015f\u0131l\u0131kl\u0131 anla\u015fma sa\u011flanarak yollar\u0131n ayr\u0131ld\u0131\u011fn\u0131 duyurdu.<\/p>\n\n\n\n<p>Kul\u00fcb\u00fcm\u00fczden yap\u0131lan a\u00e7\u0131klama \u015f\u00f6yle:<\/p>\n\n\n\n<blockquote class=\"wp-block-quote is-layout-flow wp-block-quote-is-layout-flow\">\n<p>Fenerbah\u00e7e Petrol Ofisi Kad\u0131n Futbol Tak\u0131m\u0131m\u0131z\u0131n sporcular\u0131ndan Kristen Leigh Ricks ile ya\u015fad\u0131\u011f\u0131 sakatl\u0131k sonras\u0131nda yollar\u0131m\u0131z kar\u015f\u0131l\u0131kl\u0131 anla\u015fma sa\u011flanarak ayr\u0131lm\u0131\u015ft\u0131r.<br><br>Ayak bile\u011fi ba\u011flar\u0131ndaki sprain ve r\u00fcpt\u00fcrlerden dolay\u0131 oyuncunun kendi tercihi ile \u00fclkesi Amerika\u2019da ameliyat olmas\u0131na karar verilmi\u015ftir.<br><br>Kendisine bug\u00fcne dek verdi\u011fi emekler i\u00e7in te\u015fekk\u00fcr ediyor; bundan sonraki kariyerinde ba\u015far\u0131lar diliyoruz.<br><br><strong>Fenerbah\u00e7e Spor Kul\u00fcb\u00fc<\/strong><\/p>\n<\/blockquote>\n","protected":false},"excerpt":{"rendered":"<p>Fenerbah\u00e7e Petrol Ofisi Kad\u0131n Futbol Tak\u0131m\u0131m\u0131z, Kristen Leigh Ricks&#8217;in ya\u015fad\u0131\u011f\u0131 sakatl\u0131k nedeniyle \u00fclkesi Amerika\u2019da ameliyat olmas\u0131na karar verildi\u011fini ve sporcu ile kar\u015f\u0131l\u0131kl\u0131 anla\u015fma sa\u011flanarak yollar\u0131n ayr\u0131ld\u0131\u011fn\u0131 duyurdu. Kul\u00fcb\u00fcm\u00fczden yap\u0131lan a\u00e7\u0131klama \u015f\u00f6yle: Fenerbah\u00e7e Petrol Ofisi Kad\u0131n Futbol Tak\u0131m\u0131m\u0131z\u0131n sporcular\u0131ndan Kristen Leigh Ricks ile ya\u015fad\u0131\u011f\u0131 sakatl\u0131k sonras\u0131nda yollar\u0131m\u0131z kar\u015f\u0131l\u0131kl\u0131 anla\u015fma sa\u011flanarak ayr\u0131lm\u0131\u015ft\u0131r. Ayak bile\u011fi ba\u011flar\u0131ndaki sprain ve [&hellip;]<\/p>\n","protected":false},"author":1,"featured_media":19828,"comment_status":"closed","ping_status":"closed","sticky":false,"template":"","format":"standard","meta":{"jnews-multi-image_gallery":[],"jnews_single_post":{"subtitle":"Fenerbah\u00e7e Kad\u0131n Futbol Tak\u0131m\u0131m\u0131z, Kristen Leigh Ricks ile yollar\u0131n ayr\u0131ld\u0131\u011f\u0131n\u0131 a\u00e7\u0131klad\u0131.","format":"standard","video":"","gallery":"","source_name":"","source_url":"","via_name":"","via_url":"","override_template":"0","override":[{"template":"1","single_blog_custom":"","parallax":"1","fullscreen":"1","layout":"right-sidebar","sidebar":"mysidebar","second_sidebar":"default-sidebar","sticky_sidebar":"1","share_position":"float","share_float_style":"share-normal","show_share_counter":"1","show_view_counter":"1","show_featured":"1","show_post_meta":"1","show_post_author":"0","show_post_author_image":"1","show_post_date":"1","post_date_format":"default","post_date_format_custom":"Y\/m\/d","show_post_category":"0","show_post_reading_time":"0","post_reading_time_wpm":"300","show_zoom_button":"0","zoom_button_out_step":"2","zoom_button_in_step":"3","show_post_tag":"0","show_prev_next_post":"1","show_popup_post":"0","number_popup_post":"3","show_author_box":"0","show_post_related":"0","show_inline_post_related":"0"}],"override_image_size":"0","image_override":[{"single_post_thumbnail_size":"crop-500","single_post_gallery_size":"crop-500"}],"trending_post":"0","trending_post_position":"meta","trending_post_label":"Trending","sponsored_post":"0","sponsored_post_label":"Sponsored by","sponsored_post_name":"","sponsored_post_url":"","sponsored_post_logo_enable":"0","sponsored_post_logo":"","sponsored_post_desc":"","disable_ad":"0"},"jnews_primary_category":{"id":"4","hide":""},"jnews_social_meta":{"fb_title":"","fb_description":"","fb_image":"","twitter_title":"","twitter_description":"","twitter_image":""},"jnews_override_counter":{"override_view_counter":"0","view_counter_number":"0","override_share_counter":"0","share_counter_number":"0","override_like_counter":"0","like_counter_number":"0","override_dislike_counter":"0","dislike_counter_number":"0"},"footnotes":""},"categories":[4,2,191],"tags":[23,192],"class_list":["post-19826","post","type-post","status-publish","format-standard","has-post-thumbnail","hentry","category-futbol","category-haberler","category-kadin-futbol","tag-fenerbahce","tag-kadinfutbol"],"amp_enabled":true,"_links":{"self":[{"href":"https:\/\/www.fener.org\/index.php\/wp-json\/wp\/v2\/posts\/19826","targetHints":{"allow":["GET"]}}],"collection":[{"href":"https:\/\/www.fener.org\/index.php\/wp-json\/wp\/v2\/posts"}],"about":[{"href":"https:\/\/www.fener.org\/index.php\/wp-json\/wp\/v2\/types\/post"}],"author":[{"embeddable":true,"href":"https:\/\/www.fener.org\/index.php\/wp-json\/wp\/v2\/users\/1"}],"replies":[{"embeddable":true,"href":"https:\/\/www.fener.org\/index.php\/wp-json\/wp\/v2\/comments?post=19826"}],"version-history":[{"count":1,"href":"https:\/\/www.fener.org\/index.php\/wp-json\/wp\/v2\/posts\/19826\/revisions"}],"predecessor-version":[{"id":19829,"href":"https:\/\/www.fener.org\/index.php\/wp-json\/wp\/v2\/posts\/19826\/revisions\/19829"}],"wp:featuredmedia":[{"embeddable":true,"href":"https:\/\/www.fener.org\/index.php\/wp-json\/wp\/v2\/media\/19828"}],"wp:attachment":[{"href":"https:\/\/www.fener.org\/index.php\/wp-json\/wp\/v2\/media?parent=19826"}],"wp:term":[{"taxonomy":"category","embeddable":true,"href":"https:\/\/www.fener.org\/index.php\/wp-json\/wp\/v2\/categories?post=19826"},{"taxonomy":"post_tag","embeddable":true,"href":"https:\/\/www.fener.org\/index.php\/wp-json\/wp\/v2\/tags?post=19826"}],"curies":[{"name":"wp","href":"https:\/\/api.w.org\/{rel}","templated":true}]}}