{"id":19721,"date":"2023-01-18T17:31:40","date_gmt":"2023-01-18T14:31:40","guid":{"rendered":"https:\/\/www.fener.org\/?p=19721"},"modified":"2023-01-18T17:31:44","modified_gmt":"2023-01-18T14:31:44","slug":"fenerbahce-petrol-ofisi-8-0-konak-belediye-spor","status":"publish","type":"post","link":"https:\/\/www.fener.org\/index.php\/2023\/01\/18\/fenerbahce-petrol-ofisi-8-0-konak-belediye-spor\/","title":{"rendered":"Fenerbah\u00e7e Petrol Ofisi 8-0 Konak Belediye Spor"},"content":{"rendered":"\n<p>Fenerbah\u00e7e Petrol Ofisi Kad\u0131n Futbol Tak\u0131m\u0131m\u0131z, Turkcell Kad\u0131n Futbol S\u00fcper Ligi\u2019nin 12. hafta m\u00fccadelesinde Konak Belediye Spor\u2019u a\u011f\u0131rlad\u0131. &nbsp;Ba\u015ftan sona \u00fcst\u00fcn oynad\u0131\u011f\u0131 kar\u015f\u0131la\u015fmadan 8-0 galip ayr\u0131lan Tak\u0131m\u0131m\u0131z, bu sezonki en farkl\u0131 galibiyeti ald\u0131 ve puan\u0131n\u0131 25\u2019e y\u00fckseltti. Gollerimizi Coleman (3), Busem (2), Ecem, Cansu Kara ve Nazl\u0131can kaydetti.<\/p>\n\n\n\n<p>Beylerbeyi 75. Y\u0131l Stad\u0131\u2019nda oynanan ma\u00e7a tak\u0131m\u0131m\u0131z; G\u00f6knur, Cansu K, Narin, Nina, Dembele, Ya\u015fam, Meryem, Ecem, Faustina, Coleman ve Busem on biri ile ba\u015flad\u0131.<\/p>\n\n\n\n<p><strong>Ma\u00e7tan dakikalar:<\/strong><\/p>\n\n\n\n<p>6. dakikada Dembele\u2019nin savunma arkas\u0131na att\u0131\u011f\u0131 uzun topta kaleci ile savunma aras\u0131na giren Coleman, me\u015fin yuvarla\u011f\u0131 a\u011flara g\u00f6nderdi. &nbsp;<\/p>\n\n\n\n<p>21. dakikada Faustina soldan i\u00e7eri girdi ve \u015futunu \u00e7ekti. Kaleciden d\u00f6nen topu Busem a\u011flara g\u00f6nderdi.<\/p>\n\n\n\n<p>49. dakikada soldan Faustina\u2019n\u0131n ta\u015f\u0131d\u0131\u011f\u0131 topla \u00f6n direkte bulu\u015fan Coleman, kendisinin ikinci tak\u0131m\u0131m\u0131z\u0131n \u00fc\u00e7\u00fcnc\u00fc gol\u00fcn\u00fc att\u0131.<\/p>\n\n\n\n<p>50. dakikada Busem ceza alan\u0131 i\u00e7inde topu a\u011flara g\u00f6nderdi ve kendisinin ikinci tak\u0131m\u0131m\u0131z\u0131n d\u00f6rd\u00fcnc\u00fc gol\u00fcn\u00fc kaydetti.<\/p>\n\n\n\n<p>56. dakikada Ecem ceza alan\u0131na i\u00e7ine \u00e7al\u0131mlarla girdi ve topu sol k\u00f6\u015feden a\u011flarla bulu\u015fturdu.<\/p>\n\n\n\n<p>74. dakikada ortada sahadan ald\u0131\u011f\u0131 topu ceza alan\u0131na&nbsp;kadar s\u00fcren ve me\u015fin yuvarla\u011f\u0131 a\u011flara g\u00f6nderen Coleman, kendisinin \u00fc\u00e7\u00fcnc\u00fc tak\u0131m\u0131m\u0131z\u0131n alt\u0131nc\u0131 gol\u00fcn\u00fc att\u0131.<\/p>\n\n\n\n<p>79. dakikada \u00dclk\u00fc\u2019n\u00fcn pas\u0131nda ceza alan\u0131 i\u00e7inde topla bulu\u015fan Cansu Kara, topu a\u011flarla bulu\u015fturdu.<\/p>\n\n\n\n<p>82. dakikada Coleman\u2019\u0131n asistine sahneye \u00e7\u0131kan Nazl\u0131can, skoru 8-0\u2019a getirdi.<br>&nbsp;<br>Fenerbah\u00e7e Petrol Ofisi Kad\u0131n Futbol Tak\u0131m\u0131m\u0131z, 13. hafta ma\u00e7\u0131nda 22 Ocak Pazar g\u00fcn\u00fc deplasmanda Bitexen 1207 Antalyaspor Kad\u0131n Futbol Kul\u00fcb\u00fc\u2019n\u00fc konuk olacak.<\/p>\n","protected":false},"excerpt":{"rendered":"<p>Fenerbah\u00e7e Petrol Ofisi Kad\u0131n Futbol Tak\u0131m\u0131m\u0131z, Turkcell Kad\u0131n Futbol S\u00fcper Ligi\u2019nin 12. hafta m\u00fccadelesinde Konak Belediye Spor\u2019u a\u011f\u0131rlad\u0131. &nbsp;Ba\u015ftan sona \u00fcst\u00fcn oynad\u0131\u011f\u0131 kar\u015f\u0131la\u015fmadan 8-0 galip ayr\u0131lan Tak\u0131m\u0131m\u0131z, bu sezonki en farkl\u0131 galibiyeti ald\u0131 ve puan\u0131n\u0131 25\u2019e y\u00fckseltti. Gollerimizi Coleman (3), Busem (2), Ecem, Cansu Kara ve Nazl\u0131can kaydetti. Beylerbeyi 75. Y\u0131l Stad\u0131\u2019nda oynanan ma\u00e7a tak\u0131m\u0131m\u0131z; [&hellip;]<\/p>\n","protected":false},"author":1,"featured_media":19722,"comment_status":"closed","ping_status":"closed","sticky":false,"template":"","format":"standard","meta":{"jnews-multi-image_gallery":[],"jnews_single_post":{"subtitle":"Fenerbah\u00e7e Kad\u0131n Futbol Tak\u0131m\u0131m\u0131z, Kad\u0131n Futbol S\u00fcper Ligi\u2019nin 12. hafta m\u00fccadelesinde sahas\u0131nda kar\u015f\u0131la\u015ft\u0131\u011f\u0131 Konak Belediye Spor\u2019u 8-0 ma\u011flup etti.","format":"standard","video":"","gallery":"","source_name":"","source_url":"","via_name":"","via_url":"","override_template":"0","override":[{"template":"1","single_blog_custom":"","parallax":"1","fullscreen":"1","layout":"right-sidebar","sidebar":"mysidebar","second_sidebar":"default-sidebar","sticky_sidebar":"1","share_position":"float","share_float_style":"share-normal","show_share_counter":"1","show_view_counter":"1","show_featured":"1","show_post_meta":"1","show_post_author":"0","show_post_author_image":"1","show_post_date":"1","post_date_format":"default","post_date_format_custom":"Y\/m\/d","show_post_category":"0","show_post_reading_time":"0","post_reading_time_wpm":"300","show_zoom_button":"0","zoom_button_out_step":"2","zoom_button_in_step":"3","show_post_tag":"0","show_prev_next_post":"1","show_popup_post":"0","number_popup_post":"3","show_author_box":"0","show_post_related":"0","show_inline_post_related":"0"}],"override_image_size":"0","image_override":[{"single_post_thumbnail_size":"crop-500","single_post_gallery_size":"crop-500"}],"trending_post":"0","trending_post_position":"meta","trending_post_label":"Trending","sponsored_post":"0","sponsored_post_label":"Sponsored by","sponsored_post_name":"","sponsored_post_url":"","sponsored_post_logo_enable":"0","sponsored_post_logo":"","sponsored_post_desc":"","disable_ad":"0"},"jnews_primary_category":{"id":"4","hide":""},"jnews_social_meta":{"fb_title":"","fb_description":"","fb_image":"","twitter_title":"","twitter_description":"","twitter_image":""},"jnews_override_counter":{"override_view_counter":"0","view_counter_number":"0","override_share_counter":"0","share_counter_number":"0","override_like_counter":"0","like_counter_number":"0","override_dislike_counter":"0","dislike_counter_number":"0"},"footnotes":""},"categories":[4,2,191],"tags":[23,192],"class_list":["post-19721","post","type-post","status-publish","format-standard","has-post-thumbnail","hentry","category-futbol","category-haberler","category-kadin-futbol","tag-fenerbahce","tag-kadinfutbol"],"amp_enabled":true,"_links":{"self":[{"href":"https:\/\/www.fener.org\/index.php\/wp-json\/wp\/v2\/posts\/19721","targetHints":{"allow":["GET"]}}],"collection":[{"href":"https:\/\/www.fener.org\/index.php\/wp-json\/wp\/v2\/posts"}],"about":[{"href":"https:\/\/www.fener.org\/index.php\/wp-json\/wp\/v2\/types\/post"}],"author":[{"embeddable":true,"href":"https:\/\/www.fener.org\/index.php\/wp-json\/wp\/v2\/users\/1"}],"replies":[{"embeddable":true,"href":"https:\/\/www.fener.org\/index.php\/wp-json\/wp\/v2\/comments?post=19721"}],"version-history":[{"count":1,"href":"https:\/\/www.fener.org\/index.php\/wp-json\/wp\/v2\/posts\/19721\/revisions"}],"predecessor-version":[{"id":19723,"href":"https:\/\/www.fener.org\/index.php\/wp-json\/wp\/v2\/posts\/19721\/revisions\/19723"}],"wp:featuredmedia":[{"embeddable":true,"href":"https:\/\/www.fener.org\/index.php\/wp-json\/wp\/v2\/media\/19722"}],"wp:attachment":[{"href":"https:\/\/www.fener.org\/index.php\/wp-json\/wp\/v2\/media?parent=19721"}],"wp:term":[{"taxonomy":"category","embeddable":true,"href":"https:\/\/www.fener.org\/index.php\/wp-json\/wp\/v2\/categories?post=19721"},{"taxonomy":"post_tag","embeddable":true,"href":"https:\/\/www.fener.org\/index.php\/wp-json\/wp\/v2\/tags?post=19721"}],"curies":[{"name":"wp","href":"https:\/\/api.w.org\/{rel}","templated":true}]}}