{"id":19541,"date":"2023-01-02T21:29:33","date_gmt":"2023-01-02T18:29:33","guid":{"rendered":"https:\/\/www.fener.org\/?p=19541"},"modified":"2023-01-02T21:29:39","modified_gmt":"2023-01-02T18:29:39","slug":"fenerbahce-antalyaspora-konuk-oluyor-2","status":"publish","type":"post","link":"https:\/\/www.fener.org\/index.php\/2023\/01\/02\/fenerbahce-antalyaspora-konuk-oluyor-2\/","title":{"rendered":"Fenerbah\u00e7e, Antalyaspor\u2019a konuk oluyor"},"content":{"rendered":"\n<p>Fenerbah\u00e7emiz, Spor Toto S\u00fcper Lig 17. hafta ma\u00e7\u0131nda Fraport TAV Antalyaspor\u2019a konuk oluyor. Yar\u0131n (3 Ocak Sal\u0131 g\u00fcn\u00fc) Corendon Airlines Park Antalya Stad\u0131\u2019nda saat 20.00\u2019da ba\u015flayacak kar\u015f\u0131la\u015fma beIN Sports\u2019tan naklen yay\u0131nlanacak. M\u00fcsabakay\u0131 hakem Kadir Sa\u011flam y\u00f6netecek.<br>\u00a0<br>Ligde geride kalan 15 ma\u00e7 sonunda 10 galibiyet, 2 beraberlik, 3 ma\u011flubiyet elde eden Futbol A Tak\u0131m\u0131m\u0131z, 32 puanla ikinci s\u0131rada bulunuyor. 5 galibiyeti,1 beraberli\u011fi, 8 ma\u011flubiyeti bulunan rakibimiz Fraport TAV Antalyaspor ise 16 puanla 14. basamakta yer al\u0131yor.<br>\u00a0<br>Kar\u015f\u0131la\u015fmada hakem Kadir Sa\u011flam d\u00fcd\u00fck \u00e7alacak. Sa\u011flam\u2019\u0131n yard\u0131mc\u0131l\u0131klar\u0131n\u0131 \u0130brahim \u00c7a\u011flar Uyarcan ve Aleks Ta\u015fc\u0131o\u011flu yapacak. M\u00fccadelenin 4. hakemi ise Burak Pakkan.<br><br>Fenerbah\u00e7emizin FTA Antalyaspor ma\u00e7\u0131 kamp kadrosunda \u015fu isimler yer al\u0131yor:<br>\u00a0<br>Altay Bay\u0131nd\u0131r, \u0130rfan Can E\u011fribayat, Osman Ertu\u011frul \u00c7etin, Bright Osayi-Samuel, Serdar Aziz, Attila Szalai, Gustavo Henrique, Ferdi Kad\u0131o\u011flu, Ezgjan Alioski, Willian Arao, \u0130smail Y\u00fcksek, Miguel Crespo, Mert Hakan Yanda\u015f, Miha Zajc, Lincoln Henrique, Arda G\u00fcler, Emre Mor, \u0130rfan Can Kahveci, Diego Rossi, Joshua King, Serdar Dursun, Michy Batshuayi.<br>\u00a0<br>\u0130ki tak\u0131m aras\u0131nda geride kalan 52 ma\u00e7\u0131n 33&#8217;\u00fcn\u00fc Fenerbah\u00e7e, 8&#8217;ini Antalyaspor kazand\u0131, 11 kar\u015f\u0131la\u015fma da berabere tamamland\u0131. Tak\u0131m\u0131m\u0131z\u0131n 93 gol\u00fcne, Akdeniz temsilcisi 44 golle kar\u015f\u0131l\u0131k verdi. Fenerbah\u00e7emiz, Antalya deplasman\u0131ndaki ma\u00e7larda da rakibine galibiyet say\u0131s\u0131nda \u00fcst\u00fcnl\u00fck kurdu. Rakibiyle Antalya&#8217;da yapt\u0131\u011f\u0131 26 ma\u00e7\u0131n 12&#8217;sini kazanan Tak\u0131m\u0131m\u0131z, 9 m\u00fcsabakada berabere kald\u0131, 5 kez de sahadan yenik ayr\u0131ld\u0131. Antalya&#8217;da Fenerbah\u00e7e 34, ev sahibi ekip 24 gol att\u0131.<br>\u00a0<br>Tak\u0131m\u0131m\u0131z\u0131n Antalya&#8217;ya konuk oldu\u011fu 15 Ocak 2022&#8217;deki son lig ma\u00e7\u0131, iki ekibin 1-1 beraberli\u011fiyle sonu\u00e7lanm\u0131\u015ft\u0131.<\/p>\n","protected":false},"excerpt":{"rendered":"<p>Fenerbah\u00e7emiz, Spor Toto S\u00fcper Lig 17. hafta ma\u00e7\u0131nda Fraport TAV Antalyaspor\u2019a konuk oluyor. Yar\u0131n (3 Ocak Sal\u0131 g\u00fcn\u00fc) Corendon Airlines Park Antalya Stad\u0131\u2019nda saat 20.00\u2019da ba\u015flayacak kar\u015f\u0131la\u015fma beIN Sports\u2019tan naklen yay\u0131nlanacak. M\u00fcsabakay\u0131 hakem Kadir Sa\u011flam y\u00f6netecek.\u00a0Ligde geride kalan 15 ma\u00e7 sonunda 10 galibiyet, 2 beraberlik, 3 ma\u011flubiyet elde eden Futbol A Tak\u0131m\u0131m\u0131z, 32 puanla ikinci [&hellip;]<\/p>\n","protected":false},"author":1,"featured_media":18956,"comment_status":"closed","ping_status":"closed","sticky":false,"template":"","format":"standard","meta":{"jnews-multi-image_gallery":[],"jnews_single_post":{"subtitle":"Fenerbah\u00e7e, S\u00fcper Lig'de 17. hafta kar\u015f\u0131la\u015fmas\u0131nda deplasmanda Antalyaspor ile m\u00fccadele edecek.","format":"standard","video":"","gallery":"","source_name":"","source_url":"","via_name":"","via_url":"","override_template":"0","override":[{"template":"1","single_blog_custom":"","parallax":"1","fullscreen":"1","layout":"right-sidebar","sidebar":"mysidebar","second_sidebar":"default-sidebar","sticky_sidebar":"1","share_position":"float","share_float_style":"share-normal","show_share_counter":"1","show_view_counter":"1","show_featured":"1","show_post_meta":"1","show_post_author":"0","show_post_author_image":"1","show_post_date":"1","post_date_format":"default","post_date_format_custom":"Y\/m\/d","show_post_category":"0","show_post_reading_time":"0","post_reading_time_wpm":"300","show_zoom_button":"0","zoom_button_out_step":"2","zoom_button_in_step":"3","show_post_tag":"0","show_prev_next_post":"1","show_popup_post":"0","number_popup_post":"3","show_author_box":"0","show_post_related":"0","show_inline_post_related":"0"}],"override_image_size":"0","image_override":[{"single_post_thumbnail_size":"crop-500","single_post_gallery_size":"crop-500"}],"trending_post":"0","trending_post_position":"meta","trending_post_label":"Trending","sponsored_post":"0","sponsored_post_label":"Sponsored by","sponsored_post_name":"","sponsored_post_url":"","sponsored_post_logo_enable":"0","sponsored_post_logo":"","sponsored_post_desc":"","disable_ad":"0"},"jnews_primary_category":{"id":"4","hide":""},"jnews_social_meta":{"fb_title":"","fb_description":"","fb_image":"","twitter_title":"","twitter_description":"","twitter_image":""},"jnews_override_counter":{"override_view_counter":"0","view_counter_number":"0","override_share_counter":"0","share_counter_number":"0","override_like_counter":"0","like_counter_number":"0","override_dislike_counter":"0","dislike_counter_number":"0"},"footnotes":""},"categories":[4,2,47],"tags":[23,54],"class_list":["post-19541","post","type-post","status-publish","format-standard","has-post-thumbnail","hentry","category-futbol","category-haberler","category-profesyonel-a-futbol-takimi","tag-fenerbahce","tag-futbol"],"amp_enabled":true,"_links":{"self":[{"href":"https:\/\/www.fener.org\/index.php\/wp-json\/wp\/v2\/posts\/19541","targetHints":{"allow":["GET"]}}],"collection":[{"href":"https:\/\/www.fener.org\/index.php\/wp-json\/wp\/v2\/posts"}],"about":[{"href":"https:\/\/www.fener.org\/index.php\/wp-json\/wp\/v2\/types\/post"}],"author":[{"embeddable":true,"href":"https:\/\/www.fener.org\/index.php\/wp-json\/wp\/v2\/users\/1"}],"replies":[{"embeddable":true,"href":"https:\/\/www.fener.org\/index.php\/wp-json\/wp\/v2\/comments?post=19541"}],"version-history":[{"count":1,"href":"https:\/\/www.fener.org\/index.php\/wp-json\/wp\/v2\/posts\/19541\/revisions"}],"predecessor-version":[{"id":19542,"href":"https:\/\/www.fener.org\/index.php\/wp-json\/wp\/v2\/posts\/19541\/revisions\/19542"}],"wp:featuredmedia":[{"embeddable":true,"href":"https:\/\/www.fener.org\/index.php\/wp-json\/wp\/v2\/media\/18956"}],"wp:attachment":[{"href":"https:\/\/www.fener.org\/index.php\/wp-json\/wp\/v2\/media?parent=19541"}],"wp:term":[{"taxonomy":"category","embeddable":true,"href":"https:\/\/www.fener.org\/index.php\/wp-json\/wp\/v2\/categories?post=19541"},{"taxonomy":"post_tag","embeddable":true,"href":"https:\/\/www.fener.org\/index.php\/wp-json\/wp\/v2\/tags?post=19541"}],"curies":[{"name":"wp","href":"https:\/\/api.w.org\/{rel}","templated":true}]}}