{"id":19388,"date":"2022-12-18T20:04:46","date_gmt":"2022-12-18T17:04:46","guid":{"rendered":"https:\/\/www.fener.org\/?p=19388"},"modified":"2022-12-18T20:04:52","modified_gmt":"2022-12-18T17:04:52","slug":"yelkecimiz-nazli-cagla-donertastan-altin-madalya","status":"publish","type":"post","link":"https:\/\/www.fener.org\/index.php\/2022\/12\/18\/yelkecimiz-nazli-cagla-donertastan-altin-madalya\/","title":{"rendered":"Yelkecimiz Nazl\u0131 \u00c7a\u011fla D\u00f6nerta\u015f&#8217;tan alt\u0131n madalya"},"content":{"rendered":"\n<p>Olimpik sporcumuz Nazl\u0131 \u00c7a\u011fla D\u00f6nerta\u015f, 15-19 Aral\u0131k tarihleri aras\u0131nda Sydney\/Avustralya&#8217;da ger\u00e7ekle\u015fen Sail Sydney Regatta yar\u0131\u015flar\u0131nda ILCA 6 s\u0131n\u0131f\u0131nda g\u00f6sterdi\u011fi ba\u015far\u0131l\u0131 performansla alt\u0131n madalya kazand\u0131.<\/p>\n","protected":false},"excerpt":{"rendered":"<p>Olimpik sporcumuz Nazl\u0131 \u00c7a\u011fla D\u00f6nerta\u015f, 15-19 Aral\u0131k tarihleri aras\u0131nda Sydney\/Avustralya&#8217;da ger\u00e7ekle\u015fen Sail Sydney Regatta yar\u0131\u015flar\u0131nda ILCA 6 s\u0131n\u0131f\u0131nda g\u00f6sterdi\u011fi ba\u015far\u0131l\u0131 performansla alt\u0131n madalya kazand\u0131.<\/p>\n","protected":false},"author":1,"featured_media":19389,"comment_status":"closed","ping_status":"closed","sticky":false,"template":"","format":"standard","meta":{"jnews-multi-image_gallery":[],"jnews_single_post":[],"jnews_primary_category":[],"jnews_social_meta":[],"jnews_override_counter":[],"footnotes":""},"categories":[2,12],"tags":[23,31],"class_list":["post-19388","post","type-post","status-publish","format-standard","has-post-thumbnail","hentry","category-haberler","category-yelken","tag-fenerbahce","tag-yelken"],"amp_enabled":true,"_links":{"self":[{"href":"https:\/\/www.fener.org\/index.php\/wp-json\/wp\/v2\/posts\/19388","targetHints":{"allow":["GET"]}}],"collection":[{"href":"https:\/\/www.fener.org\/index.php\/wp-json\/wp\/v2\/posts"}],"about":[{"href":"https:\/\/www.fener.org\/index.php\/wp-json\/wp\/v2\/types\/post"}],"author":[{"embeddable":true,"href":"https:\/\/www.fener.org\/index.php\/wp-json\/wp\/v2\/users\/1"}],"replies":[{"embeddable":true,"href":"https:\/\/www.fener.org\/index.php\/wp-json\/wp\/v2\/comments?post=19388"}],"version-history":[{"count":1,"href":"https:\/\/www.fener.org\/index.php\/wp-json\/wp\/v2\/posts\/19388\/revisions"}],"predecessor-version":[{"id":19390,"href":"https:\/\/www.fener.org\/index.php\/wp-json\/wp\/v2\/posts\/19388\/revisions\/19390"}],"wp:featuredmedia":[{"embeddable":true,"href":"https:\/\/www.fener.org\/index.php\/wp-json\/wp\/v2\/media\/19389"}],"wp:attachment":[{"href":"https:\/\/www.fener.org\/index.php\/wp-json\/wp\/v2\/media?parent=19388"}],"wp:term":[{"taxonomy":"category","embeddable":true,"href":"https:\/\/www.fener.org\/index.php\/wp-json\/wp\/v2\/categories?post=19388"},{"taxonomy":"post_tag","embeddable":true,"href":"https:\/\/www.fener.org\/index.php\/wp-json\/wp\/v2\/tags?post=19388"}],"curies":[{"name":"wp","href":"https:\/\/api.w.org\/{rel}","templated":true}]}}