{"id":19311,"date":"2022-12-11T08:31:37","date_gmt":"2022-12-11T05:31:37","guid":{"rendered":"https:\/\/www.fener.org\/?p=19311"},"modified":"2022-12-11T08:31:43","modified_gmt":"2022-12-11T05:31:43","slug":"fenerbahce-petrol-ofisi-amed-sportif-faaliyetlere-konuk-oluyor","status":"publish","type":"post","link":"https:\/\/www.fener.org\/index.php\/2022\/12\/11\/fenerbahce-petrol-ofisi-amed-sportif-faaliyetlere-konuk-oluyor\/","title":{"rendered":"Fenerbah\u00e7e Petrol Ofisi, Amed Sportif Faaliyetler\u2019e konuk oluyor"},"content":{"rendered":"\n<p>Fenerbah\u00e7e Petrol Ofisi Kad\u0131n Futbol Tak\u0131m\u0131m\u0131z, Kad\u0131n Futbol S\u00fcper Ligi 8. hafta m\u00fccadelesinde bug\u00fcn (11 Aral\u0131k Pazar g\u00fcn\u00fc) saat 12.00\u2019da, Amedspor Tesisleri Sentetik Sahas\u0131nda, Amed Sportif Faaliyetler\u2019e konuk olacak. M\u00fccadele FB TV&#8217;den canl\u0131 yay\u0131nlanacak.<\/p>\n\n\n\n<p>Fenerbah\u00e7e Petrol Ofisi Kad\u0131n Futbol Tak\u0131m\u0131m\u0131z ligde ilk 7 haftada 6 galibiyet, 1 ma\u011flubiyet ald\u0131 ve haftaya 3. basamakta girdi. Rakip filelere 27 gol atan Ekibimiz, kalesindeyse 5 gol g\u00f6rd\u00fc.<\/p>\n\n\n\n<p>Rakibimiz Amed Sportif Faaliyetler ise 7 puanla 5. s\u0131rada yer al\u0131yor.<\/p>\n\n\n\n<p>Kad\u0131n Futbol Tak\u0131m\u0131m\u0131z, ge\u00e7ti\u011fimiz sezon rakibiyle oynad\u0131\u011f\u0131 iki ma\u00e7\u0131 da 3-1 ve 2-1\u2019lik skorlarla kazanm\u0131\u015ft\u0131.&nbsp;<\/p>\n","protected":false},"excerpt":{"rendered":"<p>Fenerbah\u00e7e Petrol Ofisi Kad\u0131n Futbol Tak\u0131m\u0131m\u0131z, Kad\u0131n Futbol S\u00fcper Ligi 8. hafta m\u00fccadelesinde bug\u00fcn (11 Aral\u0131k Pazar g\u00fcn\u00fc) saat 12.00\u2019da, Amedspor Tesisleri Sentetik Sahas\u0131nda, Amed Sportif Faaliyetler\u2019e konuk olacak. M\u00fccadele FB TV&#8217;den canl\u0131 yay\u0131nlanacak. Fenerbah\u00e7e Petrol Ofisi Kad\u0131n Futbol Tak\u0131m\u0131m\u0131z ligde ilk 7 haftada 6 galibiyet, 1 ma\u011flubiyet ald\u0131 ve haftaya 3. basamakta girdi. Rakip [&hellip;]<\/p>\n","protected":false},"author":1,"featured_media":19091,"comment_status":"closed","ping_status":"closed","sticky":false,"template":"","format":"standard","meta":{"jnews-multi-image_gallery":[],"jnews_single_post":{"subtitle":"Fenerbah\u00e7e Kad\u0131n Futbol Tak\u0131m\u0131m\u0131z, Kad\u0131n Futbol S\u00fcper Ligi\u2019nde 8. hafta m\u00fccadelesinde deplasmanda Amed Sportif Faaliyetler ile kar\u015f\u0131la\u015f\u0131yor.","format":"standard","video":"","gallery":"","source_name":"","source_url":"","via_name":"","via_url":"","override_template":"0","override":[{"template":"1","single_blog_custom":"","parallax":"1","fullscreen":"1","layout":"right-sidebar","sidebar":"mysidebar","second_sidebar":"default-sidebar","sticky_sidebar":"1","share_position":"float","share_float_style":"share-normal","show_share_counter":"1","show_view_counter":"1","show_featured":"1","show_post_meta":"1","show_post_author":"0","show_post_author_image":"1","show_post_date":"1","post_date_format":"default","post_date_format_custom":"Y\/m\/d","show_post_category":"0","show_post_reading_time":"0","post_reading_time_wpm":"300","show_zoom_button":"0","zoom_button_out_step":"2","zoom_button_in_step":"3","show_post_tag":"0","show_prev_next_post":"1","show_popup_post":"0","number_popup_post":"3","show_author_box":"0","show_post_related":"0","show_inline_post_related":"0"}],"override_image_size":"0","image_override":[{"single_post_thumbnail_size":"crop-500","single_post_gallery_size":"crop-500"}],"trending_post":"0","trending_post_position":"meta","trending_post_label":"Trending","sponsored_post":"0","sponsored_post_label":"Sponsored by","sponsored_post_name":"","sponsored_post_url":"","sponsored_post_logo_enable":"0","sponsored_post_logo":"","sponsored_post_desc":"","disable_ad":"0"},"jnews_primary_category":{"id":"4","hide":""},"jnews_social_meta":{"fb_title":"","fb_description":"","fb_image":"","twitter_title":"","twitter_description":"","twitter_image":""},"jnews_override_counter":{"override_view_counter":"0","view_counter_number":"0","override_share_counter":"0","share_counter_number":"0","override_like_counter":"0","like_counter_number":"0","override_dislike_counter":"0","dislike_counter_number":"0"},"footnotes":""},"categories":[4,2,191],"tags":[23,192],"class_list":["post-19311","post","type-post","status-publish","format-standard","has-post-thumbnail","hentry","category-futbol","category-haberler","category-kadin-futbol","tag-fenerbahce","tag-kadinfutbol"],"amp_enabled":true,"_links":{"self":[{"href":"https:\/\/www.fener.org\/index.php\/wp-json\/wp\/v2\/posts\/19311","targetHints":{"allow":["GET"]}}],"collection":[{"href":"https:\/\/www.fener.org\/index.php\/wp-json\/wp\/v2\/posts"}],"about":[{"href":"https:\/\/www.fener.org\/index.php\/wp-json\/wp\/v2\/types\/post"}],"author":[{"embeddable":true,"href":"https:\/\/www.fener.org\/index.php\/wp-json\/wp\/v2\/users\/1"}],"replies":[{"embeddable":true,"href":"https:\/\/www.fener.org\/index.php\/wp-json\/wp\/v2\/comments?post=19311"}],"version-history":[{"count":1,"href":"https:\/\/www.fener.org\/index.php\/wp-json\/wp\/v2\/posts\/19311\/revisions"}],"predecessor-version":[{"id":19312,"href":"https:\/\/www.fener.org\/index.php\/wp-json\/wp\/v2\/posts\/19311\/revisions\/19312"}],"wp:featuredmedia":[{"embeddable":true,"href":"https:\/\/www.fener.org\/index.php\/wp-json\/wp\/v2\/media\/19091"}],"wp:attachment":[{"href":"https:\/\/www.fener.org\/index.php\/wp-json\/wp\/v2\/media?parent=19311"}],"wp:term":[{"taxonomy":"category","embeddable":true,"href":"https:\/\/www.fener.org\/index.php\/wp-json\/wp\/v2\/categories?post=19311"},{"taxonomy":"post_tag","embeddable":true,"href":"https:\/\/www.fener.org\/index.php\/wp-json\/wp\/v2\/tags?post=19311"}],"curies":[{"name":"wp","href":"https:\/\/api.w.org\/{rel}","templated":true}]}}