{"id":19278,"date":"2022-12-09T00:10:00","date_gmt":"2022-12-08T21:10:00","guid":{"rendered":"https:\/\/www.fener.org\/?p=19278"},"modified":"2022-12-09T13:45:56","modified_gmt":"2022-12-09T10:45:56","slug":"dimitris-itoudis-oyuncularimi-tebrik-ediyorum","status":"publish","type":"post","link":"https:\/\/www.fener.org\/index.php\/2022\/12\/09\/dimitris-itoudis-oyuncularimi-tebrik-ediyorum\/","title":{"rendered":"Dimitris Itoudis: Oyuncular\u0131m\u0131 tebrik ediyorum"},"content":{"rendered":"\n<p>Fenerbah\u00e7e Beko Ba\u015fantren\u00f6r\u00fcm Dimitris Itoudis, Tak\u0131m\u0131m\u0131z\u0131n deplasmanda Alba Berlin\u2019i 104-75 yendi\u011fi ma\u00e7\u0131n ard\u0131ndan yay\u0131nc\u0131 kurulu\u015fa yapt\u0131\u011f\u0131 de\u011ferledirmede \u015funlar\u0131 s\u00f6yledi:<\/p>\n\n\n\n<blockquote class=\"wp-block-quote is-layout-flow wp-block-quote-is-layout-flow\"><p>\u201dOyuncular\u0131m\u0131 tebrik ediyorum. Ge\u00e7en haftaki ma\u011flubiyetten sonra reaksiyon g\u00f6sterdiler. Savunmada iyi i\u015f \u00e7\u0131kartt\u0131k, ribauntlar\u0131 domine ettik. Topu payla\u015ft\u0131k, \u00e7ok asist yapt\u0131k. Tek k\u00f6t\u00fc taraf bug\u00fcn 22 top kayb\u0131m\u0131z olmas\u0131yd\u0131. Top kayb\u0131n\u0131 biraz daha az yapsak, bug\u00fcnk\u00fc performans\u0131m\u0131zla 30 \u00fczeri asistle de ma\u00e7\u0131 bitirebilirdik. Onlar\u0131n agresif savunmas\u0131 sebebiyle ma\u00e7 ba\u015f\u0131nda \u00e7ok da iyi de\u011fildik ve bizim ad\u0131m\u0131za top kay\u0131plar\u0131 oldu.<\/p><p>Sonu\u00e7ta bu bir sinerji sporu. Bir \u015feyleri payla\u015fmak gerekiyor. Topu payla\u015ft\u0131\u011f\u0131m\u0131zda bir yerlerde avantaj buluruz. Devre aras\u0131nda \u00e7ift haneli farkla \u00f6nde olsak da \u00fc\u00e7\u00fcnc\u00fc periyotta o b\u00f6l\u00fcm\u00fc geride b\u0131rak\u0131p devam etmemiz gerekiyordu. Alba Berlin inat\u00e7\u0131 bir tak\u0131m.<\/p><p>Taraftarlar\u0131m\u0131za da te\u015fekk\u00fcr ediyorum. Bize evimizde oynuyor gibi hissettirdiler. Te\u015fekk\u00fcrler.\u201d<\/p><\/blockquote>\n","protected":false},"excerpt":{"rendered":"<p>Fenerbah\u00e7e Beko Ba\u015fantren\u00f6r\u00fcm Dimitris Itoudis, Tak\u0131m\u0131m\u0131z\u0131n deplasmanda Alba Berlin\u2019i 104-75 yendi\u011fi ma\u00e7\u0131n ard\u0131ndan yay\u0131nc\u0131 kurulu\u015fa yapt\u0131\u011f\u0131 de\u011ferledirmede \u015funlar\u0131 s\u00f6yledi: \u201dOyuncular\u0131m\u0131 tebrik ediyorum. Ge\u00e7en haftaki ma\u011flubiyetten sonra reaksiyon g\u00f6sterdiler. Savunmada iyi i\u015f \u00e7\u0131kartt\u0131k, ribauntlar\u0131 domine ettik. Topu payla\u015ft\u0131k, \u00e7ok asist yapt\u0131k. Tek k\u00f6t\u00fc taraf bug\u00fcn 22 top kayb\u0131m\u0131z olmas\u0131yd\u0131. Top kayb\u0131n\u0131 biraz daha az yapsak, bug\u00fcnk\u00fc [&hellip;]<\/p>\n","protected":false},"author":1,"featured_media":19177,"comment_status":"closed","ping_status":"closed","sticky":false,"template":"","format":"standard","meta":{"jnews-multi-image_gallery":[],"jnews_single_post":{"subtitle":"Ba\u015fantren\u00f6r\u00fcm\u00fcz Dimitris Itoudis, EuroLeague'de 12. hafta ma\u00e7\u0131nda Alba Berlin ile deplasmanda oynanan m\u00fccadelenin ard\u0131ndan a\u00e7\u0131klamalarda bulundu.","format":"standard","video":"","gallery":"","source_name":"","source_url":"","via_name":"","via_url":"","override_template":"0","override":[{"template":"1","single_blog_custom":"","parallax":"1","fullscreen":"1","layout":"right-sidebar","sidebar":"mysidebar","second_sidebar":"default-sidebar","sticky_sidebar":"1","share_position":"float","share_float_style":"share-normal","show_share_counter":"1","show_view_counter":"1","show_featured":"1","show_post_meta":"1","show_post_author":"0","show_post_author_image":"1","show_post_date":"1","post_date_format":"default","post_date_format_custom":"Y\/m\/d","show_post_category":"0","show_post_reading_time":"0","post_reading_time_wpm":"300","show_zoom_button":"0","zoom_button_out_step":"2","zoom_button_in_step":"3","show_post_tag":"0","show_prev_next_post":"1","show_popup_post":"0","number_popup_post":"3","show_author_box":"0","show_post_related":"0","show_inline_post_related":"0"}],"override_image_size":"0","image_override":[{"single_post_thumbnail_size":"crop-500","single_post_gallery_size":"crop-500"}],"trending_post":"0","trending_post_position":"meta","trending_post_label":"Trending","sponsored_post":"0","sponsored_post_label":"Sponsored by","sponsored_post_name":"","sponsored_post_url":"","sponsored_post_logo_enable":"0","sponsored_post_logo":"","sponsored_post_desc":"","disable_ad":"0"},"jnews_primary_category":{"id":"5"},"jnews_social_meta":{"fb_title":"","fb_description":"","fb_image":"","twitter_title":"","twitter_description":"","twitter_image":""},"jnews_override_counter":{"override_view_counter":"0","view_counter_number":"0","override_share_counter":"0","share_counter_number":"0","override_like_counter":"0","like_counter_number":"0","override_dislike_counter":"0","dislike_counter_number":"0"},"footnotes":""},"categories":[5,6,2],"tags":[24,23],"class_list":["post-19278","post","type-post","status-publish","format-standard","has-post-thumbnail","hentry","category-basketbol","category-erkek-basketbol","category-haberler","tag-basketbol","tag-fenerbahce"],"amp_enabled":true,"_links":{"self":[{"href":"https:\/\/www.fener.org\/index.php\/wp-json\/wp\/v2\/posts\/19278","targetHints":{"allow":["GET"]}}],"collection":[{"href":"https:\/\/www.fener.org\/index.php\/wp-json\/wp\/v2\/posts"}],"about":[{"href":"https:\/\/www.fener.org\/index.php\/wp-json\/wp\/v2\/types\/post"}],"author":[{"embeddable":true,"href":"https:\/\/www.fener.org\/index.php\/wp-json\/wp\/v2\/users\/1"}],"replies":[{"embeddable":true,"href":"https:\/\/www.fener.org\/index.php\/wp-json\/wp\/v2\/comments?post=19278"}],"version-history":[{"count":1,"href":"https:\/\/www.fener.org\/index.php\/wp-json\/wp\/v2\/posts\/19278\/revisions"}],"predecessor-version":[{"id":19279,"href":"https:\/\/www.fener.org\/index.php\/wp-json\/wp\/v2\/posts\/19278\/revisions\/19279"}],"wp:featuredmedia":[{"embeddable":true,"href":"https:\/\/www.fener.org\/index.php\/wp-json\/wp\/v2\/media\/19177"}],"wp:attachment":[{"href":"https:\/\/www.fener.org\/index.php\/wp-json\/wp\/v2\/media?parent=19278"}],"wp:term":[{"taxonomy":"category","embeddable":true,"href":"https:\/\/www.fener.org\/index.php\/wp-json\/wp\/v2\/categories?post=19278"},{"taxonomy":"post_tag","embeddable":true,"href":"https:\/\/www.fener.org\/index.php\/wp-json\/wp\/v2\/tags?post=19278"}],"curies":[{"name":"wp","href":"https:\/\/api.w.org\/{rel}","templated":true}]}}