{"id":19218,"date":"2022-12-03T11:44:12","date_gmt":"2022-12-03T08:44:12","guid":{"rendered":"https:\/\/www.fener.org\/?p=19218"},"modified":"2022-12-03T11:44:16","modified_gmt":"2022-12-03T08:44:16","slug":"yelkencilerimiz-tyf-yelken-ligi-1-ayak-yarislarinda-sampiyon-oldu","status":"publish","type":"post","link":"https:\/\/www.fener.org\/index.php\/2022\/12\/03\/yelkencilerimiz-tyf-yelken-ligi-1-ayak-yarislarinda-sampiyon-oldu\/","title":{"rendered":"Yelkencilerimiz, TYF Yelken Ligi 1. Ayak yar\u0131\u015flar\u0131nda \u015fampiyon oldu"},"content":{"rendered":"\n<p>Yelkencilerimiz, 26 Kas\u0131m- 02 Aral\u0131k tarihleri aras\u0131nda Bal\u0131kesir\/Ayval\u0131k\u2019ta d\u00fczenlenen TYF Yelken Ligi 1. Ayak yar\u0131\u015flar\u0131nda Ilca kategorisinde m\u00fccadele ettiler. Ayn\u0131 zamanda milli tak\u0131m se\u00e7me yar\u0131\u015flar\u0131 olmas\u0131 ad\u0131na da \u00f6nem ta\u015f\u0131yan m\u00fcsabakalar sonunda Fenerbah\u00e7e Do\u011fu\u015f Yelken\u2019in ba\u015far\u0131l\u0131 sporcular\u0131, Ilca 4, Ilca 6 ve Ilca 7 s\u0131n\u0131flar\u0131n\u0131n hepsinde \u015fampiyonluk ipini g\u00f6\u011f\u00fcsledi.<br><br>Ilca 4 genel, Ilca 6 genel ve Ilca 7 genel klasmanda b\u00fct\u00fcn alt\u0131n madalyalar\u0131n ilk defa tek bir kul\u00fcp taraf\u0131ndan kazan\u0131ld\u0131\u011f\u0131 yar\u0131\u015flar bu anlamda Fenerbah\u00e7e Do\u011fu\u015f Yelken\u2019i ayr\u0131 bir noktaya \u00e7\u0131kartt\u0131.<br><br><strong>TYF Yelken Ligi 1. Ayak yar\u0131\u015flar\u0131nda al\u0131nan dereceler \u015fu \u015fekilde:<\/strong><br><br><strong>Ilca 4 Genel Klasman:<\/strong><br><br>Fahri Can Tatl\u0131can (1.)<br>Kerem Sungun (5.)<br><br><strong>Ilca 4 K\u0131zlar Klasman\u0131:<\/strong><br><br>Asya \u015eakakl\u0131 (1.)<br>Defne Ko\u00e7 (3.)<br><br><strong>Ilca 6 Genel Klasman:<\/strong><br><br>Nazl\u0131 \u00c7a\u011fla D\u00f6nerta\u015f (1.)<br><br><strong>Ilca 6 Kad\u0131nlar Klasman\u0131:<\/strong><br><br>Nazl\u0131 \u00c7a\u011fla D\u00f6nerta\u015f (1.)<br><br><strong>Ilca 7 Genel Klasman:<\/strong><br><br>Yi\u011fit Yal\u00e7\u0131n \u00c7\u0131tak (1.)<br>Berkay Abay (2.)<br><br><strong>Ilca 7 Gen\u00e7ler Klasman\u0131:<\/strong><br><br>Sinan Mumcu (3.)<\/p>\n","protected":false},"excerpt":{"rendered":"<p>Yelkencilerimiz, 26 Kas\u0131m- 02 Aral\u0131k tarihleri aras\u0131nda Bal\u0131kesir\/Ayval\u0131k\u2019ta d\u00fczenlenen TYF Yelken Ligi 1. Ayak yar\u0131\u015flar\u0131nda Ilca kategorisinde m\u00fccadele ettiler. Ayn\u0131 zamanda milli tak\u0131m se\u00e7me yar\u0131\u015flar\u0131 olmas\u0131 ad\u0131na da \u00f6nem ta\u015f\u0131yan m\u00fcsabakalar sonunda Fenerbah\u00e7e Do\u011fu\u015f Yelken\u2019in ba\u015far\u0131l\u0131 sporcular\u0131, Ilca 4, Ilca 6 ve Ilca 7 s\u0131n\u0131flar\u0131n\u0131n hepsinde \u015fampiyonluk ipini g\u00f6\u011f\u00fcsledi. Ilca 4 genel, Ilca 6 genel [&hellip;]<\/p>\n","protected":false},"author":1,"featured_media":19219,"comment_status":"closed","ping_status":"closed","sticky":false,"template":"","format":"standard","meta":{"jnews-multi-image_gallery":[],"jnews_single_post":{"subtitle":"","format":"standard","video":"","gallery":"","source_name":"","source_url":"","via_name":"","via_url":"","override_template":"0","override":[{"template":"1","single_blog_custom":"","parallax":"1","fullscreen":"1","layout":"right-sidebar","sidebar":"mysidebar","second_sidebar":"default-sidebar","sticky_sidebar":"1","share_position":"float","share_float_style":"share-normal","show_share_counter":"1","show_view_counter":"1","show_featured":"1","show_post_meta":"1","show_post_author":"0","show_post_author_image":"1","show_post_date":"1","post_date_format":"default","post_date_format_custom":"Y\/m\/d","show_post_category":"0","show_post_reading_time":"0","post_reading_time_wpm":"300","show_zoom_button":"0","zoom_button_out_step":"2","zoom_button_in_step":"3","show_post_tag":"0","show_prev_next_post":"1","show_popup_post":"0","number_popup_post":"3","show_author_box":"0","show_post_related":"0","show_inline_post_related":"0"}],"override_image_size":"0","image_override":[{"single_post_thumbnail_size":"crop-500","single_post_gallery_size":"crop-500"}],"trending_post":"0","trending_post_position":"meta","trending_post_label":"Trending","sponsored_post":"0","sponsored_post_label":"Sponsored by","sponsored_post_name":"","sponsored_post_url":"","sponsored_post_logo_enable":"0","sponsored_post_logo":"","sponsored_post_desc":"","disable_ad":"0"},"jnews_primary_category":{"id":"12"},"jnews_social_meta":{"fb_title":"","fb_description":"","fb_image":"","twitter_title":"","twitter_description":"","twitter_image":""},"jnews_override_counter":{"override_view_counter":"0","view_counter_number":"0","override_share_counter":"0","share_counter_number":"0","override_like_counter":"0","like_counter_number":"0","override_dislike_counter":"0","dislike_counter_number":"0"},"footnotes":""},"categories":[2,12],"tags":[23,31],"class_list":["post-19218","post","type-post","status-publish","format-standard","has-post-thumbnail","hentry","category-haberler","category-yelken","tag-fenerbahce","tag-yelken"],"amp_enabled":true,"_links":{"self":[{"href":"https:\/\/www.fener.org\/index.php\/wp-json\/wp\/v2\/posts\/19218","targetHints":{"allow":["GET"]}}],"collection":[{"href":"https:\/\/www.fener.org\/index.php\/wp-json\/wp\/v2\/posts"}],"about":[{"href":"https:\/\/www.fener.org\/index.php\/wp-json\/wp\/v2\/types\/post"}],"author":[{"embeddable":true,"href":"https:\/\/www.fener.org\/index.php\/wp-json\/wp\/v2\/users\/1"}],"replies":[{"embeddable":true,"href":"https:\/\/www.fener.org\/index.php\/wp-json\/wp\/v2\/comments?post=19218"}],"version-history":[{"count":1,"href":"https:\/\/www.fener.org\/index.php\/wp-json\/wp\/v2\/posts\/19218\/revisions"}],"predecessor-version":[{"id":19220,"href":"https:\/\/www.fener.org\/index.php\/wp-json\/wp\/v2\/posts\/19218\/revisions\/19220"}],"wp:featuredmedia":[{"embeddable":true,"href":"https:\/\/www.fener.org\/index.php\/wp-json\/wp\/v2\/media\/19219"}],"wp:attachment":[{"href":"https:\/\/www.fener.org\/index.php\/wp-json\/wp\/v2\/media?parent=19218"}],"wp:term":[{"taxonomy":"category","embeddable":true,"href":"https:\/\/www.fener.org\/index.php\/wp-json\/wp\/v2\/categories?post=19218"},{"taxonomy":"post_tag","embeddable":true,"href":"https:\/\/www.fener.org\/index.php\/wp-json\/wp\/v2\/tags?post=19218"}],"curies":[{"name":"wp","href":"https:\/\/api.w.org\/{rel}","templated":true}]}}