{"id":19033,"date":"2022-11-15T08:07:55","date_gmt":"2022-11-15T05:07:55","guid":{"rendered":"https:\/\/www.fener.org\/?p=19033"},"modified":"2022-11-15T08:07:59","modified_gmt":"2022-11-15T05:07:59","slug":"fenerbahce-alagoz-holding-virtus-segafredo-bolognaya-konuk-oluyor","status":"publish","type":"post","link":"https:\/\/www.fener.org\/index.php\/2022\/11\/15\/fenerbahce-alagoz-holding-virtus-segafredo-bolognaya-konuk-oluyor\/","title":{"rendered":"Fenerbah\u00e7e Alag\u00f6z Holding, Virtus Segafredo Bologna\u2019ya konuk oluyor"},"content":{"rendered":"\n<p>Fenerbah\u00e7e Kad\u0131n Basketbol Tak\u0131m\u0131m\u0131z, EuroLeague Women 4. hafta m\u00fccadelesinde deplasmanda Virtus Segafredo Bologna<br>ile kar\u015f\u0131la\u015f\u0131yor.<\/p>\n\n\n\n<p>Fenerbah\u00e7e Alag\u00f6z Holding Kad\u0131n Basketbol Tak\u0131m\u0131m\u0131z, EuroLeague Women 4. hafta m\u00fccadelesinde \u0130talya temsilcisi Virtus Segafredo Bologna\u2019ya konuk oluyor. Bug\u00fcn (15 Kas\u0131m Sal\u0131 g\u00fcn\u00fc) PalaDozza\u2019da oynanacak m\u00fccadele saat 22.30\u2019da ba\u015flayacak ve FBTV\u2019den canl\u0131 yay\u0131nlanacak.<\/p>\n\n\n\n<p>Potan\u0131n Krali\u00e7eleri, EuroLeague Women \u00fc\u00e7\u00fcnc\u00fc hafta ma\u00e7\u0131nda Metro Enerji Salonu\u2019nda konuk etti\u011fi Olympiacos SFP\u2019yi 95-89\u2019luk skorla ma\u011flup ederek bu sezon Avrupa arenas\u0131nda ilk galibiyetini alm\u0131\u015ft\u0131.<\/p>\n\n\n\n<p>EuroLeague Women\u2019da geride b\u0131rakt\u0131\u011f\u0131m\u0131z \u00fc\u00e7 haftada Valencia ve Tango Bourges Basket\u2019e ma\u011flup olan Virtus, BC Polkowice\u2019yi deplasmanda 88-69\u2019luk skorla ma\u011flup etmeyi ba\u015farm\u0131\u015ft\u0131. Ivana Dojkic, \u00fcretti\u011fi 24 say\u0131 ile ma\u00e7\u0131n en skorer oyuncusu olmu\u015ftu.<\/p>\n\n\n\n<p>\u00dc\u00e7 ma\u00e7ta iki ma\u011flubiyet bir galibiyet alan rakibimiz A Grubu\u2019nda 4 puanla 7. s\u0131rada yer al\u0131yor.<\/p>\n","protected":false},"excerpt":{"rendered":"<p>Fenerbah\u00e7e Kad\u0131n Basketbol Tak\u0131m\u0131m\u0131z, EuroLeague Women 4. hafta m\u00fccadelesinde deplasmanda Virtus Segafredo Bolognaile kar\u015f\u0131la\u015f\u0131yor. Fenerbah\u00e7e Alag\u00f6z Holding Kad\u0131n Basketbol Tak\u0131m\u0131m\u0131z, EuroLeague Women 4. hafta m\u00fccadelesinde \u0130talya temsilcisi Virtus Segafredo Bologna\u2019ya konuk oluyor. Bug\u00fcn (15 Kas\u0131m Sal\u0131 g\u00fcn\u00fc) PalaDozza\u2019da oynanacak m\u00fccadele saat 22.30\u2019da ba\u015flayacak ve FBTV\u2019den canl\u0131 yay\u0131nlanacak. Potan\u0131n Krali\u00e7eleri, EuroLeague Women \u00fc\u00e7\u00fcnc\u00fc hafta ma\u00e7\u0131nda Metro [&hellip;]<\/p>\n","protected":false},"author":1,"featured_media":19034,"comment_status":"closed","ping_status":"closed","sticky":false,"template":"","format":"standard","meta":{"jnews-multi-image_gallery":[],"jnews_single_post":{"subtitle":"Fenerbah\u00e7e Kad\u0131n Basketbol Tak\u0131m\u0131m\u0131z, EuroLeague Women 4. hafta m\u00fccadelesinde deplasmanda Virtus Segafredo Bologna ile kar\u015f\u0131la\u015f\u0131yor.","format":"standard","video":"","gallery":"","source_name":"","source_url":"","via_name":"","via_url":"","override_template":"0","override":[{"template":"1","single_blog_custom":"","parallax":"1","fullscreen":"1","layout":"right-sidebar","sidebar":"mysidebar","second_sidebar":"default-sidebar","sticky_sidebar":"1","share_position":"float","share_float_style":"share-normal","show_share_counter":"1","show_view_counter":"1","show_featured":"1","show_post_meta":"1","show_post_author":"0","show_post_author_image":"1","show_post_date":"1","post_date_format":"default","post_date_format_custom":"Y\/m\/d","show_post_category":"0","show_post_reading_time":"0","post_reading_time_wpm":"300","show_zoom_button":"0","zoom_button_out_step":"2","zoom_button_in_step":"3","show_post_tag":"0","show_prev_next_post":"1","show_popup_post":"0","number_popup_post":"3","show_author_box":"0","show_post_related":"0","show_inline_post_related":"0"}],"override_image_size":"0","image_override":[{"single_post_thumbnail_size":"crop-500","single_post_gallery_size":"crop-500"}],"trending_post":"0","trending_post_position":"meta","trending_post_label":"Trending","sponsored_post":"0","sponsored_post_label":"Sponsored by","sponsored_post_name":"","sponsored_post_url":"","sponsored_post_logo_enable":"0","sponsored_post_logo":"","sponsored_post_desc":"","disable_ad":"0"},"jnews_primary_category":{"id":"5"},"jnews_social_meta":{"fb_title":"","fb_description":"","fb_image":"","twitter_title":"","twitter_description":"","twitter_image":""},"jnews_override_counter":{"override_view_counter":"0","view_counter_number":"0","override_share_counter":"0","share_counter_number":"0","override_like_counter":"0","like_counter_number":"0","override_dislike_counter":"0","dislike_counter_number":"0"},"footnotes":""},"categories":[5,2,7],"tags":[24,23],"class_list":["post-19033","post","type-post","status-publish","format-standard","has-post-thumbnail","hentry","category-basketbol","category-haberler","category-kadin-basketbol","tag-basketbol","tag-fenerbahce"],"amp_enabled":true,"_links":{"self":[{"href":"https:\/\/www.fener.org\/index.php\/wp-json\/wp\/v2\/posts\/19033","targetHints":{"allow":["GET"]}}],"collection":[{"href":"https:\/\/www.fener.org\/index.php\/wp-json\/wp\/v2\/posts"}],"about":[{"href":"https:\/\/www.fener.org\/index.php\/wp-json\/wp\/v2\/types\/post"}],"author":[{"embeddable":true,"href":"https:\/\/www.fener.org\/index.php\/wp-json\/wp\/v2\/users\/1"}],"replies":[{"embeddable":true,"href":"https:\/\/www.fener.org\/index.php\/wp-json\/wp\/v2\/comments?post=19033"}],"version-history":[{"count":1,"href":"https:\/\/www.fener.org\/index.php\/wp-json\/wp\/v2\/posts\/19033\/revisions"}],"predecessor-version":[{"id":19035,"href":"https:\/\/www.fener.org\/index.php\/wp-json\/wp\/v2\/posts\/19033\/revisions\/19035"}],"wp:featuredmedia":[{"embeddable":true,"href":"https:\/\/www.fener.org\/index.php\/wp-json\/wp\/v2\/media\/19034"}],"wp:attachment":[{"href":"https:\/\/www.fener.org\/index.php\/wp-json\/wp\/v2\/media?parent=19033"}],"wp:term":[{"taxonomy":"category","embeddable":true,"href":"https:\/\/www.fener.org\/index.php\/wp-json\/wp\/v2\/categories?post=19033"},{"taxonomy":"post_tag","embeddable":true,"href":"https:\/\/www.fener.org\/index.php\/wp-json\/wp\/v2\/tags?post=19033"}],"curies":[{"name":"wp","href":"https:\/\/api.w.org\/{rel}","templated":true}]}}