{"id":19016,"date":"2022-11-12T19:30:00","date_gmt":"2022-11-12T16:30:00","guid":{"rendered":"https:\/\/www.fener.org\/?p=19016"},"modified":"2022-11-13T13:03:38","modified_gmt":"2022-11-13T10:03:38","slug":"jorge-jesus-beklemedigimiz-bir-sonuc-aldik","status":"publish","type":"post","link":"https:\/\/www.fener.org\/index.php\/2022\/11\/12\/jorge-jesus-beklemedigimiz-bir-sonuc-aldik\/","title":{"rendered":"Jorge Jesus: Beklemedi\u011fimiz bir sonu\u00e7 ald\u0131k"},"content":{"rendered":"\n<p>Portekizli Teknik Direkt\u00f6r\u00fcm\u00fcz Jorge Jesus, uzun s\u00fcre 10 ki\u015fi oynad\u0131\u011f\u0131m\u0131z ve 2-1 kaybetti\u011fimiz Bitexen Giresunspor ma\u00e7\u0131 sonras\u0131 yay\u0131nc\u0131 kurulu\u015fa \u015fu a\u00e7\u0131klamalarda bulundu:<\/p>\n\n\n\n<blockquote class=\"wp-block-quote is-layout-flow wp-block-quote-is-layout-flow\"><p>\u201cBeklemedi\u011fimiz bir sonu\u00e7 ald\u0131k. Neden beklemiyorduk, \u00e7\u00fcnk\u00fc ma\u00e7a iyi ba\u015flam\u0131\u015ft\u0131k. Hem ofansta, hem de defansta bask\u0131l\u0131 bir oyun sergiliyorduk. 11\u2019e 11 iken rakibimiz neredeyse kalemize hi\u00e7 gelemedi. \u0130lk 45 dakikada iyi seviyede oyun sergiledik. \u0130kinci yar\u0131ya ba\u015flad\u0131\u011f\u0131m\u0131zda 10 ki\u015fi olmam\u0131za ra\u011fmen yine iyi bir oyun sergiliyorduk, \u00f6nde basmaya devam ediyorduk. Sahada oyuna bakt\u0131\u011f\u0131m\u0131zda 10 ki\u015fi oldu\u011fumuz fark edilmiyordu ama sonras\u0131nda iki gol yedik. Bir tanesi ikinci bir top sonras\u0131 gelen gold\u00fc, di\u011ferinde de Serdar Aziz yere d\u00fc\u015ft\u00fc. Ki futbolda bu tarz \u015feyler olabiliyor, baz\u0131 \u015feyleri kontrol edemeyebiliyorsunuz ama tak\u0131m\u0131m bug\u00fcn iyi m\u00fccadele sergiledi. Hala ligde birinci s\u0131raday\u0131z. Bu sene ligde iki ma\u011flubiyetimiz var. Bir tane de \u015eampiyonlar Ligi \u00f6n elemesinde ma\u011flubiyet ald\u0131k. Bu \u00fc\u00e7 ma\u011flubiyetimizde de ma\u00e7larda 10 ki\u015fi kald\u0131k. Bu da g\u00f6steriyor ki bizim bir ma\u00e7\u0131 kaybedebilmemiz i\u00e7in ancak bir ki\u015fi eksik oynamam\u0131z gerekiyor. Kolay de\u011fil tabii ki ama oyuncular\u0131m iyi m\u00fccadele g\u00f6sterdi.<\/p><p>Bu ara Fenerbah\u00e7e\u2019ye \u00e7ok iyi gelecek. \u00c7\u00fcnk\u00fc y\u00fck\u00fc ve yorgunlu\u011fu artan \u00e7ok fazla oyuncumuz var. Ligde bizim kadar resmi ma\u00e7 oynayan tak\u0131m yok. T\u00fcm turnuvalar\u0131 baz ald\u0131\u011f\u0131m\u0131z zaman yakla\u015f\u0131k 26 ma\u00e7 yapt\u0131k. Dolay\u0131s\u0131yla bunun da bedelini sakatl\u0131klarla \u00f6d\u00fcyoruz. Bu aran\u0131n sakatl\u0131klar\u0131n iyile\u015fmesi anlam\u0131nda da bize iyi gelece\u011fini d\u00fc\u015f\u00fcn\u00fcyorum.\u201d<\/p><\/blockquote>\n","protected":false},"excerpt":{"rendered":"<p>Portekizli Teknik Direkt\u00f6r\u00fcm\u00fcz Jorge Jesus, uzun s\u00fcre 10 ki\u015fi oynad\u0131\u011f\u0131m\u0131z ve 2-1 kaybetti\u011fimiz Bitexen Giresunspor ma\u00e7\u0131 sonras\u0131 yay\u0131nc\u0131 kurulu\u015fa \u015fu a\u00e7\u0131klamalarda bulundu: \u201cBeklemedi\u011fimiz bir sonu\u00e7 ald\u0131k. Neden beklemiyorduk, \u00e7\u00fcnk\u00fc ma\u00e7a iyi ba\u015flam\u0131\u015ft\u0131k. Hem ofansta, hem de defansta bask\u0131l\u0131 bir oyun sergiliyorduk. 11\u2019e 11 iken rakibimiz neredeyse kalemize hi\u00e7 gelemedi. \u0130lk 45 dakikada iyi seviyede oyun [&hellip;]<\/p>\n","protected":false},"author":1,"featured_media":19017,"comment_status":"closed","ping_status":"closed","sticky":false,"template":"","format":"standard","meta":{"jnews-multi-image_gallery":[],"jnews_single_post":{"subtitle":"Fenerbah\u00e7e Teknik Direkt\u00f6r\u00fc Jorge Jesus, Giresunspor ile oynanan m\u00fccadelenin ard\u0131ndan de\u011ferlendirmelerde bulundu.","format":"standard","video":"","gallery":"","source_name":"","source_url":"","via_name":"","via_url":"","override_template":"0","override":[{"template":"1","single_blog_custom":"","parallax":"1","fullscreen":"1","layout":"right-sidebar","sidebar":"mysidebar","second_sidebar":"default-sidebar","sticky_sidebar":"1","share_position":"float","share_float_style":"share-normal","show_share_counter":"1","show_view_counter":"1","show_featured":"1","show_post_meta":"1","show_post_author":"0","show_post_author_image":"1","show_post_date":"1","post_date_format":"default","post_date_format_custom":"Y\/m\/d","show_post_category":"0","show_post_reading_time":"0","post_reading_time_wpm":"300","show_zoom_button":"0","zoom_button_out_step":"2","zoom_button_in_step":"3","show_post_tag":"0","show_prev_next_post":"1","show_popup_post":"0","number_popup_post":"3","show_author_box":"0","show_post_related":"0","show_inline_post_related":"0"}],"override_image_size":"0","image_override":[{"single_post_thumbnail_size":"crop-500","single_post_gallery_size":"crop-500"}],"trending_post":"0","trending_post_position":"meta","trending_post_label":"Trending","sponsored_post":"0","sponsored_post_label":"Sponsored by","sponsored_post_name":"","sponsored_post_url":"","sponsored_post_logo_enable":"0","sponsored_post_logo":"","sponsored_post_desc":"","disable_ad":"0"},"jnews_primary_category":{"id":"4"},"jnews_social_meta":{"fb_title":"","fb_description":"","fb_image":"","twitter_title":"","twitter_description":"","twitter_image":""},"jnews_override_counter":{"override_view_counter":"0","view_counter_number":"0","override_share_counter":"0","share_counter_number":"0","override_like_counter":"0","like_counter_number":"0","override_dislike_counter":"0","dislike_counter_number":"0"},"footnotes":""},"categories":[4,2,47],"tags":[23,54],"class_list":["post-19016","post","type-post","status-publish","format-standard","has-post-thumbnail","hentry","category-futbol","category-haberler","category-profesyonel-a-futbol-takimi","tag-fenerbahce","tag-futbol"],"amp_enabled":true,"_links":{"self":[{"href":"https:\/\/www.fener.org\/index.php\/wp-json\/wp\/v2\/posts\/19016","targetHints":{"allow":["GET"]}}],"collection":[{"href":"https:\/\/www.fener.org\/index.php\/wp-json\/wp\/v2\/posts"}],"about":[{"href":"https:\/\/www.fener.org\/index.php\/wp-json\/wp\/v2\/types\/post"}],"author":[{"embeddable":true,"href":"https:\/\/www.fener.org\/index.php\/wp-json\/wp\/v2\/users\/1"}],"replies":[{"embeddable":true,"href":"https:\/\/www.fener.org\/index.php\/wp-json\/wp\/v2\/comments?post=19016"}],"version-history":[{"count":1,"href":"https:\/\/www.fener.org\/index.php\/wp-json\/wp\/v2\/posts\/19016\/revisions"}],"predecessor-version":[{"id":19018,"href":"https:\/\/www.fener.org\/index.php\/wp-json\/wp\/v2\/posts\/19016\/revisions\/19018"}],"wp:featuredmedia":[{"embeddable":true,"href":"https:\/\/www.fener.org\/index.php\/wp-json\/wp\/v2\/media\/19017"}],"wp:attachment":[{"href":"https:\/\/www.fener.org\/index.php\/wp-json\/wp\/v2\/media?parent=19016"}],"wp:term":[{"taxonomy":"category","embeddable":true,"href":"https:\/\/www.fener.org\/index.php\/wp-json\/wp\/v2\/categories?post=19016"},{"taxonomy":"post_tag","embeddable":true,"href":"https:\/\/www.fener.org\/index.php\/wp-json\/wp\/v2\/tags?post=19016"}],"curies":[{"name":"wp","href":"https:\/\/api.w.org\/{rel}","templated":true}]}}