{"id":19001,"date":"2022-11-12T19:35:36","date_gmt":"2022-11-12T16:35:36","guid":{"rendered":"https:\/\/www.fener.org\/?p=19001"},"modified":"2022-11-12T19:35:40","modified_gmt":"2022-11-12T16:35:40","slug":"u19-fenerbahce-3-1-goztepe","status":"publish","type":"post","link":"https:\/\/www.fener.org\/index.php\/2022\/11\/12\/u19-fenerbahce-3-1-goztepe\/","title":{"rendered":"U19: Fenerbah\u00e7e 3-1 G\u00f6ztepe"},"content":{"rendered":"\n<p>U19 Elit A Ligi 1. Grup 7. hafta m\u00fccadelesinde G\u00f6ztepe\u2019yi konuk eden U19 Tak\u0131m\u0131m\u0131z, 1-0 geri d\u00fc\u015ft\u00fc\u011f\u00fc kar\u015f\u0131la\u015fmay\u0131 3-1 kazanarak puan\u0131n\u0131 10\u2019a y\u00fckseltti.<\/p>\n\n\n\n<p>Tak\u0131m\u0131m\u0131za galibiyeti getiren golleri 26. dakikada Bora Ayd\u0131nl\u0131k, 28. dakikada KK ve 42. dakikada Ahmet Necat Ayd\u0131n kaydetti.<\/p>\n\n\n\n<p>Derea\u011fz\u0131 Lefter K\u00fc\u00e7\u00fckandonyadis Tesislerimizde oynanan ma\u00e7\u0131 Futbol Akademimizden Sorumlu Y\u00f6netim Kurulu \u00dcyemiz \u00d6zg\u00fcr \u00d6zakta\u00e7 da izledi.<\/p>\n\n\n\n<p>Tak\u0131m\u0131m\u0131z ligin 8. haftas\u0131nda 19 Kas\u0131m Cumartesi g\u00fcn\u00fc Corendon Alanyaspor ile deplasmanda kar\u015f\u0131la\u015facak.<\/p>\n","protected":false},"excerpt":{"rendered":"<p>U19 Elit A Ligi 1. Grup 7. hafta m\u00fccadelesinde G\u00f6ztepe\u2019yi konuk eden U19 Tak\u0131m\u0131m\u0131z, 1-0 geri d\u00fc\u015ft\u00fc\u011f\u00fc kar\u015f\u0131la\u015fmay\u0131 3-1 kazanarak puan\u0131n\u0131 10\u2019a y\u00fckseltti. Tak\u0131m\u0131m\u0131za galibiyeti getiren golleri 26. dakikada Bora Ayd\u0131nl\u0131k, 28. dakikada KK ve 42. dakikada Ahmet Necat Ayd\u0131n kaydetti. Derea\u011fz\u0131 Lefter K\u00fc\u00e7\u00fckandonyadis Tesislerimizde oynanan ma\u00e7\u0131 Futbol Akademimizden Sorumlu Y\u00f6netim Kurulu \u00dcyemiz \u00d6zg\u00fcr \u00d6zakta\u00e7 [&hellip;]<\/p>\n","protected":false},"author":1,"featured_media":1282,"comment_status":"closed","ping_status":"closed","sticky":false,"template":"","format":"standard","meta":{"jnews-multi-image_gallery":[],"jnews_single_post":{"subtitle":"","format":"standard","video":"","gallery":"","source_name":"","source_url":"","via_name":"","via_url":"","override_template":"0","override":[{"template":"1","single_blog_custom":"","parallax":"1","fullscreen":"1","layout":"right-sidebar","sidebar":"mysidebar","second_sidebar":"default-sidebar","sticky_sidebar":"1","share_position":"float","share_float_style":"share-normal","show_share_counter":"1","show_view_counter":"1","show_featured":"1","show_post_meta":"1","show_post_author":"0","show_post_author_image":"1","show_post_date":"1","post_date_format":"default","post_date_format_custom":"Y\/m\/d","show_post_category":"0","show_post_reading_time":"0","post_reading_time_wpm":"300","show_zoom_button":"0","zoom_button_out_step":"2","zoom_button_in_step":"3","show_post_tag":"0","show_prev_next_post":"1","show_popup_post":"0","number_popup_post":"3","show_author_box":"0","show_post_related":"0","show_inline_post_related":"0"}],"override_image_size":"0","image_override":[{"single_post_thumbnail_size":"crop-500","single_post_gallery_size":"crop-500"}],"trending_post":"0","trending_post_position":"meta","trending_post_label":"Trending","sponsored_post":"0","sponsored_post_label":"Sponsored by","sponsored_post_name":"","sponsored_post_url":"","sponsored_post_logo_enable":"0","sponsored_post_logo":"","sponsored_post_desc":"","disable_ad":"0"},"jnews_primary_category":{"id":"4"},"jnews_social_meta":{"fb_title":"","fb_description":"","fb_image":"","twitter_title":"","twitter_description":"","twitter_image":""},"jnews_override_counter":{"override_view_counter":"0","view_counter_number":"0","override_share_counter":"0","share_counter_number":"0","override_like_counter":"0","like_counter_number":"0","override_dislike_counter":"0","dislike_counter_number":"0"},"footnotes":""},"categories":[4,17,2],"tags":[23,54],"class_list":["post-19001","post","type-post","status-publish","format-standard","has-post-thumbnail","hentry","category-futbol","category-futbol-altyapi","category-haberler","tag-fenerbahce","tag-futbol"],"amp_enabled":true,"_links":{"self":[{"href":"https:\/\/www.fener.org\/index.php\/wp-json\/wp\/v2\/posts\/19001","targetHints":{"allow":["GET"]}}],"collection":[{"href":"https:\/\/www.fener.org\/index.php\/wp-json\/wp\/v2\/posts"}],"about":[{"href":"https:\/\/www.fener.org\/index.php\/wp-json\/wp\/v2\/types\/post"}],"author":[{"embeddable":true,"href":"https:\/\/www.fener.org\/index.php\/wp-json\/wp\/v2\/users\/1"}],"replies":[{"embeddable":true,"href":"https:\/\/www.fener.org\/index.php\/wp-json\/wp\/v2\/comments?post=19001"}],"version-history":[{"count":1,"href":"https:\/\/www.fener.org\/index.php\/wp-json\/wp\/v2\/posts\/19001\/revisions"}],"predecessor-version":[{"id":19002,"href":"https:\/\/www.fener.org\/index.php\/wp-json\/wp\/v2\/posts\/19001\/revisions\/19002"}],"wp:featuredmedia":[{"embeddable":true,"href":"https:\/\/www.fener.org\/index.php\/wp-json\/wp\/v2\/media\/1282"}],"wp:attachment":[{"href":"https:\/\/www.fener.org\/index.php\/wp-json\/wp\/v2\/media?parent=19001"}],"wp:term":[{"taxonomy":"category","embeddable":true,"href":"https:\/\/www.fener.org\/index.php\/wp-json\/wp\/v2\/categories?post=19001"},{"taxonomy":"post_tag","embeddable":true,"href":"https:\/\/www.fener.org\/index.php\/wp-json\/wp\/v2\/tags?post=19001"}],"curies":[{"name":"wp","href":"https:\/\/api.w.org\/{rel}","templated":true}]}}