{"id":18924,"date":"2022-11-05T08:05:10","date_gmt":"2022-11-05T05:05:10","guid":{"rendered":"https:\/\/www.fener.org\/?p=18924"},"modified":"2022-11-05T08:05:16","modified_gmt":"2022-11-05T05:05:16","slug":"dimitris-itoudis-geri-donusumuz-onemli","status":"publish","type":"post","link":"https:\/\/www.fener.org\/index.php\/2022\/11\/05\/dimitris-itoudis-geri-donusumuz-onemli\/","title":{"rendered":"Dimitris Itoudis: Geri d\u00f6n\u00fc\u015f\u00fcm\u00fcz \u00f6nemli"},"content":{"rendered":"\n<p>Ba\u015fantren\u00f6r\u00fcm\u00fcz Dimitris Itoudis, Tak\u0131m\u0131m\u0131z\u0131n Turkish Airlines EuroLeague 2022-23 sezonu 6. haftas\u0131nda deplasmanda Barcelona ile oynad\u0131\u011f\u0131 m\u00fccadelenin ard\u0131ndan Fenerbah\u00e7e Televizyonu&#8217;na yapt\u0131\u011f\u0131 a\u00e7\u0131klamalarda \u015fu ifadeleri kulland\u0131:<\/p>\n\n\n\n<blockquote class=\"wp-block-quote is-layout-flow wp-block-quote-is-layout-flow\"><p>&#8220;\u00d6ncelikle Barcelona\u2019y\u0131 tebrik ediyorum. Biz \u00e7ok iyi ba\u015flad\u0131k ama ikinci \u00e7eyrekten itibaren onlar daha istekliydi. Oyuncular\u0131m\u0131z\u0131 \u00e7ok daha iyi savundular. \u00dc\u00e7\u00fcnc\u00fc \u00e7eyrekte de say\u0131 atamad\u0131k. Al\u0131\u015f\u0131k oldu\u011fumuz \u015fekilde \u00fc\u00e7l\u00fcklerimizi atamad\u0131k ama ba\u015fka bir yol bulduk. B\u00fct\u00fcn tak\u0131m oynad\u0131. Benchten gelen Melih, \u015eehmus, Metecan katk\u0131da bulundu. Ma\u00e7\u0131n boyutunu de\u011fi\u015ftirdiler.<\/p><p>Geri d\u00f6n\u00fc\u015f\u00fcm\u00fcz \u00f6nemli. Ma\u00e7tan pozitif bir \u00e7\u0131kar\u0131m yapacaksak bu geri d\u00f6n\u00fc\u015f\u00fcm\u00fczd\u00fc. D\u00f6rd\u00fcnc\u00fc \u00e7eyre\u011fin ba\u015f\u0131nda konu\u015ftuk. \u00c7ok fazla top kayb\u0131 yapt\u0131\u011f\u0131m\u0131z\u0131, h\u00fccumda k\u00f6t\u00fc kararlar verdi\u011fimizi s\u00f6yledik. Baz\u0131 \u015feyleri daha iyi yaparsak bir \u015fans\u0131m\u0131z oldu\u011funu konu\u015ftuk. Bu ma\u00e7, rotasyonun derinliklerindeki her oyuncunun \u00f6nemli oldu\u011funu kan\u0131tlad\u0131. Kimseyi d\u0131\u015far\u0131da b\u0131rakm\u0131yoruz, aksine herkesten katk\u0131 almak i\u00e7in buraday\u0131z. Gelece\u011fimiz i\u00e7in \u00f6nemli bir d\u00f6n\u00fc\u015ft\u00fc. \u00dcst d\u00fczey liglerin hepsinde \u00e7ok dikkatli olman\u0131z gerekiyor. Hen\u00fcz i\u015fin ba\u015f\u0131nday\u0131z. Birbirimizi tan\u0131ma evresindeyiz. Bir ay civar\u0131 bir s\u00fcredir beraberiz.<\/p><p>Performans\u0131m\u0131z muhte\u015fem de\u011fildi ama ma\u00e7a tutunmay\u0131 ba\u015fard\u0131k. Pes etmedik, bizim l\u00fcgat\u0131m\u0131zda kesinlikle pes etmek yoktur. 30 milyon taraftar\u0131 temsil ediyoruz. Karakter \u00e7ok \u00f6nemli. Biz onlar\u0131 temsil ediyoruz. O y\u00fczden pes etmek yok. Baz\u0131 detaylar var bug\u00fcn, o da bize ders oldu. \u00d6n\u00fcm\u00fczde hem lig, hem de EuroLeague a\u00e7\u0131s\u0131ndan \u00e7ok uzun bir maraton var.&#8221;<\/p><\/blockquote>\n","protected":false},"excerpt":{"rendered":"<p>Ba\u015fantren\u00f6r\u00fcm\u00fcz Dimitris Itoudis, Tak\u0131m\u0131m\u0131z\u0131n Turkish Airlines EuroLeague 2022-23 sezonu 6. haftas\u0131nda deplasmanda Barcelona ile oynad\u0131\u011f\u0131 m\u00fccadelenin ard\u0131ndan Fenerbah\u00e7e Televizyonu&#8217;na yapt\u0131\u011f\u0131 a\u00e7\u0131klamalarda \u015fu ifadeleri kulland\u0131: &#8220;\u00d6ncelikle Barcelona\u2019y\u0131 tebrik ediyorum. Biz \u00e7ok iyi ba\u015flad\u0131k ama ikinci \u00e7eyrekten itibaren onlar daha istekliydi. Oyuncular\u0131m\u0131z\u0131 \u00e7ok daha iyi savundular. \u00dc\u00e7\u00fcnc\u00fc \u00e7eyrekte de say\u0131 atamad\u0131k. Al\u0131\u015f\u0131k oldu\u011fumuz \u015fekilde \u00fc\u00e7l\u00fcklerimizi atamad\u0131k ama [&hellip;]<\/p>\n","protected":false},"author":1,"featured_media":18681,"comment_status":"closed","ping_status":"closed","sticky":false,"template":"","format":"standard","meta":{"jnews-multi-image_gallery":[],"jnews_single_post":{"subtitle":"Fenerbah\u00e7e Beko Ba\u015fantren\u00f6r\u00fc Dimitris Itoudis, Tak\u0131m\u0131m\u0131z\u0131n EuroLeague'de 6. hafta m\u00fccadelesinde deplasmanda Barcelona\u2019ya 81-80 ma\u011flup oldu\u011fu kar\u015f\u0131la\u015fman\u0131n ard\u0131ndan de\u011ferlendirmelerde bulundu. ","format":"standard","video":"","gallery":"","source_name":"","source_url":"","via_name":"","via_url":"","override_template":"0","override":[{"template":"1","single_blog_custom":"","parallax":"1","fullscreen":"1","layout":"right-sidebar","sidebar":"mysidebar","second_sidebar":"default-sidebar","sticky_sidebar":"1","share_position":"float","share_float_style":"share-normal","show_share_counter":"1","show_view_counter":"1","show_featured":"1","show_post_meta":"1","show_post_author":"0","show_post_author_image":"1","show_post_date":"1","post_date_format":"default","post_date_format_custom":"Y\/m\/d","show_post_category":"0","show_post_reading_time":"0","post_reading_time_wpm":"300","show_zoom_button":"0","zoom_button_out_step":"2","zoom_button_in_step":"3","show_post_tag":"0","show_prev_next_post":"1","show_popup_post":"0","number_popup_post":"3","show_author_box":"0","show_post_related":"0","show_inline_post_related":"0"}],"override_image_size":"0","image_override":[{"single_post_thumbnail_size":"crop-500","single_post_gallery_size":"crop-500"}],"trending_post":"0","trending_post_position":"meta","trending_post_label":"Trending","sponsored_post":"0","sponsored_post_label":"Sponsored by","sponsored_post_name":"","sponsored_post_url":"","sponsored_post_logo_enable":"0","sponsored_post_logo":"","sponsored_post_desc":"","disable_ad":"0"},"jnews_primary_category":{"id":"5"},"jnews_social_meta":{"fb_title":"","fb_description":"","fb_image":"","twitter_title":"","twitter_description":"","twitter_image":""},"jnews_override_counter":{"override_view_counter":"0","view_counter_number":"0","override_share_counter":"0","share_counter_number":"0","override_like_counter":"0","like_counter_number":"0","override_dislike_counter":"0","dislike_counter_number":"0"},"footnotes":""},"categories":[5,6,2],"tags":[24,23],"class_list":["post-18924","post","type-post","status-publish","format-standard","has-post-thumbnail","hentry","category-basketbol","category-erkek-basketbol","category-haberler","tag-basketbol","tag-fenerbahce"],"amp_enabled":true,"_links":{"self":[{"href":"https:\/\/www.fener.org\/index.php\/wp-json\/wp\/v2\/posts\/18924","targetHints":{"allow":["GET"]}}],"collection":[{"href":"https:\/\/www.fener.org\/index.php\/wp-json\/wp\/v2\/posts"}],"about":[{"href":"https:\/\/www.fener.org\/index.php\/wp-json\/wp\/v2\/types\/post"}],"author":[{"embeddable":true,"href":"https:\/\/www.fener.org\/index.php\/wp-json\/wp\/v2\/users\/1"}],"replies":[{"embeddable":true,"href":"https:\/\/www.fener.org\/index.php\/wp-json\/wp\/v2\/comments?post=18924"}],"version-history":[{"count":2,"href":"https:\/\/www.fener.org\/index.php\/wp-json\/wp\/v2\/posts\/18924\/revisions"}],"predecessor-version":[{"id":18926,"href":"https:\/\/www.fener.org\/index.php\/wp-json\/wp\/v2\/posts\/18924\/revisions\/18926"}],"wp:featuredmedia":[{"embeddable":true,"href":"https:\/\/www.fener.org\/index.php\/wp-json\/wp\/v2\/media\/18681"}],"wp:attachment":[{"href":"https:\/\/www.fener.org\/index.php\/wp-json\/wp\/v2\/media?parent=18924"}],"wp:term":[{"taxonomy":"category","embeddable":true,"href":"https:\/\/www.fener.org\/index.php\/wp-json\/wp\/v2\/categories?post=18924"},{"taxonomy":"post_tag","embeddable":true,"href":"https:\/\/www.fener.org\/index.php\/wp-json\/wp\/v2\/tags?post=18924"}],"curies":[{"name":"wp","href":"https:\/\/api.w.org\/{rel}","templated":true}]}}