{"id":18912,"date":"2022-11-03T17:33:11","date_gmt":"2022-11-03T14:33:11","guid":{"rendered":"https:\/\/www.fener.org\/?p=18912"},"modified":"2022-11-03T17:33:15","modified_gmt":"2022-11-03T14:33:15","slug":"fenerbahce-beko-barcelonaya-konuk-oluyor-2","status":"publish","type":"post","link":"https:\/\/www.fener.org\/index.php\/2022\/11\/03\/fenerbahce-beko-barcelonaya-konuk-oluyor-2\/","title":{"rendered":"Fenerbah\u00e7e Beko, Barcelona&#8217;ya konuk oluyor"},"content":{"rendered":"\n<p>Fenerbah\u00e7e Beko Erkek Basketbol Tak\u0131m\u0131m\u0131z, Turkish Airlines EuroLeague 2022-23 sezonu 6. hafta ma\u00e7\u0131nda Barcelona\u2019ya konuk oluyor. Yar\u0131n (4 Kas\u0131m Cuma g\u00fcn\u00fc) saat 22.30\u2019da Palau Blaugrana\u2019da oynanacak m\u00fccadele S Sport taraf\u0131ndan canl\u0131 yay\u0131nlanacak.<\/p>\n\n\n\n<p>Ekibimiz, Turkish Airlines EuroLeague\u2019deki son ma\u00e7\u0131nda 28 Ekim Cuma g\u00fcn\u00fc Sinan Erdem Spor Salonu\u2019nda Anadolu Efes\u2019e konuk oldu. Fenerbah\u00e7e Beko, rakibini 79-88 yenerek be\u015fte be\u015f yapt\u0131.<\/p>\n\n\n\n<p>Fenerbah\u00e7e Beko, son resmi ma\u00e7\u0131na ise T\u00fcrkiye Sigorta Basketbol S\u00fcper Ligi&#8217;nde 31 Ekim Pazartesi g\u00fcn\u00fc \u00e7\u0131kt\u0131. Tak\u0131m\u0131m\u0131z, \u00dclker Spor ve Etkinlik Salonu\u2019nda konuk etti\u011fi P\u0131nar Kar\u015f\u0131yaka\u2019y\u0131 100-88 ile ge\u00e7erek be\u015fte be\u015f yapt\u0131.<\/p>\n\n\n\n<p>Fenerbah\u00e7e Beko\u2019da Nemanja Bjelica sakatl\u0131\u011f\u0131 nedeniyle bu ma\u00e7ta forma giyemeyecek.<\/p>\n\n\n\n<p>Barcelona\u2019da Nikola Mirotic\u2019in uzun s\u00fcreli sakatl\u0131\u011f\u0131 bulunuyor.<\/p>\n\n\n\n<p>Sarunas Jasikevicius taraf\u0131ndan \u00e7al\u0131\u015ft\u0131r\u0131lan Barcelona, bu sezon EuroLeague\u2019de oynad\u0131\u011f\u0131 be\u015f ma\u00e7ta \u00fc\u00e7 galibiyet ald\u0131. Rakibimiz, son olarak 28 Ekim Cuma g\u00fcn\u00fc konuk etti\u011fi Emporio Armani Milano\u2019yu 74-56 yendi. Barcelona\u2019da Mike Tobey 13, Cory Higgins 11 say\u0131 \u00fcretti.<\/p>\n\n\n\n<p>Katalanlar, \u0130spanya Ligi ACB\u2019de ise alt\u0131 ma\u00e7ta be\u015f galibiyet elde etti. Rakibimiz son olarak 30 Ekim Pazar g\u00fcn\u00fc konuk oldu\u011fu Valencia\u2019y\u0131 80-92 yendi.<\/p>\n\n\n\n<p>Fenerbah\u00e7e Beko, rakibiyle EuroLeague\u2019de oynad\u0131\u011f\u0131 28 ma\u00e7ta 10 galibiyet elde etti.<\/p>\n","protected":false},"excerpt":{"rendered":"<p>Fenerbah\u00e7e Beko Erkek Basketbol Tak\u0131m\u0131m\u0131z, Turkish Airlines EuroLeague 2022-23 sezonu 6. hafta ma\u00e7\u0131nda Barcelona\u2019ya konuk oluyor. Yar\u0131n (4 Kas\u0131m Cuma g\u00fcn\u00fc) saat 22.30\u2019da Palau Blaugrana\u2019da oynanacak m\u00fccadele S Sport taraf\u0131ndan canl\u0131 yay\u0131nlanacak. Ekibimiz, Turkish Airlines EuroLeague\u2019deki son ma\u00e7\u0131nda 28 Ekim Cuma g\u00fcn\u00fc Sinan Erdem Spor Salonu\u2019nda Anadolu Efes\u2019e konuk oldu. Fenerbah\u00e7e Beko, rakibini 79-88 yenerek [&hellip;]<\/p>\n","protected":false},"author":1,"featured_media":18913,"comment_status":"closed","ping_status":"closed","sticky":false,"template":"","format":"standard","meta":{"jnews-multi-image_gallery":[],"jnews_single_post":{"subtitle":"Fenerbah\u00e7e Erkek Basketbol Tak\u0131m\u0131m\u0131z, EuroLeague'de 6. hafta ma\u00e7\u0131nda deplasmanda Barcelona ile m\u00fccadele edecek.","format":"standard","video":"","gallery":"","source_name":"","source_url":"","via_name":"","via_url":"","override_template":"0","override":[{"template":"1","single_blog_custom":"","parallax":"1","fullscreen":"1","layout":"right-sidebar","sidebar":"mysidebar","second_sidebar":"default-sidebar","sticky_sidebar":"1","share_position":"float","share_float_style":"share-normal","show_share_counter":"1","show_view_counter":"1","show_featured":"1","show_post_meta":"1","show_post_author":"0","show_post_author_image":"1","show_post_date":"1","post_date_format":"default","post_date_format_custom":"Y\/m\/d","show_post_category":"0","show_post_reading_time":"0","post_reading_time_wpm":"300","show_zoom_button":"0","zoom_button_out_step":"2","zoom_button_in_step":"3","show_post_tag":"0","show_prev_next_post":"1","show_popup_post":"0","number_popup_post":"3","show_author_box":"0","show_post_related":"0","show_inline_post_related":"0"}],"override_image_size":"0","image_override":[{"single_post_thumbnail_size":"crop-500","single_post_gallery_size":"crop-500"}],"trending_post":"0","trending_post_position":"meta","trending_post_label":"Trending","sponsored_post":"0","sponsored_post_label":"Sponsored by","sponsored_post_name":"","sponsored_post_url":"","sponsored_post_logo_enable":"0","sponsored_post_logo":"","sponsored_post_desc":"","disable_ad":"0"},"jnews_primary_category":{"id":"5"},"jnews_social_meta":{"fb_title":"","fb_description":"","fb_image":"","twitter_title":"","twitter_description":"","twitter_image":""},"jnews_override_counter":{"override_view_counter":"0","view_counter_number":"0","override_share_counter":"0","share_counter_number":"0","override_like_counter":"0","like_counter_number":"0","override_dislike_counter":"0","dislike_counter_number":"0"},"footnotes":""},"categories":[5,6,2],"tags":[24,23],"class_list":["post-18912","post","type-post","status-publish","format-standard","has-post-thumbnail","hentry","category-basketbol","category-erkek-basketbol","category-haberler","tag-basketbol","tag-fenerbahce"],"amp_enabled":true,"_links":{"self":[{"href":"https:\/\/www.fener.org\/index.php\/wp-json\/wp\/v2\/posts\/18912","targetHints":{"allow":["GET"]}}],"collection":[{"href":"https:\/\/www.fener.org\/index.php\/wp-json\/wp\/v2\/posts"}],"about":[{"href":"https:\/\/www.fener.org\/index.php\/wp-json\/wp\/v2\/types\/post"}],"author":[{"embeddable":true,"href":"https:\/\/www.fener.org\/index.php\/wp-json\/wp\/v2\/users\/1"}],"replies":[{"embeddable":true,"href":"https:\/\/www.fener.org\/index.php\/wp-json\/wp\/v2\/comments?post=18912"}],"version-history":[{"count":1,"href":"https:\/\/www.fener.org\/index.php\/wp-json\/wp\/v2\/posts\/18912\/revisions"}],"predecessor-version":[{"id":18914,"href":"https:\/\/www.fener.org\/index.php\/wp-json\/wp\/v2\/posts\/18912\/revisions\/18914"}],"wp:featuredmedia":[{"embeddable":true,"href":"https:\/\/www.fener.org\/index.php\/wp-json\/wp\/v2\/media\/18913"}],"wp:attachment":[{"href":"https:\/\/www.fener.org\/index.php\/wp-json\/wp\/v2\/media?parent=18912"}],"wp:term":[{"taxonomy":"category","embeddable":true,"href":"https:\/\/www.fener.org\/index.php\/wp-json\/wp\/v2\/categories?post=18912"},{"taxonomy":"post_tag","embeddable":true,"href":"https:\/\/www.fener.org\/index.php\/wp-json\/wp\/v2\/tags?post=18912"}],"curies":[{"name":"wp","href":"https:\/\/api.w.org\/{rel}","templated":true}]}}