{"id":18898,"date":"2022-11-01T22:34:40","date_gmt":"2022-11-01T19:34:40","guid":{"rendered":"https:\/\/www.fener.org\/?p=18898"},"modified":"2022-11-01T22:34:44","modified_gmt":"2022-11-01T19:34:44","slug":"fenerbahce-opet-sultanlar-liginde-ilk-hafta-macina-cikiyor","status":"publish","type":"post","link":"https:\/\/www.fener.org\/index.php\/2022\/11\/01\/fenerbahce-opet-sultanlar-liginde-ilk-hafta-macina-cikiyor\/","title":{"rendered":"Fenerbah\u00e7e Opet, Sultanlar Ligi\u2019nde ilk hafta ma\u00e7\u0131na \u00e7\u0131k\u0131yor"},"content":{"rendered":"\n<p>Misli.com Sultanlar Ligi\u2019nde 2022-2023 sezonu yar\u0131n oynanacak ma\u00e7larla ba\u015fl\u0131yor.<\/p>\n\n\n\n<p>Fenerbah\u00e7e Opet Kad\u0131n Voleybol Tak\u0131m\u0131m\u0131z, sezonun ilk hafta ma\u00e7\u0131nda Eczac\u0131ba\u015f\u0131 Dynavit\u2019i konuk edecek. 2 Kas\u0131m \u00c7ar\u015famba g\u00fcn\u00fc saat 17.30\u2019da Burhan Felek Vestel Voleybol Salonu\u2019nun ev sahipli\u011fi yapaca\u011f\u0131 m\u00fcsabaka TRT Spor\u2019dan ekranlara gelecek.<\/p>\n\n\n\n<p>Sezonun ilk resmi ma\u00e7\u0131 olan 13. Spor Toto \u015eampiyonlar Kupas\u0131\u2019nda, Vak\u0131fBank ile kar\u015f\u0131la\u015fan Kad\u0131n Voleybol Tak\u0131m\u0131m\u0131z, rakibini 3-0 gibi net bir skorla ge\u00e7erek 2009, 2010, 2015\u2019in ard\u0131ndan d\u00f6rd\u00fcnc\u00fc kez bu kupay\u0131 m\u00fczemize getirdi.<\/p>\n\n\n\n<p>Yeni sezon \u00f6ncesi yapt\u0131\u011f\u0131 transferlerle kadrosunu g\u00fc\u00e7lendiren Ba\u015fantren\u00f6r\u00fcm\u00fcz Zoran Terzic y\u00f6netimindeki Fenerbah\u00e7e Opet Kad\u0131n Voleybol Tak\u0131m\u0131m\u0131z; Asl\u0131 Kala\u00e7, Erg\u00fcl Avc\u0131 Ero\u011flu, Macris Carneiro ve Meryem Boz ile s\u00f6zle\u015fme imzalad\u0131.<\/p>\n\n\n\n<p>Yeni sezon haz\u0131rl\u0131klar\u0131na Derea\u011fz\u0131 Lefter K\u00fc\u00e7\u00fckandonyadis Tesislerimizde yapt\u0131\u011f\u0131 antrenmanla ba\u015flayan Tak\u0131m\u0131m\u0131z, 1-7 Eyl\u00fcl tarihleri aras\u0131nda Serkan Acar Resort&amp;Sports Topuk Yaylas\u0131 Tesislerimizde kamp ger\u00e7ekle\u015ftirdi. Kamp\u0131n ard\u0131ndan \u0130stanbul\u2019a d\u00f6nen Tak\u0131m\u0131m\u0131z, 2022 FIVB Voleybol Kad\u0131nlar D\u00fcnya \u015eampiyonas\u0131\u2019nda m\u00fccadele eden oyuncular\u0131m\u0131z\u0131n da tak\u0131ma dahil olmas\u0131yla tam kadro olarak yeni sezon \u00e7al\u0131\u015fmalar\u0131n\u0131 s\u00fcrd\u00fcrd\u00fc.<\/p>\n\n\n\n<p>Sezona kupayla ba\u015flayan Fenerbah\u00e7e Opet Kad\u0131n Voleybol Tak\u0131m\u0131m\u0131zda hedef Sultanlar Ligi\u2019ne de galibiyetle ba\u015flamak.<\/p>\n","protected":false},"excerpt":{"rendered":"<p>Misli.com Sultanlar Ligi\u2019nde 2022-2023 sezonu yar\u0131n oynanacak ma\u00e7larla ba\u015fl\u0131yor. Fenerbah\u00e7e Opet Kad\u0131n Voleybol Tak\u0131m\u0131m\u0131z, sezonun ilk hafta ma\u00e7\u0131nda Eczac\u0131ba\u015f\u0131 Dynavit\u2019i konuk edecek. 2 Kas\u0131m \u00c7ar\u015famba g\u00fcn\u00fc saat 17.30\u2019da Burhan Felek Vestel Voleybol Salonu\u2019nun ev sahipli\u011fi yapaca\u011f\u0131 m\u00fcsabaka TRT Spor\u2019dan ekranlara gelecek. Sezonun ilk resmi ma\u00e7\u0131 olan 13. Spor Toto \u015eampiyonlar Kupas\u0131\u2019nda, Vak\u0131fBank ile kar\u015f\u0131la\u015fan Kad\u0131n [&hellip;]<\/p>\n","protected":false},"author":1,"featured_media":18899,"comment_status":"closed","ping_status":"closed","sticky":false,"template":"","format":"standard","meta":{"jnews-multi-image_gallery":[],"jnews_single_post":{"subtitle":"Fenerbah\u00e7e Kad\u0131n Voleybol Tak\u0131m\u0131m\u0131z, Sultanlar Ligi\u2019nde sezonun ilk hafta ma\u00e7\u0131nda Eczac\u0131ba\u015f\u0131 Dynavit\u2019i konuk edecek.","format":"standard","video":"","gallery":"","source_name":"","source_url":"","via_name":"","via_url":"","override_template":"0","override":[{"template":"1","single_blog_custom":"","parallax":"1","fullscreen":"1","layout":"right-sidebar","sidebar":"mysidebar","second_sidebar":"default-sidebar","sticky_sidebar":"1","share_position":"float","share_float_style":"share-normal","show_share_counter":"1","show_view_counter":"1","show_featured":"1","show_post_meta":"1","show_post_author":"0","show_post_author_image":"1","show_post_date":"1","post_date_format":"default","post_date_format_custom":"Y\/m\/d","show_post_category":"0","show_post_reading_time":"0","post_reading_time_wpm":"300","show_zoom_button":"0","zoom_button_out_step":"2","zoom_button_in_step":"3","show_post_tag":"0","show_prev_next_post":"1","show_popup_post":"0","number_popup_post":"3","show_author_box":"0","show_post_related":"0","show_inline_post_related":"0"}],"override_image_size":"0","image_override":[{"single_post_thumbnail_size":"crop-500","single_post_gallery_size":"crop-500"}],"trending_post":"0","trending_post_position":"meta","trending_post_label":"Trending","sponsored_post":"0","sponsored_post_label":"Sponsored by","sponsored_post_name":"","sponsored_post_url":"","sponsored_post_logo_enable":"0","sponsored_post_logo":"","sponsored_post_desc":"","disable_ad":"0"},"jnews_primary_category":{"id":"8"},"jnews_social_meta":{"fb_title":"","fb_description":"","fb_image":"","twitter_title":"","twitter_description":"","twitter_image":""},"jnews_override_counter":{"override_view_counter":"0","view_counter_number":"0","override_share_counter":"0","share_counter_number":"0","override_like_counter":"0","like_counter_number":"0","override_dislike_counter":"0","dislike_counter_number":"0"},"footnotes":""},"categories":[2,10,8],"tags":[23,29],"class_list":["post-18898","post","type-post","status-publish","format-standard","has-post-thumbnail","hentry","category-haberler","category-kadin-voleybol","category-voleybol","tag-fenerbahce","tag-voleybol"],"amp_enabled":true,"_links":{"self":[{"href":"https:\/\/www.fener.org\/index.php\/wp-json\/wp\/v2\/posts\/18898","targetHints":{"allow":["GET"]}}],"collection":[{"href":"https:\/\/www.fener.org\/index.php\/wp-json\/wp\/v2\/posts"}],"about":[{"href":"https:\/\/www.fener.org\/index.php\/wp-json\/wp\/v2\/types\/post"}],"author":[{"embeddable":true,"href":"https:\/\/www.fener.org\/index.php\/wp-json\/wp\/v2\/users\/1"}],"replies":[{"embeddable":true,"href":"https:\/\/www.fener.org\/index.php\/wp-json\/wp\/v2\/comments?post=18898"}],"version-history":[{"count":1,"href":"https:\/\/www.fener.org\/index.php\/wp-json\/wp\/v2\/posts\/18898\/revisions"}],"predecessor-version":[{"id":18900,"href":"https:\/\/www.fener.org\/index.php\/wp-json\/wp\/v2\/posts\/18898\/revisions\/18900"}],"wp:featuredmedia":[{"embeddable":true,"href":"https:\/\/www.fener.org\/index.php\/wp-json\/wp\/v2\/media\/18899"}],"wp:attachment":[{"href":"https:\/\/www.fener.org\/index.php\/wp-json\/wp\/v2\/media?parent=18898"}],"wp:term":[{"taxonomy":"category","embeddable":true,"href":"https:\/\/www.fener.org\/index.php\/wp-json\/wp\/v2\/categories?post=18898"},{"taxonomy":"post_tag","embeddable":true,"href":"https:\/\/www.fener.org\/index.php\/wp-json\/wp\/v2\/tags?post=18898"}],"curies":[{"name":"wp","href":"https:\/\/api.w.org\/{rel}","templated":true}]}}