{"id":18836,"date":"2022-10-27T23:10:00","date_gmt":"2022-10-27T20:10:00","guid":{"rendered":"https:\/\/www.fener.org\/?p=18836"},"modified":"2022-10-28T06:54:17","modified_gmt":"2022-10-28T03:54:17","slug":"jorge-jesus-3-0dan-skoru-cevirebilmeniz-icin-inanmaniz-gerekir","status":"publish","type":"post","link":"https:\/\/www.fener.org\/index.php\/2022\/10\/27\/jorge-jesus-3-0dan-skoru-cevirebilmeniz-icin-inanmaniz-gerekir\/","title":{"rendered":"Jorge Jesus: 3-0\u2019dan skoru \u00e7evirebilmeniz i\u00e7in inanman\u0131z gerekir"},"content":{"rendered":"\n<p>Teknik Direkt\u00f6r\u00fcm\u00fcz Jorge Jesus, UEFA Avrupa Ligi B Grubu ma\u00e7\u0131nda Rennes ile oynanan m\u00fccadelenin ard\u0131ndan yapt\u0131\u011f\u0131 de\u011ferlendirmelerde \u015funlar\u0131 s\u00f6yledi:<\/p>\n\n\n\n<blockquote class=\"wp-block-quote is-layout-flow wp-block-quote-is-layout-flow\"><p>&#8220;Bir kere daha Fenerbah\u00e7e g\u00fczel bir ma\u00e7 \u00e7\u0131kartt\u0131. Ma\u00e7\u0131n her an\u0131 g\u00fczeldi. 3-0\u2019dan skoru \u00e7evirebilmeniz i\u00e7in inanman\u0131z gerekir. Bug\u00fcn de bunu yapt\u0131k. Kazanamad\u0131k ama beraberli\u011fi sa\u011flad\u0131k. Ayn\u0131 zamanda taraftarlara seslenmek istiyorum. Oyuncular aras\u0131nda ayr\u0131m yapmay\u0131n. \u0130yi anlarda bizim g\u00fc\u00e7l\u00fc olmam\u0131z i\u00e7in \u00f6z g\u00fcvenli olmam\u0131z i\u00e7in bize her zaman destek oluyorlar ama oyuncular aras\u0131nda ayr\u0131m yap\u0131lmas\u0131n\u0131 istemiyorum. Bug\u00fcn Altay\u2019a tepkiler oldu. Ona g\u00f6sterilen tepkiler bana g\u00f6sterilmi\u015f bir tepkidir. Ben de b\u00f6yle bir \u015fey g\u00f6rmek istemem. B\u00f6yle bir ortamda bulunmak istemem. O tepkiler Altay\u2019a yap\u0131lmad\u0131 ayn\u0131 zamanda bana da yap\u0131ld\u0131. Bu \u015fekilde olmamas\u0131 gerekiyor. Evet tak\u0131mlar\u0131n\u0131 seviyorlar. Oyuncular aras\u0131nda ayr\u0131m yapmas\u0131nlar \u00e7\u00fcnk\u00fc ben yapm\u0131yorum.<\/p><p>Rennes ma\u00e7\u0131n ba\u015f\u0131nda bizi \u015fa\u015f\u0131rtt\u0131. Majer\u2019i oynatt\u0131klar\u0131 pozisyon, beklemedi\u011fimiz bir durumdu. \u0130lk 30 dakika Fenerbah\u00e7e defansif dengeyi sa\u011flamakta zorland\u0131 ve Rennes tak\u0131m\u0131 3 kolay gol att\u0131. Bizim de m\u00fcdahale etmemiz gerekiyordu. Futbolda time out yok. Dolay\u0131s\u0131yla ma\u00e7 i\u00e7erisinde oyuncular\u0131mla ileti\u015fim de bulunup Arao-Crespo aras\u0131nda pozisyon de\u011fi\u015fikli\u011fi yapmak durumunda kald\u0131m. \u00c7\u00fcnk\u00fc Majer Crespo\u2019nun arkas\u0131nda s\u00fcrekli bo\u015f kal\u0131yordu. 3-1\u2019e getirince ma\u00e7\u0131 tekrardan \u00e7evirebilece\u011fimize inand\u0131k. Devre aras\u0131nda neleri d\u00fczeltmemiz gerekti\u011fini konu\u015ftuk. 1 gol atarsak, beraberli\u011fi ya da galibiyeti getirebilece\u011fimize inan\u0131yorduk. Miha\u2019n\u0131n g\u00fczel bir frikik gol\u00fcnden sonra daha da \u00e7ok inand\u0131k. Bir \u015feyler yapmam\u0131z, m\u00fcdahale etmemiz gerekiyordu. Bunlar\u0131 da yapt\u0131k.<\/p><p>Zico\u2019nun rekorunu (Avrupa\u2019da 9 ma\u00e7 kaybetmemek) k\u0131rmak tabii ki isterim. \u00c7\u00fcnk\u00fc bu kazanarak devam etti\u011fimizin bir g\u00f6stergesi olurdu. Zico benim iyi bir arkada\u015f\u0131m. Ben Flamengo\u2019da \u00e7al\u0131\u015f\u0131rken biliyorsunuz ki o Flamengo tak\u0131m\u0131n\u0131n bir numaral\u0131 idol\u00fc. Kendisiyle baz\u0131 r\u00f6portajlar ger\u00e7ekle\u015ftiriyorduk. Kendisinin bir YouTube kanal\u0131 var ve zaman zaman bir araya geliyorduk. Bu rekorda onun ad\u0131mlar\u0131n\u0131 takip etmek benim i\u00e7in bir mutluluk.<\/p><p>Ma\u00e7\u0131n ilk yar\u0131s\u0131nda rakibimiz \u00e7ok fazla bo\u015fluk buldular, \u00e7ok etkililerdi. Lovro Majer oyundan d\u00fc\u015fmeye ba\u015flad\u0131ktan sonra biz daha fazla bo\u015fluk bulduk. Bu da bizim i\u015fimizi kolayla\u015ft\u0131rd\u0131. Taktiksel pozisyonumuz daha iyi seviyeye \u00e7\u0131kt\u0131. Daha fazla top tutmaya ve \u015fut \u00e7ekmeye ba\u015flad\u0131k. Ma\u00e7 da bu \u015fekilde de\u011fi\u015fti bizim a\u00e7\u0131m\u0131zdan. Tabii ki daha fazla top tuttu\u011funuz zaman gol atmaya daha \u00e7ok yakla\u015fm\u0131\u015f oluyorsunuz. Rennes Avrupa\u2019n\u0131n en \u00fcst seviye tak\u0131mlar\u0131ndan biri, bununla ilgili hi\u00e7bir \u015f\u00fcphemiz yok. Tahminimce PSG ligi birinci bitirecek, Rennes tak\u0131m\u0131 ikinci ya da \u00fc\u00e7\u00fcnc\u00fc bitirecektir. \u00c7ok kaliteli ve \u00e7abuk bir tak\u0131m. Fransa Ligi\u2019nde PSG\u2019den sonra en \u00e7ok gol atan ikinci tak\u0131m; 25 gol att\u0131lar. Bu da onlar\u0131n ne kadar iyi bir tak\u0131m olduklar\u0131n\u0131n g\u00f6stergesi. Biz iyi bir ba\u015flang\u0131\u00e7 yapamam\u0131\u015ft\u0131k ama daha sonra hatalar\u0131m\u0131z\u0131 d\u00fczelttik. Defansif organizasyonumuz daha iyi bir seviyeye geldi. Bug\u00fcn ikinci yar\u0131da fark yaratan fakt\u00f6rler bunlard\u0131. Zaten bunlar\u0131n olaca\u011f\u0131n\u0131 devre aras\u0131nda oyuncular\u0131ma s\u00f6ylemi\u015ftim. Rakibimiz ilk yar\u0131da \u00fcst d\u00fczey bir \u00f6nde bask\u0131 yapt\u0131. T\u0131pk\u0131 Fenerbah\u00e7e\u2019nin di\u011fer rakiplerine yapt\u0131\u011f\u0131 gibi. Bizi oynatmad\u0131lar, dolay\u0131s\u0131yla biz de topu tutamad\u0131k. Hi\u00e7bir tak\u0131m 90 dakika boyunca bu tempoda bask\u0131 yapamaz. Ayn\u0131 \u015fey Fenerbah\u00e7e i\u00e7in de ge\u00e7erli. O y\u00fczden futbol bir oyun ve bu oyunu hem pozitif hem de negatif y\u00f6nleriyle oynamay\u0131 bilmeniz gerekiyor. Bizim a\u00e7\u0131m\u0131zdan belirleyici fakt\u00f6r buydu. \u015eu an Fenerbah\u00e7e hem mental hem de psikolojik olarak \u00e7ok g\u00fc\u00e7l\u00fc. Bize kar\u015f\u0131 kazanmak kolay de\u011fil.<\/p><p>Her oyuncu, her teknik direkt\u00f6r b\u00f6yle bir skoru koruyamad\u0131\u011f\u0131 zaman su\u00e7lu hisseder. Antren\u00f6rler ve oyuncular b\u00f6yle durumlarda sorumlulu\u011fu endi \u00fcstlerine al\u0131rlar. Onlar da bu \u015fekilde d\u00fc\u015f\u00fcn\u00fcyorlar. Bence daha \u00e7ok Fenerbah\u00e7e\u2019nin hakk\u0131n\u0131n verilmesi gerekiyor. Hakem son d\u00fcd\u00fc\u011f\u00fc \u00e7almadan hi\u00e7bir ma\u00e7 bitmiyor. Fenerbah\u00e7e gibi sava\u015fan, inanan sonuna kadar ma\u00e7\u0131 \u00e7evirece\u011fine inanan tak\u0131mlara kar\u015f\u0131 oynuyorsunuz bu durum daha da zorla\u015ft\u0131r\u0131yor. \u0130\u015fin s\u0131rr\u0131 inanmak. Kaybetmedik, kazanamad\u0131k da. Berabere kald\u0131k. Grubun son ma\u00e7\u0131nda birincilik i\u00e7in m\u00fccadele edecek. Bu sezon tak\u0131m Avrupa\u2019da g\u00fczel bir yolda ilerliyor. Umar\u0131m son ma\u00e7ta sonra alt\u0131n anahtar\u0131 alan biz oluruz. Daha fazla gol atarak kazan\u0131r\u0131z ve gruptan birinci \u00e7\u0131kar\u0131z.<\/p><p>Biz 3-4 g\u00fcde bir ma\u00e7 yapman\u0131n bedelini \u00f6d\u00fcyoruz. Genelde bu tarz durumlarda tak\u0131m i\u00e7erisinde daha \u00e7ok s\u00fcre alan oyuncular sakatl\u0131k riskinin limitinde olurlar. Bu benim tahmin etti\u011fim bir durumdu. Attila, Gustavo, Serdar Aziz neredeyse her ma\u00e7 90 dakika oynuyorlar, dinlenme f\u0131rsatlar\u0131 olmuyor. Dolay\u0131s\u0131yla her an sakatlanabilecekleri ihtimalini \u00f6n g\u00f6r\u00fcyorduk. Belirtmi\u015f oldu\u011fum gibi i\u00e7inde bulundu\u011fumuz durumun bedeli. Haftada 1 ma\u00e7 yap\u0131yor olsayd\u0131k b\u00f6yle bir risk olmazd\u0131. Sahada 3 stoperle oynuyoruz ama savunma esnas\u0131nda arka hatt\u0131 d\u00f6rtl\u00fcyoruz. Elimde bir stoper daha olsa iyi olurdu \u00e7\u00fck\u00fc Luan Perez\u2019in ne aman d\u00f6nece\u011fini bilmiyoruz. Gustavo da bir kas sakatl\u0131\u011f\u0131 ya\u015fad\u0131, minimum 2 ma\u00e7 olmayacak gibi g\u00f6z\u00fck\u00fcyor. Dolay\u0131s\u0131yla futbolda bu tarz \u015feyler olabiliyor. Bunlar\u0131n \u00fcstesinden gelmeniz laz\u0131m. Tak\u0131ma bir pozisyonda oyuncu kat\u0131lacak olsa stoper isterdim.<\/p><p>Fenerbah\u00e7e oyuncular\u0131 biliyor ki hepsi benim i\u00e7in \u00e7ok \u00f6nemli. \u00dc\u00e7 g\u00fcnde bir ma\u00e7 yap\u0131yoruz, dolay\u0131s\u0131yla s\u00fcrekli rotasyon yapt\u0131\u011f\u0131m\u0131 da biliyorlar. Bu ma\u00e7ta \u00e7ok fazla yapamad\u0131m. Ba\u015fak\u015fehir ma\u00e7\u0131ndan 3 oyuncu de\u011fi\u015ftirebildim. Hepsi benim i\u00e7in \u00e7ok \u00f6nemli. Fenerbah\u00e7e taraftarlar\u0131 da bilmeli ki tak\u0131m\u0131m\u0131zda herkes \u00f6nemli. Tak\u0131m\u0131n\u0131z\u0131 seviyorsan\u0131z oyuncular aras\u0131nda ayr\u0131m yapmaman\u0131z gerekiyor. Tak\u0131m ac\u0131 \u00e7ekti\u011finde ac\u0131 \u00e7ekmeniz, tak\u0131m mutlu oldu\u011funda mutlu olman\u0131z gerekiyor. Tabii ki tak\u0131mlar\u0131n\u0131 \u00e7ok seviyorlar. Baz\u0131 oyuncular\u0131 daha fazla sevmeleri normal ama herkese sayg\u0131 g\u00f6stermeleri gerekiyor. Hi\u00e7bir insan \u00e7ocuklar\u0131 aras\u0131nda ayr\u0131m yapmaz, \u00e7ocuklar\u0131n\u0131 e\u015fit sever. Futbolda da Fenerbah\u00e7e taraftar\u0131 i\u00e7in bu \u015fekilde olmal\u0131. Para size galibiyet getirmiyor ama en iyi oyuncular\u0131 tak\u0131m\u0131n\u0131za alman\u0131zda yard\u0131mc\u0131 oluyor. Bug\u00fcn Rennes tak\u0131m\u0131n\u0131n \u00f6n b\u00f6lgesinde oynayan \u00fc\u00e7 oyuncusu 70 milyon Euro. Yani Rennes tak\u0131m\u0131 bir oyuncuya 20-30 milyon Euro \u00f6deyebiliyor. Yani bug\u00fcn herhangi bir tak\u0131ma kar\u015f\u0131 oynamad\u0131k. Taraftarlar\u0131m\u0131z\u0131n bunu anlamas\u0131n\u0131 istiyorum. Ma\u00e7\u0131 bizim i\u00e7in zorla\u015ft\u0131rd\u0131lar. Taraftar\u0131n tak\u0131ma hep inanmas\u0131 gerekiyor ki bug\u00fcn bunu yapt\u0131lar. Hem oyuncular\u0131 hem de taraftarlar\u0131m\u0131z\u0131 tebrik ediyorum. Taraftarlar\u0131m\u0131z sonuna kadar inand\u0131\u011f\u0131 i\u00e7in beraberli\u011fi yakalayabildik. Taraftarlar\u0131n ve oyuncular\u0131n birlik olmas\u0131 gerekiyor. Ancak bu \u015fekilde bir tak\u0131m olabiliriz. Sadece kazand\u0131\u011f\u0131 zaman tak\u0131m\u0131n\u0131 alk\u0131\u015flayan taraftar benim i\u00e7in s\u0131f\u0131rd\u0131r. Dolay\u0131s\u0131yla her ma\u00e7 e\u015fit olmas\u0131 gerekiyor. Ben buraya bu y\u00fczden geldim. Buraya gelirken Fenerbah\u00e7e taraftarlar\u0131n\u0131n tak\u0131mlar\u0131n\u0131 ne kadar sevdi\u011fini hissetti\u011fim i\u00e7in geldim.\u201d<\/p><\/blockquote>\n","protected":false},"excerpt":{"rendered":"<p>Teknik Direkt\u00f6r\u00fcm\u00fcz Jorge Jesus, UEFA Avrupa Ligi B Grubu ma\u00e7\u0131nda Rennes ile oynanan m\u00fccadelenin ard\u0131ndan yapt\u0131\u011f\u0131 de\u011ferlendirmelerde \u015funlar\u0131 s\u00f6yledi: &#8220;Bir kere daha Fenerbah\u00e7e g\u00fczel bir ma\u00e7 \u00e7\u0131kartt\u0131. Ma\u00e7\u0131n her an\u0131 g\u00fczeldi. 3-0\u2019dan skoru \u00e7evirebilmeniz i\u00e7in inanman\u0131z gerekir. Bug\u00fcn de bunu yapt\u0131k. Kazanamad\u0131k ama beraberli\u011fi sa\u011flad\u0131k. Ayn\u0131 zamanda taraftarlara seslenmek istiyorum. Oyuncular aras\u0131nda ayr\u0131m yapmay\u0131n. \u0130yi [&hellip;]<\/p>\n","protected":false},"author":1,"featured_media":18837,"comment_status":"closed","ping_status":"closed","sticky":false,"template":"","format":"standard","meta":{"jnews-multi-image_gallery":[],"jnews_single_post":{"subtitle":"Teknik Direkt\u00f6r\u00fcm\u00fcz Jorge Jesus, 3-3 e\u015fitlikle biten Rennes ma\u00e7\u0131 sonras\u0131 d\u00fczenlenen bas\u0131n toplant\u0131s\u0131nda a\u00e7\u0131klamalarda bulundu.","format":"standard","video":"","gallery":"","source_name":"","source_url":"","via_name":"","via_url":"","override_template":"0","override":[{"template":"1","single_blog_custom":"","parallax":"1","fullscreen":"1","layout":"right-sidebar","sidebar":"mysidebar","second_sidebar":"default-sidebar","sticky_sidebar":"1","share_position":"float","share_float_style":"share-normal","show_share_counter":"1","show_view_counter":"1","show_featured":"1","show_post_meta":"1","show_post_author":"0","show_post_author_image":"1","show_post_date":"1","post_date_format":"default","post_date_format_custom":"Y\/m\/d","show_post_category":"0","show_post_reading_time":"0","post_reading_time_wpm":"300","show_zoom_button":"0","zoom_button_out_step":"2","zoom_button_in_step":"3","show_post_tag":"0","show_prev_next_post":"1","show_popup_post":"0","number_popup_post":"3","show_author_box":"0","show_post_related":"0","show_inline_post_related":"0"}],"override_image_size":"0","image_override":[{"single_post_thumbnail_size":"crop-500","single_post_gallery_size":"crop-500"}],"trending_post":"0","trending_post_position":"meta","trending_post_label":"Trending","sponsored_post":"0","sponsored_post_label":"Sponsored by","sponsored_post_name":"","sponsored_post_url":"","sponsored_post_logo_enable":"0","sponsored_post_logo":"","sponsored_post_desc":"","disable_ad":"0"},"jnews_primary_category":{"id":"4"},"jnews_social_meta":{"fb_title":"","fb_description":"","fb_image":"","twitter_title":"","twitter_description":"","twitter_image":""},"jnews_override_counter":{"override_view_counter":"0","view_counter_number":"0","override_share_counter":"0","share_counter_number":"0","override_like_counter":"0","like_counter_number":"0","override_dislike_counter":"0","dislike_counter_number":"0"},"footnotes":""},"categories":[4,2,47],"tags":[23,54],"class_list":["post-18836","post","type-post","status-publish","format-standard","has-post-thumbnail","hentry","category-futbol","category-haberler","category-profesyonel-a-futbol-takimi","tag-fenerbahce","tag-futbol"],"amp_enabled":true,"_links":{"self":[{"href":"https:\/\/www.fener.org\/index.php\/wp-json\/wp\/v2\/posts\/18836","targetHints":{"allow":["GET"]}}],"collection":[{"href":"https:\/\/www.fener.org\/index.php\/wp-json\/wp\/v2\/posts"}],"about":[{"href":"https:\/\/www.fener.org\/index.php\/wp-json\/wp\/v2\/types\/post"}],"author":[{"embeddable":true,"href":"https:\/\/www.fener.org\/index.php\/wp-json\/wp\/v2\/users\/1"}],"replies":[{"embeddable":true,"href":"https:\/\/www.fener.org\/index.php\/wp-json\/wp\/v2\/comments?post=18836"}],"version-history":[{"count":1,"href":"https:\/\/www.fener.org\/index.php\/wp-json\/wp\/v2\/posts\/18836\/revisions"}],"predecessor-version":[{"id":18838,"href":"https:\/\/www.fener.org\/index.php\/wp-json\/wp\/v2\/posts\/18836\/revisions\/18838"}],"wp:featuredmedia":[{"embeddable":true,"href":"https:\/\/www.fener.org\/index.php\/wp-json\/wp\/v2\/media\/18837"}],"wp:attachment":[{"href":"https:\/\/www.fener.org\/index.php\/wp-json\/wp\/v2\/media?parent=18836"}],"wp:term":[{"taxonomy":"category","embeddable":true,"href":"https:\/\/www.fener.org\/index.php\/wp-json\/wp\/v2\/categories?post=18836"},{"taxonomy":"post_tag","embeddable":true,"href":"https:\/\/www.fener.org\/index.php\/wp-json\/wp\/v2\/tags?post=18836"}],"curies":[{"name":"wp","href":"https:\/\/api.w.org\/{rel}","templated":true}]}}