{"id":18765,"date":"2022-10-22T10:46:47","date_gmt":"2022-10-22T07:46:47","guid":{"rendered":"https:\/\/www.fener.org\/?p=18765"},"modified":"2022-10-22T10:46:51","modified_gmt":"2022-10-22T07:46:51","slug":"fenerbahce-m-basaksehiri-konuk-ediyor","status":"publish","type":"post","link":"https:\/\/www.fener.org\/index.php\/2022\/10\/22\/fenerbahce-m-basaksehiri-konuk-ediyor\/","title":{"rendered":"Fenerbah\u00e7e, M. Ba\u015fak\u015fehir\u2019i konuk ediyor"},"content":{"rendered":"\n<p>Fenerbah\u00e7emiz, Spor Toto S\u00fcper Lig&#8217;in 11. haftas\u0131nda bug\u00fcn (22 Ekim Cumartesi g\u00fcn\u00fc) Medipol Ba\u015fak\u015fehir ile kar\u015f\u0131la\u015facak. \u00dclker Stadyumu Fenerbah\u00e7e \u015e\u00fckr\u00fc Saraco\u011flu Spor Kompleksi\u2019nde oynanacak ve saat 20.00&#8217;de ba\u015flayacak m\u00fcsabakay\u0131, hakem Zorbay K\u00fc\u00e7\u00fck y\u00f6netecek.<\/p>\n\n\n\n<p>Ligin 10. haftas\u0131nda deplasmanda oynad\u0131\u011f\u0131 ma\u00e7ta MKE Ankarag\u00fcc\u00fc&#8217;n\u00fc 3-0 ma\u011flup ederek puan\u0131n\u0131 20&#8217;ye \u00e7\u0131karan Fenerbah\u00e7emiz, haftaya ikinci s\u0131rada girdi.<\/p>\n\n\n\n<p>\u0130ki tak\u0131m aras\u0131nda 2007-2008 sezonundan bu yana oynanan 28 ma\u00e7ta Tak\u0131m\u0131m\u0131z 14, Ba\u015fak\u015fehir ise 11 galibiyet elde etti. \u00dc\u00e7 m\u00fcsabaka ise berabere sonu\u00e7land\u0131. Bu ma\u00e7larda Fenerbah\u00e7emiz 39 gol atarken, Medipol Ba\u015fak\u015fehir ise 32 kez fileleri havaland\u0131rd\u0131. \u00dclker Stadyumu Fenerbah\u00e7e \u015e\u00fckr\u00fc Saraco\u011flu Spor Kompleksi\u2019nde yap\u0131lan S\u00fcper Lig m\u00fcsabakalar\u0131nda Fenerbah\u00e7emiz 25, Medipol Ba\u015fak\u015fehir ise 10 gol kaydetti.<\/p>\n","protected":false},"excerpt":{"rendered":"<p>Fenerbah\u00e7emiz, Spor Toto S\u00fcper Lig&#8217;in 11. haftas\u0131nda bug\u00fcn (22 Ekim Cumartesi g\u00fcn\u00fc) Medipol Ba\u015fak\u015fehir ile kar\u015f\u0131la\u015facak. \u00dclker Stadyumu Fenerbah\u00e7e \u015e\u00fckr\u00fc Saraco\u011flu Spor Kompleksi\u2019nde oynanacak ve saat 20.00&#8217;de ba\u015flayacak m\u00fcsabakay\u0131, hakem Zorbay K\u00fc\u00e7\u00fck y\u00f6netecek. Ligin 10. haftas\u0131nda deplasmanda oynad\u0131\u011f\u0131 ma\u00e7ta MKE Ankarag\u00fcc\u00fc&#8217;n\u00fc 3-0 ma\u011flup ederek puan\u0131n\u0131 20&#8217;ye \u00e7\u0131karan Fenerbah\u00e7emiz, haftaya ikinci s\u0131rada girdi. \u0130ki tak\u0131m aras\u0131nda [&hellip;]<\/p>\n","protected":false},"author":1,"featured_media":18766,"comment_status":"closed","ping_status":"closed","sticky":false,"template":"","format":"standard","meta":{"jnews-multi-image_gallery":[],"jnews_single_post":{"subtitle":"Fenerbah\u00e7e, S\u00fcper Lig'in 11. haftas\u0131nda Medipol Ba\u015fak\u015fehir'i a\u011f\u0131rl\u0131yor.","format":"standard","video":"","gallery":"","source_name":"","source_url":"","via_name":"","via_url":"","override_template":"0","override":[{"template":"1","single_blog_custom":"","parallax":"1","fullscreen":"1","layout":"right-sidebar","sidebar":"mysidebar","second_sidebar":"default-sidebar","sticky_sidebar":"1","share_position":"float","share_float_style":"share-normal","show_share_counter":"1","show_view_counter":"1","show_featured":"1","show_post_meta":"1","show_post_author":"0","show_post_author_image":"1","show_post_date":"1","post_date_format":"default","post_date_format_custom":"Y\/m\/d","show_post_category":"0","show_post_reading_time":"0","post_reading_time_wpm":"300","show_zoom_button":"0","zoom_button_out_step":"2","zoom_button_in_step":"3","show_post_tag":"0","show_prev_next_post":"1","show_popup_post":"0","number_popup_post":"3","show_author_box":"0","show_post_related":"0","show_inline_post_related":"0"}],"override_image_size":"0","image_override":[{"single_post_thumbnail_size":"crop-500","single_post_gallery_size":"crop-500"}],"trending_post":"0","trending_post_position":"meta","trending_post_label":"Trending","sponsored_post":"0","sponsored_post_label":"Sponsored by","sponsored_post_name":"","sponsored_post_url":"","sponsored_post_logo_enable":"0","sponsored_post_logo":"","sponsored_post_desc":"","disable_ad":"0"},"jnews_primary_category":{"id":"4"},"jnews_social_meta":{"fb_title":"","fb_description":"","fb_image":"","twitter_title":"","twitter_description":"","twitter_image":""},"jnews_override_counter":{"override_view_counter":"0","view_counter_number":"0","override_share_counter":"0","share_counter_number":"0","override_like_counter":"0","like_counter_number":"0","override_dislike_counter":"0","dislike_counter_number":"0"},"footnotes":""},"categories":[4,2,47],"tags":[23,54],"class_list":["post-18765","post","type-post","status-publish","format-standard","has-post-thumbnail","hentry","category-futbol","category-haberler","category-profesyonel-a-futbol-takimi","tag-fenerbahce","tag-futbol"],"amp_enabled":true,"_links":{"self":[{"href":"https:\/\/www.fener.org\/index.php\/wp-json\/wp\/v2\/posts\/18765","targetHints":{"allow":["GET"]}}],"collection":[{"href":"https:\/\/www.fener.org\/index.php\/wp-json\/wp\/v2\/posts"}],"about":[{"href":"https:\/\/www.fener.org\/index.php\/wp-json\/wp\/v2\/types\/post"}],"author":[{"embeddable":true,"href":"https:\/\/www.fener.org\/index.php\/wp-json\/wp\/v2\/users\/1"}],"replies":[{"embeddable":true,"href":"https:\/\/www.fener.org\/index.php\/wp-json\/wp\/v2\/comments?post=18765"}],"version-history":[{"count":1,"href":"https:\/\/www.fener.org\/index.php\/wp-json\/wp\/v2\/posts\/18765\/revisions"}],"predecessor-version":[{"id":18767,"href":"https:\/\/www.fener.org\/index.php\/wp-json\/wp\/v2\/posts\/18765\/revisions\/18767"}],"wp:featuredmedia":[{"embeddable":true,"href":"https:\/\/www.fener.org\/index.php\/wp-json\/wp\/v2\/media\/18766"}],"wp:attachment":[{"href":"https:\/\/www.fener.org\/index.php\/wp-json\/wp\/v2\/media?parent=18765"}],"wp:term":[{"taxonomy":"category","embeddable":true,"href":"https:\/\/www.fener.org\/index.php\/wp-json\/wp\/v2\/categories?post=18765"},{"taxonomy":"post_tag","embeddable":true,"href":"https:\/\/www.fener.org\/index.php\/wp-json\/wp\/v2\/tags?post=18765"}],"curies":[{"name":"wp","href":"https:\/\/api.w.org\/{rel}","templated":true}]}}