{"id":18761,"date":"2022-10-21T20:42:28","date_gmt":"2022-10-21T17:42:28","guid":{"rendered":"https:\/\/www.fener.org\/?p=18761"},"modified":"2022-10-21T20:42:32","modified_gmt":"2022-10-21T17:42:32","slug":"fenerbahce-beko-manisa-buyuksehir-belediye-spora-konuk-oluyor","status":"publish","type":"post","link":"https:\/\/www.fener.org\/index.php\/2022\/10\/21\/fenerbahce-beko-manisa-buyuksehir-belediye-spora-konuk-oluyor\/","title":{"rendered":"Fenerbah\u00e7e Beko, Manisa B\u00fcy\u00fck\u015fehir Belediye Spor\u2019a konuk oluyor"},"content":{"rendered":"\n<p>Fenerbah\u00e7e Beko Erkek Basketbol Tak\u0131m\u0131m\u0131z, T\u00fcrkiye Sigorta Basketbol S\u00fcper Ligi 2022-23 sezonu d\u00f6rd\u00fcnc\u00fc hafta ma\u00e7\u0131nda Manisa B\u00fcy\u00fck\u015fehir Belediye Spor\u2019a konuk oluyor. Yar\u0131n (22 Ekim Cumartesi g\u00fcn\u00fc) saat 20.30\u2019da Muradiye Spor Salonu\u2019nda oynanacak m\u00fccadele beIN Sports 5 taraf\u0131ndan canl\u0131 yay\u0131nlanacak.<\/p>\n\n\n\n<p>Ekibimiz, Turkish Airlines EuroLeague\u2019de \u00e7ift ma\u00e7 haftas\u0131n\u0131 iki galibiyetle tamamlad\u0131. 18 Ekim Sal\u0131 g\u00fcn\u00fc Frans\u0131z temsilcisi LDLC Asvel\u2019i konuk eden Fenerbah\u00e7e Beko, rakibini 84-63 yendi. Tak\u0131m\u0131m\u0131zda Carsen Edwards 19 say\u0131, Scottie Wilbekin 15 say\u0131, Johnathan Motley ise 13 say\u0131 \u00fcretti. M\u00fccadelenin MVP\u2019si ise 11 say\u0131, 8 asist, 3 ribaund, 1 top \u00e7alma ile Nick Calathes oldu. Ekibimiz, 20 Ekim Per\u015fembe g\u00fcn\u00fc ise Valencia Basket\u2019i \u00dclker Spor ve Etkinlik Salonu\u2019nda a\u011f\u0131rlad\u0131. M\u00fccadeleden 79-77 galip ayr\u0131larak d\u00f6rtte d\u00f6rt yapan Fenerbah\u00e7e Beko\u2019da Scottie Wilbekin 20, Nigel Hayes-Davis 17, Johnathan Motley 16 say\u0131 \u00fcretti.<\/p>\n\n\n\n<p>Fenerbah\u00e7e Beko, T\u00fcrkiye Sigorta Basketbol S\u00fcper Ligi&#8217;ndeki son ma\u00e7\u0131nda 16 Ekim Pazar g\u00fcn\u00fc \u00dclker Spor ve Etkinlik Salonu\u2019nda Ayos Konyaspor\u2019u konuk etti. Tak\u0131m\u0131m\u0131z, rakibini 85-71 yenerek \u00fc\u00e7te \u00fc\u00e7 yapt\u0131. Ekibimizde Carsen Edwards 20, Johnathan Motley 14, Metecan Birsen 11 say\u0131 \u00fcretti.<\/p>\n\n\n\n<p>Ko\u00e7 Ceyhun Cabadak taraf\u0131ndan \u00e7al\u0131\u015ft\u0131r\u0131lan Manisa B\u00fcy\u00fck\u015fehir Belediye Spor bu sezon T\u00fcrkiye Sigorta Basketbol S\u00fcper Ligi\u2019nde oynad\u0131\u011f\u0131 \u00fc\u00e7 ma\u00e7ta bir galibiyet ald\u0131. Rakibimiz, son olarak 15 Ekim Cumartesi g\u00fcn\u00fc konuk oldu\u011fu Tofa\u015f\u2019a 90-69 ma\u011flup oldu.<\/p>\n","protected":false},"excerpt":{"rendered":"<p>Fenerbah\u00e7e Beko Erkek Basketbol Tak\u0131m\u0131m\u0131z, T\u00fcrkiye Sigorta Basketbol S\u00fcper Ligi 2022-23 sezonu d\u00f6rd\u00fcnc\u00fc hafta ma\u00e7\u0131nda Manisa B\u00fcy\u00fck\u015fehir Belediye Spor\u2019a konuk oluyor. Yar\u0131n (22 Ekim Cumartesi g\u00fcn\u00fc) saat 20.30\u2019da Muradiye Spor Salonu\u2019nda oynanacak m\u00fccadele beIN Sports 5 taraf\u0131ndan canl\u0131 yay\u0131nlanacak. Ekibimiz, Turkish Airlines EuroLeague\u2019de \u00e7ift ma\u00e7 haftas\u0131n\u0131 iki galibiyetle tamamlad\u0131. 18 Ekim Sal\u0131 g\u00fcn\u00fc Frans\u0131z temsilcisi [&hellip;]<\/p>\n","protected":false},"author":1,"featured_media":18588,"comment_status":"closed","ping_status":"closed","sticky":false,"template":"","format":"standard","meta":{"jnews-multi-image_gallery":[],"jnews_single_post":{"subtitle":"Fenerbah\u00e7e Erkek Basketbol Tak\u0131m\u0131m\u0131z, Basketbol S\u00fcper Ligi'nde d\u00f6rd\u00fcnc\u00fc hafta ma\u00e7\u0131nda deplasmanda Manisa B\u00fcy\u00fck\u015fehir Belediye Spor ile m\u00fccadele edecek.","format":"standard","video":"","gallery":"","source_name":"","source_url":"","via_name":"","via_url":"","override_template":"0","override":[{"template":"1","single_blog_custom":"","parallax":"1","fullscreen":"1","layout":"right-sidebar","sidebar":"mysidebar","second_sidebar":"default-sidebar","sticky_sidebar":"1","share_position":"float","share_float_style":"share-normal","show_share_counter":"1","show_view_counter":"1","show_featured":"1","show_post_meta":"1","show_post_author":"0","show_post_author_image":"1","show_post_date":"1","post_date_format":"default","post_date_format_custom":"Y\/m\/d","show_post_category":"0","show_post_reading_time":"0","post_reading_time_wpm":"300","show_zoom_button":"0","zoom_button_out_step":"2","zoom_button_in_step":"3","show_post_tag":"0","show_prev_next_post":"1","show_popup_post":"0","number_popup_post":"3","show_author_box":"0","show_post_related":"0","show_inline_post_related":"0"}],"override_image_size":"0","image_override":[{"single_post_thumbnail_size":"crop-500","single_post_gallery_size":"crop-500"}],"trending_post":"0","trending_post_position":"meta","trending_post_label":"Trending","sponsored_post":"0","sponsored_post_label":"Sponsored by","sponsored_post_name":"","sponsored_post_url":"","sponsored_post_logo_enable":"0","sponsored_post_logo":"","sponsored_post_desc":"","disable_ad":"0"},"jnews_primary_category":{"id":"5"},"jnews_social_meta":{"fb_title":"","fb_description":"","fb_image":"","twitter_title":"","twitter_description":"","twitter_image":""},"jnews_override_counter":{"override_view_counter":"0","view_counter_number":"0","override_share_counter":"0","share_counter_number":"0","override_like_counter":"0","like_counter_number":"0","override_dislike_counter":"0","dislike_counter_number":"0"},"footnotes":""},"categories":[5,6,2],"tags":[24,23],"class_list":["post-18761","post","type-post","status-publish","format-standard","has-post-thumbnail","hentry","category-basketbol","category-erkek-basketbol","category-haberler","tag-basketbol","tag-fenerbahce"],"amp_enabled":true,"_links":{"self":[{"href":"https:\/\/www.fener.org\/index.php\/wp-json\/wp\/v2\/posts\/18761","targetHints":{"allow":["GET"]}}],"collection":[{"href":"https:\/\/www.fener.org\/index.php\/wp-json\/wp\/v2\/posts"}],"about":[{"href":"https:\/\/www.fener.org\/index.php\/wp-json\/wp\/v2\/types\/post"}],"author":[{"embeddable":true,"href":"https:\/\/www.fener.org\/index.php\/wp-json\/wp\/v2\/users\/1"}],"replies":[{"embeddable":true,"href":"https:\/\/www.fener.org\/index.php\/wp-json\/wp\/v2\/comments?post=18761"}],"version-history":[{"count":1,"href":"https:\/\/www.fener.org\/index.php\/wp-json\/wp\/v2\/posts\/18761\/revisions"}],"predecessor-version":[{"id":18762,"href":"https:\/\/www.fener.org\/index.php\/wp-json\/wp\/v2\/posts\/18761\/revisions\/18762"}],"wp:featuredmedia":[{"embeddable":true,"href":"https:\/\/www.fener.org\/index.php\/wp-json\/wp\/v2\/media\/18588"}],"wp:attachment":[{"href":"https:\/\/www.fener.org\/index.php\/wp-json\/wp\/v2\/media?parent=18761"}],"wp:term":[{"taxonomy":"category","embeddable":true,"href":"https:\/\/www.fener.org\/index.php\/wp-json\/wp\/v2\/categories?post=18761"},{"taxonomy":"post_tag","embeddable":true,"href":"https:\/\/www.fener.org\/index.php\/wp-json\/wp\/v2\/tags?post=18761"}],"curies":[{"name":"wp","href":"https:\/\/api.w.org\/{rel}","templated":true}]}}