{"id":18745,"date":"2022-10-20T10:16:20","date_gmt":"2022-10-20T07:16:20","guid":{"rendered":"https:\/\/www.fener.org\/?p=18745"},"modified":"2022-10-20T10:16:20","modified_gmt":"2022-10-20T07:16:20","slug":"fenerbahce-beko-valencia-basketi-konuk-ediyor-2","status":"publish","type":"post","link":"https:\/\/www.fener.org\/index.php\/2022\/10\/20\/fenerbahce-beko-valencia-basketi-konuk-ediyor-2\/","title":{"rendered":"Fenerbah\u00e7e Beko, Valencia Basket&#8217;i konuk ediyor"},"content":{"rendered":"\n<p>Fenerbah\u00e7e Beko Erkek Basketbol Tak\u0131m\u0131m\u0131z, Turkish Airlines EuroLeague 2022-23 sezonu 4. hafta ma\u00e7\u0131nda Valencia Basket\u2019i konuk ediyor. Bug\u00fcn (20 Ekim Per\u015fembe g\u00fcn\u00fc) saat 20.45\u2019te \u00dclker Spor ve Etkinlik Salonu\u2019nda oynanacak m\u00fccadele S Sport taraf\u0131ndan canl\u0131 yay\u0131nlanacak. M\u00fcsabakay\u0131 Robert Lottermoser (Almanya), Saulius Racys (Litvanya), Milan Nedovic (Slovenya) hakem \u00fc\u00e7l\u00fcs\u00fc y\u00f6netecek.<\/p>\n\n\n\n<p>Ekibimiz, Turkish Airlines EuroLeague\u2019de \u00e7ift ma\u00e7 haftas\u0131n\u0131n ilk ma\u00e7\u0131nda 18 Ekim Sal\u0131 g\u00fcn\u00fc Frans\u0131z temsilcisi LDLC Asvel\u2019i konuk etti. Fenerbah\u00e7e Beko, rakibini 84-63 yenerek \u00fc\u00e7te \u00fc\u00e7 yapt\u0131.<\/p>\n\n\n\n<p>Fenerbah\u00e7e Beko, T\u00fcrkiye Sigorta Basketbol S\u00fcper Ligi&#8217;ndeki son ma\u00e7\u0131nda 16 Ekim Pazar g\u00fcn\u00fc \u00dclker Spor ve Etkinlik Salonu\u2019nda Ayos Konyaspor\u2019u konuk etti. Tak\u0131m\u0131m\u0131z, rakibini 85-71 yenerek ligde oynad\u0131\u011f\u0131 \u00fc\u00e7\u00fcnc\u00fc ma\u00e7\u0131 da kazand\u0131.<\/p>\n\n\n\n<p>Ko\u00e7 Alex Mumbru taraf\u0131ndan \u00e7al\u0131\u015ft\u0131r\u0131lan Valencia Basket, bu sezon EuroLeague\u2019de oynad\u0131\u011f\u0131 \u00fc\u00e7 ma\u00e7ta bir galibiyet elde etti. Rakibimiz, \u00e7ift ma\u00e7 haftas\u0131n\u0131n ilk ma\u00e7\u0131nda 18 Ekim Sal\u0131 g\u00fcn\u00fc konuk oldu\u011fu Anadolu Efes\u2019i 91-92 yendi.<\/p>\n\n\n\n<p>Valencia, \u0130spanya Ligi ACB\u2019de ise d\u00f6rt ma\u00e7 sonunda iki galibiyet ald\u0131. \u0130spanyol temsilcisi, son olarak 16 Ekim Pazar g\u00fcn\u00fc konuk etti\u011fi UCAM Murcia\u2019ya 74-75 ma\u011flup oldu.<\/p>\n\n\n\n<p>Fenerbah\u00e7e Beko, Valencia ile EuroLeague\u2019in g\u00fcncel d\u00f6neminde sekiz kez kar\u015f\u0131la\u015ft\u0131 ve bu ma\u00e7larda d\u00f6rt galibiyet ald\u0131.<\/p>\n","protected":false},"excerpt":{"rendered":"<p>Fenerbah\u00e7e Beko Erkek Basketbol Tak\u0131m\u0131m\u0131z, Turkish Airlines EuroLeague 2022-23 sezonu 4. hafta ma\u00e7\u0131nda Valencia Basket\u2019i konuk ediyor. Bug\u00fcn (20 Ekim Per\u015fembe g\u00fcn\u00fc) saat 20.45\u2019te \u00dclker Spor ve Etkinlik Salonu\u2019nda oynanacak m\u00fccadele S Sport taraf\u0131ndan canl\u0131 yay\u0131nlanacak. M\u00fcsabakay\u0131 Robert Lottermoser (Almanya), Saulius Racys (Litvanya), Milan Nedovic (Slovenya) hakem \u00fc\u00e7l\u00fcs\u00fc y\u00f6netecek. Ekibimiz, Turkish Airlines EuroLeague\u2019de \u00e7ift ma\u00e7 [&hellip;]<\/p>\n","protected":false},"author":1,"featured_media":18631,"comment_status":"closed","ping_status":"closed","sticky":false,"template":"","format":"standard","meta":{"jnews-multi-image_gallery":[],"jnews_single_post":[],"jnews_primary_category":[],"jnews_social_meta":[],"jnews_override_counter":[],"footnotes":""},"categories":[5,6,2],"tags":[24,23],"class_list":["post-18745","post","type-post","status-publish","format-standard","has-post-thumbnail","hentry","category-basketbol","category-erkek-basketbol","category-haberler","tag-basketbol","tag-fenerbahce"],"amp_enabled":true,"_links":{"self":[{"href":"https:\/\/www.fener.org\/index.php\/wp-json\/wp\/v2\/posts\/18745","targetHints":{"allow":["GET"]}}],"collection":[{"href":"https:\/\/www.fener.org\/index.php\/wp-json\/wp\/v2\/posts"}],"about":[{"href":"https:\/\/www.fener.org\/index.php\/wp-json\/wp\/v2\/types\/post"}],"author":[{"embeddable":true,"href":"https:\/\/www.fener.org\/index.php\/wp-json\/wp\/v2\/users\/1"}],"replies":[{"embeddable":true,"href":"https:\/\/www.fener.org\/index.php\/wp-json\/wp\/v2\/comments?post=18745"}],"version-history":[{"count":1,"href":"https:\/\/www.fener.org\/index.php\/wp-json\/wp\/v2\/posts\/18745\/revisions"}],"predecessor-version":[{"id":18746,"href":"https:\/\/www.fener.org\/index.php\/wp-json\/wp\/v2\/posts\/18745\/revisions\/18746"}],"wp:featuredmedia":[{"embeddable":true,"href":"https:\/\/www.fener.org\/index.php\/wp-json\/wp\/v2\/media\/18631"}],"wp:attachment":[{"href":"https:\/\/www.fener.org\/index.php\/wp-json\/wp\/v2\/media?parent=18745"}],"wp:term":[{"taxonomy":"category","embeddable":true,"href":"https:\/\/www.fener.org\/index.php\/wp-json\/wp\/v2\/categories?post=18745"},{"taxonomy":"post_tag","embeddable":true,"href":"https:\/\/www.fener.org\/index.php\/wp-json\/wp\/v2\/tags?post=18745"}],"curies":[{"name":"wp","href":"https:\/\/api.w.org\/{rel}","templated":true}]}}