{"id":18727,"date":"2022-10-17T23:36:19","date_gmt":"2022-10-17T20:36:19","guid":{"rendered":"https:\/\/www.fener.org\/?p=18727"},"modified":"2022-10-17T23:36:42","modified_gmt":"2022-10-17T20:36:42","slug":"jorge-jesus-galibiyetler-her-zaman-iyidir","status":"publish","type":"post","link":"https:\/\/www.fener.org\/index.php\/2022\/10\/17\/jorge-jesus-galibiyetler-her-zaman-iyidir\/","title":{"rendered":"Jorge Jesus: Galibiyetler her zaman iyidir"},"content":{"rendered":"\n<p>Teknik Direkt\u00f6r\u00fcm\u00fcz Jorge Jesus, S\u00fcper Lig&#8217;in 10. hafta ma\u00e7\u0131nda deplasmanda Ankarag\u00fcc\u00fc kar\u015f\u0131s\u0131nda al\u0131nan 3-0&#8217;l\u0131k galibiyetin ard\u0131ndan yapt\u0131\u011f\u0131 a\u00e7\u0131klamada \u015funlar\u0131 s\u00f6yledi:<\/p>\n\n\n\n<blockquote class=\"wp-block-quote is-layout-flow wp-block-quote-is-layout-flow\"><p>\u201cGalibiyetler her zaman iyidir. 3-0 gibi net bir skor ald\u0131k, ilk yar\u0131m saati bizim i\u00e7in zorla\u015ft\u0131ran bir rakibe kar\u015f\u0131. Evet, 2 gol bulmu\u015ftuk ama \u00f6zellikle ilk 30 dakikada bize baz\u0131 zorluklar yaratt\u0131lar. Ama \u00f6nemli olan galip gelmekti. Her ma\u00e7 i\u00e7in galip gelmek en \u00f6nemli ama\u00e7. Oyuncular\u0131m\u0131 tebrik ediyorum. Her hafta hafta sonu oynad\u0131\u011f\u0131m\u0131z rakiplerden daha iyi olmak i\u00e7in \u00e7ok \u00e7al\u0131\u015f\u0131yoruz. Bug\u00fcn de bunu ba\u015fard\u0131k, 3 gol att\u0131k ama \u00e7ok gol atabilirdik. Enner Valencia ve Pedro\u2019nun ka\u00e7\u0131rd\u0131\u011f\u0131 pozisyonlarda 3-0\u2019\u0131 daha erken bulabilirdik ama \u00f6nemli olan kazanmak. Taraftarlar\u0131m\u0131za da te\u015fekk\u00fcr ediyorum. Bug\u00fcn statta \u00e7ok say\u0131da taraftar\u0131m\u0131z vard\u0131. Bize yard\u0131mc\u0131 oldular. \u015eimdi yapmam\u0131z gereken \u00f6n\u00fcm\u00fczde oynayaca\u011f\u0131m\u0131z lig ma\u00e7\u0131na ve sonras\u0131ndaki Rennes ma\u00e7\u0131na odaklanmak ki Rennes gruptaki en g\u00fc\u00e7l\u00fc rakip bana g\u00f6re.<\/p><p>Hafta i\u00e7i ma\u00e7 yapmayaca\u011f\u0131z. Cumartesi g\u00fcn\u00fc bir ma\u00e7\u0131m\u0131z var ve sonra per\u015fembe g\u00fcn\u00fc Avrupa ma\u00e7\u0131 oynayaca\u011f\u0131z. Hafta i\u00e7i ma\u00e7\u0131m\u0131z\u0131n olmamas\u0131 dinlenmek ad\u0131na g\u00fczel olacak. Ba\u015fak\u015fehir s\u0131ralamada bizim \u00fczerimizde. Zor ma\u00e7 olacak ama kendi saham\u0131zda taraftarlar\u0131m\u0131z\u0131n da deste\u011fiyle bu ma\u00e7\u0131 da kolayla\u015ft\u0131raca\u011f\u0131m\u0131za inan\u0131yorum. Kendimi iyi hissediyorum. \u00c7ok yo\u011fun bir periyottay\u0131z, haftada 2 ma\u00e7 yap\u0131yoruz ama bu durum benim i\u00e7in normal. Buna al\u0131\u015fk\u0131n\u0131m. Hem \u015eampiyonlar Ligi\u2019nde hem Avrupa Ligi\u2019nde m\u00fccadele etmeye al\u0131\u015fk\u0131n\u0131m. Benim \u00e7al\u0131\u015fma metodolojim bu. Bunu normal olarak kar\u015f\u0131l\u0131yorum.<\/p><p>Cumartesi g\u00fcn\u00fc oynayaca\u011f\u0131m\u0131z lig ma\u00e7\u0131nda taraftarlar\u0131m\u0131z\u0131 stada davet ediyorum ve o ma\u00e7ta kendilerinden Altay\u2019\u0131 trib\u00fcne \u00e7a\u011f\u0131rmalar\u0131n\u0131 ve ona destek olmalar\u0131n\u0131 rica ediyorum. Son oynad\u0131\u011f\u0131m\u0131z ma\u00e7ta bu \u015fekilde olmam\u0131\u015ft\u0131. Bir sonraki ma\u00e7ta ona sevgi g\u00f6sterilerinde bulunmalar\u0131n\u0131 rica ediyorum.\u201d<\/p><\/blockquote>\n","protected":false},"excerpt":{"rendered":"<p>Teknik Direkt\u00f6r\u00fcm\u00fcz Jorge Jesus, S\u00fcper Lig&#8217;in 10. hafta ma\u00e7\u0131nda deplasmanda Ankarag\u00fcc\u00fc kar\u015f\u0131s\u0131nda al\u0131nan 3-0&#8217;l\u0131k galibiyetin ard\u0131ndan yapt\u0131\u011f\u0131 a\u00e7\u0131klamada \u015funlar\u0131 s\u00f6yledi: \u201cGalibiyetler her zaman iyidir. 3-0 gibi net bir skor ald\u0131k, ilk yar\u0131m saati bizim i\u00e7in zorla\u015ft\u0131ran bir rakibe kar\u015f\u0131. Evet, 2 gol bulmu\u015ftuk ama \u00f6zellikle ilk 30 dakikada bize baz\u0131 zorluklar yaratt\u0131lar. Ama \u00f6nemli olan [&hellip;]<\/p>\n","protected":false},"author":1,"featured_media":18720,"comment_status":"closed","ping_status":"closed","sticky":false,"template":"","format":"standard","meta":{"jnews-multi-image_gallery":[],"jnews_single_post":{"subtitle":"Fenerbah\u00e7e Teknik Direkt\u00f6r\u00fc Jorge Jesus, S\u00fcper Lig'in 10. hafta kapan\u0131\u015f ma\u00e7\u0131nda deplasmanda MKE Ankarag\u00fcc\u00fc ile oynanan ma\u00e7\u0131n ard\u0131ndan a\u00e7\u0131klamalarda bulundu.","format":"standard","video":"","gallery":"","source_name":"","source_url":"","via_name":"","via_url":"","override_template":"0","override":[{"template":"1","single_blog_custom":"","parallax":"1","fullscreen":"1","layout":"right-sidebar","sidebar":"mysidebar","second_sidebar":"default-sidebar","sticky_sidebar":"1","share_position":"float","share_float_style":"share-normal","show_share_counter":"1","show_view_counter":"1","show_featured":"1","show_post_meta":"1","show_post_author":"0","show_post_author_image":"1","show_post_date":"1","post_date_format":"default","post_date_format_custom":"Y\/m\/d","show_post_category":"0","show_post_reading_time":"0","post_reading_time_wpm":"300","show_zoom_button":"0","zoom_button_out_step":"2","zoom_button_in_step":"3","show_post_tag":"0","show_prev_next_post":"1","show_popup_post":"0","number_popup_post":"3","show_author_box":"0","show_post_related":"0","show_inline_post_related":"0"}],"override_image_size":"0","image_override":[{"single_post_thumbnail_size":"crop-500","single_post_gallery_size":"crop-500"}],"trending_post":"0","trending_post_position":"meta","trending_post_label":"Trending","sponsored_post":"0","sponsored_post_label":"Sponsored by","sponsored_post_name":"","sponsored_post_url":"","sponsored_post_logo_enable":"0","sponsored_post_logo":"","sponsored_post_desc":"","disable_ad":"0"},"jnews_primary_category":{"id":"4"},"jnews_social_meta":{"fb_title":"","fb_description":"","fb_image":"","twitter_title":"","twitter_description":"","twitter_image":""},"jnews_override_counter":{"override_view_counter":"0","view_counter_number":"0","override_share_counter":"0","share_counter_number":"0","override_like_counter":"0","like_counter_number":"0","override_dislike_counter":"0","dislike_counter_number":"0"},"footnotes":""},"categories":[4,2,47],"tags":[23,54],"class_list":["post-18727","post","type-post","status-publish","format-standard","has-post-thumbnail","hentry","category-futbol","category-haberler","category-profesyonel-a-futbol-takimi","tag-fenerbahce","tag-futbol"],"amp_enabled":true,"_links":{"self":[{"href":"https:\/\/www.fener.org\/index.php\/wp-json\/wp\/v2\/posts\/18727","targetHints":{"allow":["GET"]}}],"collection":[{"href":"https:\/\/www.fener.org\/index.php\/wp-json\/wp\/v2\/posts"}],"about":[{"href":"https:\/\/www.fener.org\/index.php\/wp-json\/wp\/v2\/types\/post"}],"author":[{"embeddable":true,"href":"https:\/\/www.fener.org\/index.php\/wp-json\/wp\/v2\/users\/1"}],"replies":[{"embeddable":true,"href":"https:\/\/www.fener.org\/index.php\/wp-json\/wp\/v2\/comments?post=18727"}],"version-history":[{"count":2,"href":"https:\/\/www.fener.org\/index.php\/wp-json\/wp\/v2\/posts\/18727\/revisions"}],"predecessor-version":[{"id":18730,"href":"https:\/\/www.fener.org\/index.php\/wp-json\/wp\/v2\/posts\/18727\/revisions\/18730"}],"wp:featuredmedia":[{"embeddable":true,"href":"https:\/\/www.fener.org\/index.php\/wp-json\/wp\/v2\/media\/18720"}],"wp:attachment":[{"href":"https:\/\/www.fener.org\/index.php\/wp-json\/wp\/v2\/media?parent=18727"}],"wp:term":[{"taxonomy":"category","embeddable":true,"href":"https:\/\/www.fener.org\/index.php\/wp-json\/wp\/v2\/categories?post=18727"},{"taxonomy":"post_tag","embeddable":true,"href":"https:\/\/www.fener.org\/index.php\/wp-json\/wp\/v2\/tags?post=18727"}],"curies":[{"name":"wp","href":"https:\/\/api.w.org\/{rel}","templated":true}]}}