{"id":18706,"date":"2022-10-16T18:11:13","date_gmt":"2022-10-16T15:11:13","guid":{"rendered":"https:\/\/www.fener.org\/?p=18706"},"modified":"2022-10-16T18:11:16","modified_gmt":"2022-10-16T15:11:16","slug":"adana-idmanyurduspor-0-4-fenerbahce-petrol-ofisi","status":"publish","type":"post","link":"https:\/\/www.fener.org\/index.php\/2022\/10\/16\/adana-idmanyurduspor-0-4-fenerbahce-petrol-ofisi\/","title":{"rendered":"Adana \u0130dmanyurduspor 0-4 Fenerbah\u00e7e Petrol Ofisi"},"content":{"rendered":"\n<p>Fenerbah\u00e7e Petrol Ofisi Kad\u0131n Futbol Tak\u0131m\u0131m\u0131z, Kad\u0131n Futbol S\u00fcper Ligi&#8217;nde 2022-2023 sezonuna galibiyetle ba\u015flad\u0131. Sezonun ilk ma\u00e7\u0131nda deplasmanda Bitexen Adana \u0130dmanyurduspor\u2019a konuk olan Kad\u0131n Futbol Tak\u0131m\u0131m\u0131z, yeni transferlerimizin de forma giydi\u011fi m\u00fccadeleden 4-0 galip ayr\u0131ld\u0131.<\/p>\n\n\n\n<p>Fenerbah\u00e7e Petrol Ofisi Kad\u0131n Futbol Tak\u0131m\u0131m\u0131z\u0131n galibiyet gollerine; 8. ve 57.dakikalarda Fatma Kara \u015eahinba\u015f, 23.dakikada Busem \u015eeker, 40.dakikada Kennya Cordner imza att\u0131.<\/p>\n\n\n\n<p>Kar\u015f\u0131la\u015fma \u00f6ncesi Bart\u0131n\u2019\u0131n Amasra il\u00e7esindeki maden oca\u011f\u0131nda meydana gelen patlama sonucu hayat\u0131n\u0131 kaybeden vatanda\u015flar\u0131m\u0131z i\u00e7in 1 dakikal\u0131k sayg\u0131 duru\u015funda bulunuldu.<\/p>\n\n\n\n<p>Fenerbah\u00e7e Petrol Ofisi Kad\u0131n Futbol Tak\u0131m\u0131m\u0131z ma\u00e7a; Ezgi \u00c7a\u011flar, Busem \u015eeker, Cansu G\u00fcrel, Nina, Cansu Kara, Meryem Cennet \u00c7al, Fatma Kara \u015eahinba\u015f, Ecem Cumert, Setenay S\u0131r\u0131m, Patricia George ve Kennya Cordner 11\u2019yle ba\u015flad\u0131.<\/p>\n\n\n\n<p><strong>Ma\u00e7tan dakikalar:<\/strong><\/p>\n\n\n\n<p>8.dakikada topu rakip yar\u0131 alan ta\u015f\u0131yan Busem \u015eeker\u2019in derin pas\u0131nda ceza sahas\u0131na hareketlenen kaptan Fatma Kara \u015eahinba\u015f\u2019\u0131n sert \u015futunda me\u015fin yuvarlak a\u011flarla bulu\u015ftu: 0-1.<\/p>\n\n\n\n<p>23.dakikada Patricia\u2019n\u0131n yerden ceza sahas\u0131 i\u00e7ine do\u011fru g\u00f6nderdi\u011fi topu takip eden Busem \u015eeker ceza sahas\u0131nda d\u00fczg\u00fcn bir vuru\u015fla topu a\u011flara g\u00f6nderdi: 0-2.<\/p>\n\n\n\n<p>40.dakikada tak\u0131m\u0131m\u0131z skoru 3-0\u2019a getirdi. \u0130yi pas yaparak etkili geldi\u011fimiz bu b\u00f6l\u00fcmde Fenerbah\u00e7e Petrol Ofisi Kad\u0131n Futbol Tak\u0131m\u0131m\u0131z Kennya Cordner\u2019\u0131n gol\u00fcyle 3 farkl\u0131 \u00fcst\u00fcnl\u00fc\u011f\u00fc yakalad\u0131: 0-3.<\/p>\n\n\n\n<p>Fenerbah\u00e7e Petrol Ofisi Kad\u0131n Futbol Tak\u0131m\u0131m\u0131z, ilk yar\u0131y\u0131 3-0 \u00f6nde tamamlad\u0131.<\/p>\n\n\n\n<p>57.dakikada Fatma Kara \u015eahinba\u015f, kendisinin ikinci, tak\u0131m\u0131m\u0131z\u0131n d\u00f6rd\u00fcnc\u00fc gol\u00fcn\u00fc kaydetti. Ceza sahas\u0131 i\u00e7inde Busem \u015eeker\u2019e yap\u0131lan sert m\u00fcdahale sonras\u0131nda hakem penalt\u0131 noktas\u0131n\u0131 g\u00f6sterdi. Topun ba\u015f\u0131na ge\u00e7en kaptan Fatma Kara \u015eahinba\u015f, fark\u0131 4\u2019e \u00e7\u0131kard\u0131: 0-4.<\/p>\n\n\n\n<p>Kar\u015f\u0131la\u015fmada ba\u015fka gol olmad\u0131 ve Fenerbah\u00e7e Petrol Ofisi Kad\u0131n Futbol Tak\u0131m\u0131m\u0131z, sahadan 4-0 galip ayr\u0131larak 3 puan\u0131n sahibi oldu.<\/p>\n","protected":false},"excerpt":{"rendered":"<p>Fenerbah\u00e7e Petrol Ofisi Kad\u0131n Futbol Tak\u0131m\u0131m\u0131z, Kad\u0131n Futbol S\u00fcper Ligi&#8217;nde 2022-2023 sezonuna galibiyetle ba\u015flad\u0131. Sezonun ilk ma\u00e7\u0131nda deplasmanda Bitexen Adana \u0130dmanyurduspor\u2019a konuk olan Kad\u0131n Futbol Tak\u0131m\u0131m\u0131z, yeni transferlerimizin de forma giydi\u011fi m\u00fccadeleden 4-0 galip ayr\u0131ld\u0131. Fenerbah\u00e7e Petrol Ofisi Kad\u0131n Futbol Tak\u0131m\u0131m\u0131z\u0131n galibiyet gollerine; 8. ve 57.dakikalarda Fatma Kara \u015eahinba\u015f, 23.dakikada Busem \u015eeker, 40.dakikada Kennya Cordner [&hellip;]<\/p>\n","protected":false},"author":1,"featured_media":18707,"comment_status":"closed","ping_status":"closed","sticky":false,"template":"","format":"standard","meta":{"jnews-multi-image_gallery":[],"jnews_single_post":{"subtitle":"Fenerbah\u00e7e Kad\u0131n Futbol Tak\u0131m\u0131m\u0131z, Kad\u0131n Futbol S\u00fcper Ligi ilk hafta ma\u00e7\u0131nda deplasmanda Adana \u0130dmanyurduspor ile oynad\u0131\u011f\u0131 kar\u015f\u0131la\u015fmay\u0131 4-0 kazand\u0131.","format":"standard","video":"","gallery":"","source_name":"","source_url":"","via_name":"","via_url":"","override_template":"0","override":[{"template":"1","single_blog_custom":"","parallax":"1","fullscreen":"1","layout":"right-sidebar","sidebar":"mysidebar","second_sidebar":"default-sidebar","sticky_sidebar":"1","share_position":"float","share_float_style":"share-normal","show_share_counter":"1","show_view_counter":"1","show_featured":"1","show_post_meta":"1","show_post_author":"0","show_post_author_image":"1","show_post_date":"1","post_date_format":"default","post_date_format_custom":"Y\/m\/d","show_post_category":"0","show_post_reading_time":"0","post_reading_time_wpm":"300","show_zoom_button":"0","zoom_button_out_step":"2","zoom_button_in_step":"3","show_post_tag":"0","show_prev_next_post":"1","show_popup_post":"0","number_popup_post":"3","show_author_box":"0","show_post_related":"0","show_inline_post_related":"0"}],"override_image_size":"0","image_override":[{"single_post_thumbnail_size":"crop-500","single_post_gallery_size":"crop-500"}],"trending_post":"0","trending_post_position":"meta","trending_post_label":"Trending","sponsored_post":"0","sponsored_post_label":"Sponsored by","sponsored_post_name":"","sponsored_post_url":"","sponsored_post_logo_enable":"0","sponsored_post_logo":"","sponsored_post_desc":"","disable_ad":"0"},"jnews_primary_category":{"id":"4"},"jnews_social_meta":{"fb_title":"","fb_description":"","fb_image":"","twitter_title":"","twitter_description":"","twitter_image":""},"jnews_override_counter":{"override_view_counter":"0","view_counter_number":"0","override_share_counter":"0","share_counter_number":"0","override_like_counter":"0","like_counter_number":"0","override_dislike_counter":"0","dislike_counter_number":"0"},"footnotes":""},"categories":[4,2,191],"tags":[23,192],"class_list":["post-18706","post","type-post","status-publish","format-standard","has-post-thumbnail","hentry","category-futbol","category-haberler","category-kadin-futbol","tag-fenerbahce","tag-kadinfutbol"],"amp_enabled":true,"_links":{"self":[{"href":"https:\/\/www.fener.org\/index.php\/wp-json\/wp\/v2\/posts\/18706","targetHints":{"allow":["GET"]}}],"collection":[{"href":"https:\/\/www.fener.org\/index.php\/wp-json\/wp\/v2\/posts"}],"about":[{"href":"https:\/\/www.fener.org\/index.php\/wp-json\/wp\/v2\/types\/post"}],"author":[{"embeddable":true,"href":"https:\/\/www.fener.org\/index.php\/wp-json\/wp\/v2\/users\/1"}],"replies":[{"embeddable":true,"href":"https:\/\/www.fener.org\/index.php\/wp-json\/wp\/v2\/comments?post=18706"}],"version-history":[{"count":1,"href":"https:\/\/www.fener.org\/index.php\/wp-json\/wp\/v2\/posts\/18706\/revisions"}],"predecessor-version":[{"id":18708,"href":"https:\/\/www.fener.org\/index.php\/wp-json\/wp\/v2\/posts\/18706\/revisions\/18708"}],"wp:featuredmedia":[{"embeddable":true,"href":"https:\/\/www.fener.org\/index.php\/wp-json\/wp\/v2\/media\/18707"}],"wp:attachment":[{"href":"https:\/\/www.fener.org\/index.php\/wp-json\/wp\/v2\/media?parent=18706"}],"wp:term":[{"taxonomy":"category","embeddable":true,"href":"https:\/\/www.fener.org\/index.php\/wp-json\/wp\/v2\/categories?post=18706"},{"taxonomy":"post_tag","embeddable":true,"href":"https:\/\/www.fener.org\/index.php\/wp-json\/wp\/v2\/tags?post=18706"}],"curies":[{"name":"wp","href":"https:\/\/api.w.org\/{rel}","templated":true}]}}