{"id":18694,"date":"2022-10-15T19:06:27","date_gmt":"2022-10-15T16:06:27","guid":{"rendered":"https:\/\/www.fener.org\/?p=18694"},"modified":"2022-10-15T19:06:30","modified_gmt":"2022-10-15T16:06:30","slug":"fenerbahce-bekonun-konugu-ayos-konyaspor-basketbol","status":"publish","type":"post","link":"https:\/\/www.fener.org\/index.php\/2022\/10\/15\/fenerbahce-bekonun-konugu-ayos-konyaspor-basketbol\/","title":{"rendered":"Fenerbah\u00e7e Beko\u2019nun konu\u011fu Ayos Konyaspor Basketbol"},"content":{"rendered":"\n<p>Fenerbah\u00e7e Beko Erkek Basketbol Tak\u0131m\u0131m\u0131z, T\u00fcrkiye Sigorta Basketbol S\u00fcper Ligi 2022-23 sezonu \u00fc\u00e7\u00fcnc\u00fc hafta ma\u00e7\u0131nda Ayos Konyaspor Basketbol\u2019u konuk ediyor. Yar\u0131n (16 Ekim Pazar g\u00fcn\u00fc) saat 18.00\u2019da \u00dclker Spor ve Etkinlik Salonu\u2019nda oynanacak m\u00fccadele beIN Sports 5 taraf\u0131ndan canl\u0131 yay\u0131nlanacak.<\/p>\n\n\n\n<p>Ekibimiz, son resmi ma\u00e7\u0131na Turkish Airlines EuroLeague\u2019de \u00e7\u0131kt\u0131. 14 Ekim Cuma g\u00fcn\u00fc Maccabi Playtika\u2019y\u0131 konuk eden Fenerbah\u00e7e Beko, rakibini 86-71 yendi.<\/p>\n\n\n\n<p>Tak\u0131m\u0131m\u0131z, T\u00fcrkiye Sigorta Basketbol S\u00fcper Ligi\u2019ndeki son ma\u00e7\u0131nda 10 Ekim Pazar g\u00fcn\u00fc Onvo B\u00fcy\u00fck\u00e7ekmece\u2019ye konuk oldu. Fenerbah\u00e7e Beko, rakibini 80-85 ma\u011flup ederek ikide iki yapt\u0131<\/p>\n\n\n\n<p>Ko\u00e7 Engin Gen\u00e7o\u011flu taraf\u0131ndan \u00e7al\u0131\u015ft\u0131r\u0131lan Ayos Konyaspor Basketbol ligin ilk iki ma\u00e7\u0131ndan galibiyetle ayr\u0131ld\u0131. \u0130lk hafta kar\u015f\u0131la\u015fmas\u0131nda Be\u015fikta\u015f Emlakjet\u2019i 82-90 ile ge\u00e7en Konyaspor, 8 Ekim Cumartesi g\u00fcn\u00fc konuk etti\u011fi Tofa\u015f\u2019\u0131 ise 80-66 ma\u011flup etti.<\/p>\n","protected":false},"excerpt":{"rendered":"<p>Fenerbah\u00e7e Beko Erkek Basketbol Tak\u0131m\u0131m\u0131z, T\u00fcrkiye Sigorta Basketbol S\u00fcper Ligi 2022-23 sezonu \u00fc\u00e7\u00fcnc\u00fc hafta ma\u00e7\u0131nda Ayos Konyaspor Basketbol\u2019u konuk ediyor. Yar\u0131n (16 Ekim Pazar g\u00fcn\u00fc) saat 18.00\u2019da \u00dclker Spor ve Etkinlik Salonu\u2019nda oynanacak m\u00fccadele beIN Sports 5 taraf\u0131ndan canl\u0131 yay\u0131nlanacak. Ekibimiz, son resmi ma\u00e7\u0131na Turkish Airlines EuroLeague\u2019de \u00e7\u0131kt\u0131. 14 Ekim Cuma g\u00fcn\u00fc Maccabi Playtika\u2019y\u0131 konuk [&hellip;]<\/p>\n","protected":false},"author":1,"featured_media":18695,"comment_status":"closed","ping_status":"closed","sticky":false,"template":"","format":"standard","meta":{"jnews-multi-image_gallery":[],"jnews_single_post":{"subtitle":"Fenerbah\u00e7e Erkek Basketbol Tak\u0131m\u0131m\u0131z, Basketbol S\u00fcper Ligi \u00fc\u00e7\u00fcnc\u00fc hafta ma\u00e7\u0131nda sahas\u0131nda Ayos Konyaspor Basketbol ile m\u00fccadele edecek.","format":"standard","video":"","gallery":"","source_name":"","source_url":"","via_name":"","via_url":"","override_template":"0","override":[{"template":"1","single_blog_custom":"","parallax":"1","fullscreen":"1","layout":"right-sidebar","sidebar":"mysidebar","second_sidebar":"default-sidebar","sticky_sidebar":"1","share_position":"float","share_float_style":"share-normal","show_share_counter":"1","show_view_counter":"1","show_featured":"1","show_post_meta":"1","show_post_author":"0","show_post_author_image":"1","show_post_date":"1","post_date_format":"default","post_date_format_custom":"Y\/m\/d","show_post_category":"0","show_post_reading_time":"0","post_reading_time_wpm":"300","show_zoom_button":"0","zoom_button_out_step":"2","zoom_button_in_step":"3","show_post_tag":"0","show_prev_next_post":"1","show_popup_post":"0","number_popup_post":"3","show_author_box":"0","show_post_related":"0","show_inline_post_related":"0"}],"override_image_size":"0","image_override":[{"single_post_thumbnail_size":"crop-500","single_post_gallery_size":"crop-500"}],"trending_post":"0","trending_post_position":"meta","trending_post_label":"Trending","sponsored_post":"0","sponsored_post_label":"Sponsored by","sponsored_post_name":"","sponsored_post_url":"","sponsored_post_logo_enable":"0","sponsored_post_logo":"","sponsored_post_desc":"","disable_ad":"0"},"jnews_primary_category":{"id":"5"},"jnews_social_meta":{"fb_title":"","fb_description":"","fb_image":"","twitter_title":"","twitter_description":"","twitter_image":""},"jnews_override_counter":{"override_view_counter":"0","view_counter_number":"0","override_share_counter":"0","share_counter_number":"0","override_like_counter":"0","like_counter_number":"0","override_dislike_counter":"0","dislike_counter_number":"0"},"footnotes":""},"categories":[5,6,2],"tags":[24,23],"class_list":["post-18694","post","type-post","status-publish","format-standard","has-post-thumbnail","hentry","category-basketbol","category-erkek-basketbol","category-haberler","tag-basketbol","tag-fenerbahce"],"amp_enabled":true,"_links":{"self":[{"href":"https:\/\/www.fener.org\/index.php\/wp-json\/wp\/v2\/posts\/18694","targetHints":{"allow":["GET"]}}],"collection":[{"href":"https:\/\/www.fener.org\/index.php\/wp-json\/wp\/v2\/posts"}],"about":[{"href":"https:\/\/www.fener.org\/index.php\/wp-json\/wp\/v2\/types\/post"}],"author":[{"embeddable":true,"href":"https:\/\/www.fener.org\/index.php\/wp-json\/wp\/v2\/users\/1"}],"replies":[{"embeddable":true,"href":"https:\/\/www.fener.org\/index.php\/wp-json\/wp\/v2\/comments?post=18694"}],"version-history":[{"count":1,"href":"https:\/\/www.fener.org\/index.php\/wp-json\/wp\/v2\/posts\/18694\/revisions"}],"predecessor-version":[{"id":18696,"href":"https:\/\/www.fener.org\/index.php\/wp-json\/wp\/v2\/posts\/18694\/revisions\/18696"}],"wp:featuredmedia":[{"embeddable":true,"href":"https:\/\/www.fener.org\/index.php\/wp-json\/wp\/v2\/media\/18695"}],"wp:attachment":[{"href":"https:\/\/www.fener.org\/index.php\/wp-json\/wp\/v2\/media?parent=18694"}],"wp:term":[{"taxonomy":"category","embeddable":true,"href":"https:\/\/www.fener.org\/index.php\/wp-json\/wp\/v2\/categories?post=18694"},{"taxonomy":"post_tag","embeddable":true,"href":"https:\/\/www.fener.org\/index.php\/wp-json\/wp\/v2\/tags?post=18694"}],"curies":[{"name":"wp","href":"https:\/\/api.w.org\/{rel}","templated":true}]}}