{"id":18661,"date":"2022-10-13T22:31:52","date_gmt":"2022-10-13T19:31:52","guid":{"rendered":"https:\/\/www.fener.org\/?p=18661"},"modified":"2022-10-13T22:31:54","modified_gmt":"2022-10-13T19:31:54","slug":"aek-larnaca-1-2-fenerbahce","status":"publish","type":"post","link":"https:\/\/www.fener.org\/index.php\/2022\/10\/13\/aek-larnaca-1-2-fenerbahce\/","title":{"rendered":"AEK Larnaca 1-2 Fenerbah\u00e7e"},"content":{"rendered":"\n<p>UEFA Avrupa Ligi B Grubu 4. hafta ma\u00e7\u0131nda G\u00fcney K\u0131br\u0131s temsilcisi AEK Larnaca&#8217;n\u0131n konu\u011fu olan Fenerbah\u00e7emiz, kar\u015f\u0131la\u015fmay\u0131 2-1 kazand\u0131. Bu sonu\u00e7la puan\u0131n\u0131 10\u2019a y\u00fckselten Tak\u0131m\u0131m\u0131z grup liderli\u011fini s\u00fcrd\u00fcrd\u00fc ve bitime iki hafta kala gruptan \u00e7\u0131kmay\u0131 garantiledi.<br>\u00a0<br>AEK Arena\u2019da oynanan kar\u015f\u0131la\u015fmada gollerimizi 16. dakikada Joao Pedro ile 80. dakikada (P) Batshuayi kaydetti. Ev sahibi ekip ise 52. dakikada penalt\u0131dan Ivan Trichkovski att\u0131.\u00a0Enner Valencia 86. dakikada penalt\u0131dan faydalanamazken AEK Larnaca\u2019da Angel Garcia ikinci sar\u0131dan k\u0131rm\u0131z\u0131 kart g\u00f6rd\u00fc.<br>\u00a0<br>Fenerbah\u00e7emiz, gruptaki be\u015finci ma\u00e7\u0131nda Rennes ile \u00dclker Stadyumu Fenerbah\u00e7e \u015e\u00fckr\u00fc Saraco\u011flu Spor Kompleksi\u2019nde 27 Ekim Per\u015fembe g\u00fcn\u00fc saat 19.45&#8217;te kar\u015f\u0131 kar\u015f\u0131ya gelecek.<br>\u00a0<br><strong>Ma\u00e7tan dakikalar:<\/strong><br><br>16. dakikada Alioski&#8217;nin soldan ortalad\u0131\u011f\u0131 topu Pedro alt\u0131 pas i\u00e7inde tek dokunu\u015fla a\u011flara g\u00f6nderdi.: 0-1.<br>\u00a0<br>22. dakikada kullan\u0131lan serbest vuru\u015fta arka dire\u011fe g\u00f6nderilen topu Szalai kafayla i\u00e7eri \u00e7evirdi. Gustavo Henrique&#8217;nin yak\u0131n mesafeden kafayla yapt\u0131\u011f\u0131 vuru\u015fta top kalecide kald\u0131.<br>\u00a0<br>48. dakikada Altman ceza sahas\u0131 i\u00e7inde Altay&#8217;\u0131n m\u00fcdahalesiyle yerde kald\u0131. Ma\u00e7\u0131n hakemi VAR incelemesinin ard\u0131ndan penalt\u0131ya karar verdi, 52. dakikada topun ba\u015f\u0131na ge\u00e7en Trickovski topu a\u011flara g\u00f6nderdi: 1-1.<br>\u00a0<br>60. dakikada Faraj&#8217;\u0131n sa\u011fdan i\u00e7eri g\u00f6nderdi\u011fi topa Sanjurjo kafayla vurdu, top \u00fcstten d\u0131\u015far\u0131 \u00e7\u0131kt\u0131.<br>\u00a0<br>66. dakikada \u0130smail Y\u00fcksek&#8217;in pas\u0131yla sa\u011fdan savunman\u0131n arkas\u0131na sarkan Ferdi Kad\u0131o\u011flu dar a\u00e7\u0131s\u0131na ra\u011fmen \u015futunu \u00e7ekti, top yan a\u011flarda kald\u0131.<br>\u00a0<br>78. dakikada Osayi Samuel&#8217;in ceza sahas\u0131nda i\u00e7eri g\u00f6ndermek istedi\u011fi topa Naoum eliyle m\u00fcdahale edince hakem penalt\u0131 noktas\u0131n\u0131 g\u00f6sterdi.<br>\u00a0<br>80. dakikada penalt\u0131 noktas\u0131n\u0131n ba\u015f\u0131na ge\u00e7en Batshuayi topu a\u011flarla bulu\u015fturdu: 1-2.<br>\u00a0<br>83. dakikada Valencia&#8217;n\u0131n ceza sahas\u0131 d\u0131\u015f\u0131ndan sert \u015futunu kaleci direk dibinden son anda kornere \u00e7eldi.<br>\u00a0<br>84. dakikada Garcia&#8217;n\u0131n Rossi&#8217;yi ceza sahas\u0131 i\u00e7inde d\u00fc\u015f\u00fcrmesinin ard\u0131ndan hakem penalt\u0131ya h\u00fckmetti. 86. dakikada topun ba\u015f\u0131na ge\u00e7en Valencia&#8217;n\u0131n penalt\u0131 vuru\u015funda kaleci gole izin vermedi.<br>\u00a0<br>90+6. dakikada \u0130rfancan Kahveci&#8217;nin ceza sahas\u0131 i\u00e7inden \u015futunda kaleci topu kornere \u00e7eldi.<br>\u00a0<br>Ma\u00e7\u0131 2-1 kazanan Fenerbah\u00e7emiz, puan\u0131n\u0131 10 y\u00fckselterek gruptan \u00e7\u0131kmay\u0131 garantiledi.<\/p>\n","protected":false},"excerpt":{"rendered":"<p>UEFA Avrupa Ligi B Grubu 4. hafta ma\u00e7\u0131nda G\u00fcney K\u0131br\u0131s temsilcisi AEK Larnaca&#8217;n\u0131n konu\u011fu olan Fenerbah\u00e7emiz, kar\u015f\u0131la\u015fmay\u0131 2-1 kazand\u0131. Bu sonu\u00e7la puan\u0131n\u0131 10\u2019a y\u00fckselten Tak\u0131m\u0131m\u0131z grup liderli\u011fini s\u00fcrd\u00fcrd\u00fc ve bitime iki hafta kala gruptan \u00e7\u0131kmay\u0131 garantiledi.\u00a0AEK Arena\u2019da oynanan kar\u015f\u0131la\u015fmada gollerimizi 16. dakikada Joao Pedro ile 80. dakikada (P) Batshuayi kaydetti. Ev sahibi ekip ise 52. [&hellip;]<\/p>\n","protected":false},"author":1,"featured_media":18662,"comment_status":"closed","ping_status":"closed","sticky":false,"template":"","format":"standard","meta":{"jnews-multi-image_gallery":[],"jnews_single_post":{"subtitle":"Fenerbah\u00e7e, UEFA Avrupa Ligi B Grubu 4. hafta ma\u00e7\u0131nda deplasmanda kar\u015f\u0131la\u015ft\u0131\u011f\u0131 AEK Larnaca'y\u0131 2-1 ma\u011flup etti ve gruptan \u00e7\u0131kmay\u0131 garantiledi.","format":"standard","video":"","gallery":"","source_name":"","source_url":"","via_name":"","via_url":"","override_template":"0","override":[{"template":"1","single_blog_custom":"","parallax":"1","fullscreen":"1","layout":"right-sidebar","sidebar":"mysidebar","second_sidebar":"default-sidebar","sticky_sidebar":"1","share_position":"float","share_float_style":"share-normal","show_share_counter":"1","show_view_counter":"1","show_featured":"1","show_post_meta":"1","show_post_author":"0","show_post_author_image":"1","show_post_date":"1","post_date_format":"default","post_date_format_custom":"Y\/m\/d","show_post_category":"0","show_post_reading_time":"0","post_reading_time_wpm":"300","show_zoom_button":"0","zoom_button_out_step":"2","zoom_button_in_step":"3","show_post_tag":"0","show_prev_next_post":"1","show_popup_post":"0","number_popup_post":"3","show_author_box":"0","show_post_related":"0","show_inline_post_related":"0"}],"override_image_size":"0","image_override":[{"single_post_thumbnail_size":"crop-500","single_post_gallery_size":"crop-500"}],"trending_post":"0","trending_post_position":"meta","trending_post_label":"Trending","sponsored_post":"0","sponsored_post_label":"Sponsored by","sponsored_post_name":"","sponsored_post_url":"","sponsored_post_logo_enable":"0","sponsored_post_logo":"","sponsored_post_desc":"","disable_ad":"0"},"jnews_primary_category":{"id":"4"},"jnews_social_meta":{"fb_title":"","fb_description":"","fb_image":"","twitter_title":"","twitter_description":"","twitter_image":""},"jnews_override_counter":{"override_view_counter":"0","view_counter_number":"0","override_share_counter":"0","share_counter_number":"0","override_like_counter":"0","like_counter_number":"0","override_dislike_counter":"0","dislike_counter_number":"0"},"footnotes":""},"categories":[4,2,47],"tags":[23,54],"class_list":["post-18661","post","type-post","status-publish","format-standard","has-post-thumbnail","hentry","category-futbol","category-haberler","category-profesyonel-a-futbol-takimi","tag-fenerbahce","tag-futbol"],"amp_enabled":true,"_links":{"self":[{"href":"https:\/\/www.fener.org\/index.php\/wp-json\/wp\/v2\/posts\/18661","targetHints":{"allow":["GET"]}}],"collection":[{"href":"https:\/\/www.fener.org\/index.php\/wp-json\/wp\/v2\/posts"}],"about":[{"href":"https:\/\/www.fener.org\/index.php\/wp-json\/wp\/v2\/types\/post"}],"author":[{"embeddable":true,"href":"https:\/\/www.fener.org\/index.php\/wp-json\/wp\/v2\/users\/1"}],"replies":[{"embeddable":true,"href":"https:\/\/www.fener.org\/index.php\/wp-json\/wp\/v2\/comments?post=18661"}],"version-history":[{"count":1,"href":"https:\/\/www.fener.org\/index.php\/wp-json\/wp\/v2\/posts\/18661\/revisions"}],"predecessor-version":[{"id":18663,"href":"https:\/\/www.fener.org\/index.php\/wp-json\/wp\/v2\/posts\/18661\/revisions\/18663"}],"wp:featuredmedia":[{"embeddable":true,"href":"https:\/\/www.fener.org\/index.php\/wp-json\/wp\/v2\/media\/18662"}],"wp:attachment":[{"href":"https:\/\/www.fener.org\/index.php\/wp-json\/wp\/v2\/media?parent=18661"}],"wp:term":[{"taxonomy":"category","embeddable":true,"href":"https:\/\/www.fener.org\/index.php\/wp-json\/wp\/v2\/categories?post=18661"},{"taxonomy":"post_tag","embeddable":true,"href":"https:\/\/www.fener.org\/index.php\/wp-json\/wp\/v2\/tags?post=18661"}],"curies":[{"name":"wp","href":"https:\/\/api.w.org\/{rel}","templated":true}]}}