{"id":18658,"date":"2022-10-12T23:51:42","date_gmt":"2022-10-12T20:51:42","guid":{"rendered":"https:\/\/www.fener.org\/?p=18658"},"modified":"2022-10-12T23:51:45","modified_gmt":"2022-10-12T20:51:45","slug":"fenerbahce-aek-larnacaya-konuk-oluyor","status":"publish","type":"post","link":"https:\/\/www.fener.org\/index.php\/2022\/10\/12\/fenerbahce-aek-larnacaya-konuk-oluyor\/","title":{"rendered":"Fenerbah\u00e7e, AEK Larnaca\u2019ya konuk oluyor"},"content":{"rendered":"\n<p>Fenerbah\u00e7emiz, UEFA Avrupa Ligi B Grubu d\u00f6rd\u00fcnc\u00fc hafta ma\u00e7\u0131nda yar\u0131n (13 Ekim Per\u015fembe g\u00fcn\u00fc) deplasmanda G\u00fcney K\u0131br\u0131s ekibi AEK Larnaca ile kar\u015f\u0131la\u015facak. Tak\u0131m\u0131m\u0131z ma\u00e7\u0131 kazanmas\u0131 halinde gruptan \u00e7\u0131kmay\u0131 garantileyecek. \u00a0AEK Arena&#8217;da oynanacak ve saat 19.45&#8217;te ba\u015flayacak m\u00fcsabakay\u0131 Polonya Futbol Federasyonu&#8217;ndan hakem Pawel Raczkowski y\u00f6netecek. Kar\u015f\u0131la\u015fma EXXEN\u2019den yay\u0131nlanacak.<\/p>\n\n\n\n<p>Grupta oynad\u0131\u011f\u0131 3 kar\u015f\u0131la\u015fmada 7 puan\u0131 bulunan sar\u0131-lacivertliler, m\u00fcsabaka \u00f6ncesi lider durumda yer al\u0131yor. Ev sahibi ekip ise 3 puanla 3. s\u0131rada bulunuyor. \u0130ki tak\u0131m aras\u0131nda ge\u00e7ti\u011fimiz hafta Kad\u0131k\u00f6y&#8217;de oynanan m\u00fcsabakay\u0131 Fenerbah\u00e7e 2-0 kazanm\u0131\u015ft\u0131. Grupta 7 puanla\u00a0Rennes ikinci, hen\u00fcz puanla tan\u0131\u015famayan Dinamo Kiev ise son s\u0131rada yer al\u0131yor.\u00a0<br><br>Fenerbah\u00e7emizin AEK Larnaca ma\u00e7\u0131 kamp kadrosu ise \u015f\u00f6yle:<br>Altay Bay\u0131nd\u0131r, Osman Ertu\u011frul \u00c7etin, \u0130rfan Can E\u011fribayat, Bright Osayi-Samuel, Yi\u011fit Efe Demir, Attila Szalai, Serdar Aziz, Gustavo Henrique, Ezgjan Alioski, Ferdi Kad\u0131o\u011flu, \u0130smail Y\u00fcksek, Miguel Crespo, Emre Mor, Lincoln Henrique, Diego Rossi, \u0130rfan Can Kahveci, Arda G\u00fcler, Enner Valencia, Joao Pedro, Michy Batshuayi.<\/p>\n","protected":false},"excerpt":{"rendered":"<p>Fenerbah\u00e7emiz, UEFA Avrupa Ligi B Grubu d\u00f6rd\u00fcnc\u00fc hafta ma\u00e7\u0131nda yar\u0131n (13 Ekim Per\u015fembe g\u00fcn\u00fc) deplasmanda G\u00fcney K\u0131br\u0131s ekibi AEK Larnaca ile kar\u015f\u0131la\u015facak. Tak\u0131m\u0131m\u0131z ma\u00e7\u0131 kazanmas\u0131 halinde gruptan \u00e7\u0131kmay\u0131 garantileyecek. \u00a0AEK Arena&#8217;da oynanacak ve saat 19.45&#8217;te ba\u015flayacak m\u00fcsabakay\u0131 Polonya Futbol Federasyonu&#8217;ndan hakem Pawel Raczkowski y\u00f6netecek. Kar\u015f\u0131la\u015fma EXXEN\u2019den yay\u0131nlanacak. Grupta oynad\u0131\u011f\u0131 3 kar\u015f\u0131la\u015fmada 7 puan\u0131 bulunan sar\u0131-lacivertliler, [&hellip;]<\/p>\n","protected":false},"author":1,"featured_media":18659,"comment_status":"closed","ping_status":"closed","sticky":false,"template":"","format":"standard","meta":{"jnews-multi-image_gallery":[],"jnews_single_post":{"subtitle":"Fenerbah\u00e7e, UEFA Avrupa Ligi B Grubu d\u00f6rd\u00fcnc\u00fc hafta ma\u00e7\u0131nda deplasmanda AEK Larnaca ile m\u00fccadele edecek.","format":"standard","video":"","gallery":"","source_name":"","source_url":"","via_name":"","via_url":"","override_template":"0","override":[{"template":"1","single_blog_custom":"","parallax":"1","fullscreen":"1","layout":"right-sidebar","sidebar":"mysidebar","second_sidebar":"default-sidebar","sticky_sidebar":"1","share_position":"float","share_float_style":"share-normal","show_share_counter":"1","show_view_counter":"1","show_featured":"1","show_post_meta":"1","show_post_author":"0","show_post_author_image":"1","show_post_date":"1","post_date_format":"default","post_date_format_custom":"Y\/m\/d","show_post_category":"0","show_post_reading_time":"0","post_reading_time_wpm":"300","show_zoom_button":"0","zoom_button_out_step":"2","zoom_button_in_step":"3","show_post_tag":"0","show_prev_next_post":"1","show_popup_post":"0","number_popup_post":"3","show_author_box":"0","show_post_related":"0","show_inline_post_related":"0"}],"override_image_size":"0","image_override":[{"single_post_thumbnail_size":"crop-500","single_post_gallery_size":"crop-500"}],"trending_post":"0","trending_post_position":"meta","trending_post_label":"Trending","sponsored_post":"0","sponsored_post_label":"Sponsored by","sponsored_post_name":"","sponsored_post_url":"","sponsored_post_logo_enable":"0","sponsored_post_logo":"","sponsored_post_desc":"","disable_ad":"0"},"jnews_primary_category":{"id":"4"},"jnews_social_meta":{"fb_title":"","fb_description":"","fb_image":"","twitter_title":"","twitter_description":"","twitter_image":""},"jnews_override_counter":{"override_view_counter":"0","view_counter_number":"0","override_share_counter":"0","share_counter_number":"0","override_like_counter":"0","like_counter_number":"0","override_dislike_counter":"0","dislike_counter_number":"0"},"footnotes":""},"categories":[4,2,47],"tags":[23,54],"class_list":["post-18658","post","type-post","status-publish","format-standard","has-post-thumbnail","hentry","category-futbol","category-haberler","category-profesyonel-a-futbol-takimi","tag-fenerbahce","tag-futbol"],"amp_enabled":true,"_links":{"self":[{"href":"https:\/\/www.fener.org\/index.php\/wp-json\/wp\/v2\/posts\/18658","targetHints":{"allow":["GET"]}}],"collection":[{"href":"https:\/\/www.fener.org\/index.php\/wp-json\/wp\/v2\/posts"}],"about":[{"href":"https:\/\/www.fener.org\/index.php\/wp-json\/wp\/v2\/types\/post"}],"author":[{"embeddable":true,"href":"https:\/\/www.fener.org\/index.php\/wp-json\/wp\/v2\/users\/1"}],"replies":[{"embeddable":true,"href":"https:\/\/www.fener.org\/index.php\/wp-json\/wp\/v2\/comments?post=18658"}],"version-history":[{"count":1,"href":"https:\/\/www.fener.org\/index.php\/wp-json\/wp\/v2\/posts\/18658\/revisions"}],"predecessor-version":[{"id":18660,"href":"https:\/\/www.fener.org\/index.php\/wp-json\/wp\/v2\/posts\/18658\/revisions\/18660"}],"wp:featuredmedia":[{"embeddable":true,"href":"https:\/\/www.fener.org\/index.php\/wp-json\/wp\/v2\/media\/18659"}],"wp:attachment":[{"href":"https:\/\/www.fener.org\/index.php\/wp-json\/wp\/v2\/media?parent=18658"}],"wp:term":[{"taxonomy":"category","embeddable":true,"href":"https:\/\/www.fener.org\/index.php\/wp-json\/wp\/v2\/categories?post=18658"},{"taxonomy":"post_tag","embeddable":true,"href":"https:\/\/www.fener.org\/index.php\/wp-json\/wp\/v2\/tags?post=18658"}],"curies":[{"name":"wp","href":"https:\/\/api.w.org\/{rel}","templated":true}]}}