{"id":18652,"date":"2022-10-11T21:40:48","date_gmt":"2022-10-11T18:40:48","guid":{"rendered":"https:\/\/www.fener.org\/?p=18652"},"modified":"2022-10-11T21:40:51","modified_gmt":"2022-10-11T18:40:51","slug":"aek-larnaca-fenerbahce-macinin-hakemleri-aciklandi","status":"publish","type":"post","link":"https:\/\/www.fener.org\/index.php\/2022\/10\/11\/aek-larnaca-fenerbahce-macinin-hakemleri-aciklandi\/","title":{"rendered":"AEK Larnaca &#8211; Fenerbah\u00e7e ma\u00e7\u0131n\u0131n hakemleri a\u00e7\u0131kland\u0131"},"content":{"rendered":"\n<p>Fenerbah\u00e7emizin, UEFA Avrupa Ligi B Grubu d\u00f6rd\u00fcnc\u00fc haftas\u0131nda G\u00fcney K\u0131br\u0131s ekibi AEK Larnaca ile 13 Ekim Per\u015fembe g\u00fcn\u00fc saat 19.45\u2019te deplasmanda oynayaca\u011f\u0131 m\u00fcsabakay\u0131 Polonya Futbol Federasyonu\u2019ndan Pawel Raczkowski y\u00f6netecek. Raczkowski\u2019nin yard\u0131mc\u0131l\u0131klar\u0131n\u0131 Rados\u0142aw Siejka ile Adam Kupsik yapacak. M\u00fccadelenin d\u00f6rd\u00fcnc\u00fc hakemi ise Pawel Malec.<\/p>\n","protected":false},"excerpt":{"rendered":"<p>Fenerbah\u00e7emizin, UEFA Avrupa Ligi B Grubu d\u00f6rd\u00fcnc\u00fc haftas\u0131nda G\u00fcney K\u0131br\u0131s ekibi AEK Larnaca ile 13 Ekim Per\u015fembe g\u00fcn\u00fc saat 19.45\u2019te deplasmanda oynayaca\u011f\u0131 m\u00fcsabakay\u0131 Polonya Futbol Federasyonu\u2019ndan Pawel Raczkowski y\u00f6netecek. Raczkowski\u2019nin yard\u0131mc\u0131l\u0131klar\u0131n\u0131 Rados\u0142aw Siejka ile Adam Kupsik yapacak. M\u00fccadelenin d\u00f6rd\u00fcnc\u00fc hakemi ise Pawel Malec.<\/p>\n","protected":false},"author":1,"featured_media":18653,"comment_status":"closed","ping_status":"closed","sticky":false,"template":"","format":"standard","meta":{"jnews-multi-image_gallery":[],"jnews_single_post":{"subtitle":"Fenerbah\u00e7e'nin AEK Larnaca ile deplasmanda oynayaca\u011f\u0131 ma\u00e7\u0131 Polonyal\u0131 hakem Pawel Raczkowski y\u00f6netecek.","format":"standard","video":"","gallery":"","source_name":"","source_url":"","via_name":"","via_url":"","override_template":"0","override":[{"template":"1","single_blog_custom":"","parallax":"1","fullscreen":"1","layout":"right-sidebar","sidebar":"mysidebar","second_sidebar":"default-sidebar","sticky_sidebar":"1","share_position":"float","share_float_style":"share-normal","show_share_counter":"1","show_view_counter":"1","show_featured":"1","show_post_meta":"1","show_post_author":"0","show_post_author_image":"1","show_post_date":"1","post_date_format":"default","post_date_format_custom":"Y\/m\/d","show_post_category":"0","show_post_reading_time":"0","post_reading_time_wpm":"300","show_zoom_button":"0","zoom_button_out_step":"2","zoom_button_in_step":"3","show_post_tag":"0","show_prev_next_post":"1","show_popup_post":"0","number_popup_post":"3","show_author_box":"0","show_post_related":"0","show_inline_post_related":"0"}],"override_image_size":"0","image_override":[{"single_post_thumbnail_size":"crop-500","single_post_gallery_size":"crop-500"}],"trending_post":"0","trending_post_position":"meta","trending_post_label":"Trending","sponsored_post":"0","sponsored_post_label":"Sponsored by","sponsored_post_name":"","sponsored_post_url":"","sponsored_post_logo_enable":"0","sponsored_post_logo":"","sponsored_post_desc":"","disable_ad":"0"},"jnews_primary_category":{"id":"4"},"jnews_social_meta":{"fb_title":"","fb_description":"","fb_image":"","twitter_title":"","twitter_description":"","twitter_image":""},"jnews_override_counter":{"override_view_counter":"0","view_counter_number":"0","override_share_counter":"0","share_counter_number":"0","override_like_counter":"0","like_counter_number":"0","override_dislike_counter":"0","dislike_counter_number":"0"},"footnotes":""},"categories":[4,2,47],"tags":[23,54],"class_list":["post-18652","post","type-post","status-publish","format-standard","has-post-thumbnail","hentry","category-futbol","category-haberler","category-profesyonel-a-futbol-takimi","tag-fenerbahce","tag-futbol"],"amp_enabled":true,"_links":{"self":[{"href":"https:\/\/www.fener.org\/index.php\/wp-json\/wp\/v2\/posts\/18652","targetHints":{"allow":["GET"]}}],"collection":[{"href":"https:\/\/www.fener.org\/index.php\/wp-json\/wp\/v2\/posts"}],"about":[{"href":"https:\/\/www.fener.org\/index.php\/wp-json\/wp\/v2\/types\/post"}],"author":[{"embeddable":true,"href":"https:\/\/www.fener.org\/index.php\/wp-json\/wp\/v2\/users\/1"}],"replies":[{"embeddable":true,"href":"https:\/\/www.fener.org\/index.php\/wp-json\/wp\/v2\/comments?post=18652"}],"version-history":[{"count":1,"href":"https:\/\/www.fener.org\/index.php\/wp-json\/wp\/v2\/posts\/18652\/revisions"}],"predecessor-version":[{"id":18654,"href":"https:\/\/www.fener.org\/index.php\/wp-json\/wp\/v2\/posts\/18652\/revisions\/18654"}],"wp:featuredmedia":[{"embeddable":true,"href":"https:\/\/www.fener.org\/index.php\/wp-json\/wp\/v2\/media\/18653"}],"wp:attachment":[{"href":"https:\/\/www.fener.org\/index.php\/wp-json\/wp\/v2\/media?parent=18652"}],"wp:term":[{"taxonomy":"category","embeddable":true,"href":"https:\/\/www.fener.org\/index.php\/wp-json\/wp\/v2\/categories?post=18652"},{"taxonomy":"post_tag","embeddable":true,"href":"https:\/\/www.fener.org\/index.php\/wp-json\/wp\/v2\/tags?post=18652"}],"curies":[{"name":"wp","href":"https:\/\/api.w.org\/{rel}","templated":true}]}}