{"id":18649,"date":"2022-10-11T21:00:00","date_gmt":"2022-10-11T18:00:00","guid":{"rendered":"https:\/\/www.fener.org\/?p=18649"},"modified":"2022-10-11T21:00:12","modified_gmt":"2022-10-11T18:00:12","slug":"fenerbahce-aek-larnaca-maci-hazirliklarina-basladi","status":"publish","type":"post","link":"https:\/\/www.fener.org\/index.php\/2022\/10\/11\/fenerbahce-aek-larnaca-maci-hazirliklarina-basladi\/","title":{"rendered":"Fenerbah\u00e7e, AEK Larnaca ma\u00e7\u0131 haz\u0131rl\u0131klar\u0131na ba\u015flad\u0131"},"content":{"rendered":"\n<p>Fenerbah\u00e7emiz, UEFA Avrupa Ligi B Grubu d\u00f6rd\u00fcnc\u00fc hafta ma\u00e7\u0131nda 13 Ekim Per\u015fembe ak\u015fam\u0131 deplasmanda G\u00fcney K\u0131br\u0131s ekibi AEK Larnaca oynayaca\u011f\u0131 ma\u00e7\u0131n haz\u0131rl\u0131klar\u0131na ba\u015flad\u0131.<\/p>\n\n\n\n<p>Can Bartu Tesislerimizde Teknik Direkt\u00f6r\u00fcm\u00fcz Jorge Jesus y\u00f6netiminde ger\u00e7ekle\u015ftirilen antrenman, salonda yap\u0131lan kuvvet ve dayan\u0131kl\u0131l\u0131k \u00e7al\u0131\u015fmas\u0131yla ba\u015flad\u0131. Sahada yap\u0131lan ko\u015fu, \u0131s\u0131nma, koordinasyon ve \u00e7abukluk hareketlerinin ard\u0131ndan 2 gruba ayr\u0131lan oyuncular\u0131m\u0131z; 5\u2019e 2 top kapma ve pas \u00e7al\u0131\u015fmas\u0131 yapt\u0131. \u0130dman, taktiksel ve bireysel \u00e7al\u0131\u015fmalarla tamamland\u0131.<\/p>\n\n\n\n<p>Luan Peres, Willian Arao, Mert Hakan Yanda\u015f ve Joshua King \u00f6zel program dahilinde \u00e7al\u0131\u015ft\u0131.<\/p>\n\n\n\n<p>Tak\u0131m\u0131m\u0131z, yar\u0131n sabah saatlerinde yapaca\u011f\u0131 antrenmanla haz\u0131rl\u0131klar\u0131n\u0131n \u0130stanbul etab\u0131n\u0131 tamamlayacak ve Larnaca\u2019ya gidecek.<\/p>\n","protected":false},"excerpt":{"rendered":"<p>Fenerbah\u00e7emiz, UEFA Avrupa Ligi B Grubu d\u00f6rd\u00fcnc\u00fc hafta ma\u00e7\u0131nda 13 Ekim Per\u015fembe ak\u015fam\u0131 deplasmanda G\u00fcney K\u0131br\u0131s ekibi AEK Larnaca oynayaca\u011f\u0131 ma\u00e7\u0131n haz\u0131rl\u0131klar\u0131na ba\u015flad\u0131. Can Bartu Tesislerimizde Teknik Direkt\u00f6r\u00fcm\u00fcz Jorge Jesus y\u00f6netiminde ger\u00e7ekle\u015ftirilen antrenman, salonda yap\u0131lan kuvvet ve dayan\u0131kl\u0131l\u0131k \u00e7al\u0131\u015fmas\u0131yla ba\u015flad\u0131. Sahada yap\u0131lan ko\u015fu, \u0131s\u0131nma, koordinasyon ve \u00e7abukluk hareketlerinin ard\u0131ndan 2 gruba ayr\u0131lan oyuncular\u0131m\u0131z; 5\u2019e 2 [&hellip;]<\/p>\n","protected":false},"author":1,"featured_media":18650,"comment_status":"closed","ping_status":"closed","sticky":false,"template":"","format":"standard","meta":{"jnews-multi-image_gallery":[],"jnews_single_post":{"subtitle":"Fenerbah\u00e7e, UEFA Avrupa Ligi B Grubu d\u00f6rd\u00fcnc\u00fc hafta ma\u00e7\u0131nda deplasmanda AEK Larnaca oynayaca\u011f\u0131 m\u00fccadelenin haz\u0131rl\u0131klar\u0131na ba\u015flad\u0131.","format":"standard","video":"","gallery":"","source_name":"","source_url":"","via_name":"","via_url":"","override_template":"0","override":[{"template":"1","single_blog_custom":"","parallax":"1","fullscreen":"1","layout":"right-sidebar","sidebar":"mysidebar","second_sidebar":"default-sidebar","sticky_sidebar":"1","share_position":"float","share_float_style":"share-normal","show_share_counter":"1","show_view_counter":"1","show_featured":"1","show_post_meta":"1","show_post_author":"0","show_post_author_image":"1","show_post_date":"1","post_date_format":"default","post_date_format_custom":"Y\/m\/d","show_post_category":"0","show_post_reading_time":"0","post_reading_time_wpm":"300","show_zoom_button":"0","zoom_button_out_step":"2","zoom_button_in_step":"3","show_post_tag":"0","show_prev_next_post":"1","show_popup_post":"0","number_popup_post":"3","show_author_box":"0","show_post_related":"0","show_inline_post_related":"0"}],"override_image_size":"0","image_override":[{"single_post_thumbnail_size":"crop-500","single_post_gallery_size":"crop-500"}],"trending_post":"0","trending_post_position":"meta","trending_post_label":"Trending","sponsored_post":"0","sponsored_post_label":"Sponsored by","sponsored_post_name":"","sponsored_post_url":"","sponsored_post_logo_enable":"0","sponsored_post_logo":"","sponsored_post_desc":"","disable_ad":"0"},"jnews_primary_category":{"id":"4"},"jnews_social_meta":{"fb_title":"","fb_description":"","fb_image":"","twitter_title":"","twitter_description":"","twitter_image":""},"jnews_override_counter":{"override_view_counter":"0","view_counter_number":"0","override_share_counter":"0","share_counter_number":"0","override_like_counter":"0","like_counter_number":"0","override_dislike_counter":"0","dislike_counter_number":"0"},"footnotes":""},"categories":[4,2,47],"tags":[23,54],"class_list":["post-18649","post","type-post","status-publish","format-standard","has-post-thumbnail","hentry","category-futbol","category-haberler","category-profesyonel-a-futbol-takimi","tag-fenerbahce","tag-futbol"],"amp_enabled":true,"_links":{"self":[{"href":"https:\/\/www.fener.org\/index.php\/wp-json\/wp\/v2\/posts\/18649","targetHints":{"allow":["GET"]}}],"collection":[{"href":"https:\/\/www.fener.org\/index.php\/wp-json\/wp\/v2\/posts"}],"about":[{"href":"https:\/\/www.fener.org\/index.php\/wp-json\/wp\/v2\/types\/post"}],"author":[{"embeddable":true,"href":"https:\/\/www.fener.org\/index.php\/wp-json\/wp\/v2\/users\/1"}],"replies":[{"embeddable":true,"href":"https:\/\/www.fener.org\/index.php\/wp-json\/wp\/v2\/comments?post=18649"}],"version-history":[{"count":1,"href":"https:\/\/www.fener.org\/index.php\/wp-json\/wp\/v2\/posts\/18649\/revisions"}],"predecessor-version":[{"id":18651,"href":"https:\/\/www.fener.org\/index.php\/wp-json\/wp\/v2\/posts\/18649\/revisions\/18651"}],"wp:featuredmedia":[{"embeddable":true,"href":"https:\/\/www.fener.org\/index.php\/wp-json\/wp\/v2\/media\/18650"}],"wp:attachment":[{"href":"https:\/\/www.fener.org\/index.php\/wp-json\/wp\/v2\/media?parent=18649"}],"wp:term":[{"taxonomy":"category","embeddable":true,"href":"https:\/\/www.fener.org\/index.php\/wp-json\/wp\/v2\/categories?post=18649"},{"taxonomy":"post_tag","embeddable":true,"href":"https:\/\/www.fener.org\/index.php\/wp-json\/wp\/v2\/tags?post=18649"}],"curies":[{"name":"wp","href":"https:\/\/api.w.org\/{rel}","templated":true}]}}