{"id":18547,"date":"2022-09-30T22:54:17","date_gmt":"2022-09-30T19:54:17","guid":{"rendered":"https:\/\/www.fener.org\/?p=18547"},"modified":"2022-09-30T22:54:20","modified_gmt":"2022-09-30T19:54:20","slug":"fenerbahceli-milli-boksorlerimiz-busra-isildar-ve-hatice-akbas-universiteler-dunya-kupasi-sampiyonu-oldu","status":"publish","type":"post","link":"https:\/\/www.fener.org\/index.php\/2022\/09\/30\/fenerbahceli-milli-boksorlerimiz-busra-isildar-ve-hatice-akbas-universiteler-dunya-kupasi-sampiyonu-oldu\/","title":{"rendered":"Fenerbah\u00e7eli milli boks\u00f6rlerimiz B\u00fc\u015fra I\u015f\u0131ldar ve Hatice Akba\u015f, \u00dcniversiteler D\u00fcnya Kupas\u0131 \u015eampiyonu oldu"},"content":{"rendered":"\n<p>D\u00fcnya \u00dcniversiteler D\u00f6v\u00fc\u015f Sporlar\u0131 Kupas\u0131\u2019nda ve Y\u0131ld\u0131z Erkekler ve Kad\u0131nlar Avrupa \u015eampiyonas\u0131\u2019nda m\u00fccadele eden boks\u00f6rlerimiz ba\u015far\u0131lar\u0131na bir yenisini daha ekledi.<\/p>\n\n\n\n<p>Samsun Ondokuz May\u0131s \u00dcniversitesi\u2019nin ev sahipli\u011finde d\u00fczenlenen Uluslararas\u0131 \u00dcniversite Sporlar\u0131 Federasyonu (FISU) D\u00fcnya \u00dcniversiteler D\u00f6v\u00fc\u015f Sporlar\u0131 Kupas\u0131 finalinde ringe \u00e7\u0131kan boks\u00f6rlerimizden 75 kiloda B\u00fc\u015fra I\u015f\u0131ldar ile 54 kiloda Hatice Akba\u015f, rakiplerini saf d\u0131\u015f\u0131 b\u0131rakarak \u00dcniversiteler D\u00fcnya Kupas\u0131 \u015eampiyonu oldu. Alt\u0131n madalyan\u0131n sahibi olan milli boks\u00f6rlerimiz b\u00f6ylece k\u00fcrs\u00fcn\u00fcn ilk basama\u011f\u0131nda yer ald\u0131.<\/p>\n\n\n\n<p>\u0130talya\u2019da yap\u0131lan Y\u0131ld\u0131zlar Erkekler ve Kad\u0131nlar Avrupa \u015eampiyonas\u0131\u2019nda m\u00fccadele eden kad\u0131n boks\u00f6rlerimizden 63 kg Esma H\u00fcsna Babat ise Polonyal\u0131 rakibini ma\u011flup ederek ad\u0131n\u0131 yar\u0131 finale yazd\u0131rd\u0131 ve madalyay\u0131 garantilemi\u015f oldu.<\/p>\n","protected":false},"excerpt":{"rendered":"<p>D\u00fcnya \u00dcniversiteler D\u00f6v\u00fc\u015f Sporlar\u0131 Kupas\u0131\u2019nda ve Y\u0131ld\u0131z Erkekler ve Kad\u0131nlar Avrupa \u015eampiyonas\u0131\u2019nda m\u00fccadele eden boks\u00f6rlerimiz ba\u015far\u0131lar\u0131na bir yenisini daha ekledi. Samsun Ondokuz May\u0131s \u00dcniversitesi\u2019nin ev sahipli\u011finde d\u00fczenlenen Uluslararas\u0131 \u00dcniversite Sporlar\u0131 Federasyonu (FISU) D\u00fcnya \u00dcniversiteler D\u00f6v\u00fc\u015f Sporlar\u0131 Kupas\u0131 finalinde ringe \u00e7\u0131kan boks\u00f6rlerimizden 75 kiloda B\u00fc\u015fra I\u015f\u0131ldar ile 54 kiloda Hatice Akba\u015f, rakiplerini saf d\u0131\u015f\u0131 b\u0131rakarak \u00dcniversiteler [&hellip;]<\/p>\n","protected":false},"author":1,"featured_media":18548,"comment_status":"closed","ping_status":"closed","sticky":false,"template":"","format":"standard","meta":{"jnews-multi-image_gallery":[],"jnews_single_post":{"subtitle":"","format":"standard","video":"","gallery":"","source_name":"","source_url":"","via_name":"","via_url":"","override_template":"0","override":[{"template":"1","single_blog_custom":"","parallax":"1","fullscreen":"1","layout":"right-sidebar","sidebar":"mysidebar","second_sidebar":"default-sidebar","sticky_sidebar":"1","share_position":"float","share_float_style":"share-normal","show_share_counter":"1","show_view_counter":"1","show_featured":"1","show_post_meta":"1","show_post_author":"0","show_post_author_image":"1","show_post_date":"1","post_date_format":"default","post_date_format_custom":"Y\/m\/d","show_post_category":"0","show_post_reading_time":"0","post_reading_time_wpm":"300","show_zoom_button":"0","zoom_button_out_step":"2","zoom_button_in_step":"3","show_post_tag":"0","show_prev_next_post":"1","show_popup_post":"0","number_popup_post":"3","show_author_box":"0","show_post_related":"0","show_inline_post_related":"0"}],"override_image_size":"0","image_override":[{"single_post_thumbnail_size":"crop-500","single_post_gallery_size":"crop-500"}],"trending_post":"0","trending_post_position":"meta","trending_post_label":"Trending","sponsored_post":"0","sponsored_post_label":"Sponsored by","sponsored_post_name":"","sponsored_post_url":"","sponsored_post_logo_enable":"0","sponsored_post_logo":"","sponsored_post_desc":"","disable_ad":"0"},"jnews_primary_category":{"id":"15"},"jnews_social_meta":{"fb_title":"","fb_description":"","fb_image":"","twitter_title":"","twitter_description":"","twitter_image":""},"jnews_override_counter":{"override_view_counter":"0","view_counter_number":"0","override_share_counter":"0","share_counter_number":"0","override_like_counter":"0","like_counter_number":"0","override_dislike_counter":"0","dislike_counter_number":"0"},"footnotes":""},"categories":[15,2],"tags":[34,23],"class_list":["post-18547","post","type-post","status-publish","format-standard","has-post-thumbnail","hentry","category-boks","category-haberler","tag-boks","tag-fenerbahce"],"amp_enabled":true,"_links":{"self":[{"href":"https:\/\/www.fener.org\/index.php\/wp-json\/wp\/v2\/posts\/18547","targetHints":{"allow":["GET"]}}],"collection":[{"href":"https:\/\/www.fener.org\/index.php\/wp-json\/wp\/v2\/posts"}],"about":[{"href":"https:\/\/www.fener.org\/index.php\/wp-json\/wp\/v2\/types\/post"}],"author":[{"embeddable":true,"href":"https:\/\/www.fener.org\/index.php\/wp-json\/wp\/v2\/users\/1"}],"replies":[{"embeddable":true,"href":"https:\/\/www.fener.org\/index.php\/wp-json\/wp\/v2\/comments?post=18547"}],"version-history":[{"count":1,"href":"https:\/\/www.fener.org\/index.php\/wp-json\/wp\/v2\/posts\/18547\/revisions"}],"predecessor-version":[{"id":18549,"href":"https:\/\/www.fener.org\/index.php\/wp-json\/wp\/v2\/posts\/18547\/revisions\/18549"}],"wp:featuredmedia":[{"embeddable":true,"href":"https:\/\/www.fener.org\/index.php\/wp-json\/wp\/v2\/media\/18548"}],"wp:attachment":[{"href":"https:\/\/www.fener.org\/index.php\/wp-json\/wp\/v2\/media?parent=18547"}],"wp:term":[{"taxonomy":"category","embeddable":true,"href":"https:\/\/www.fener.org\/index.php\/wp-json\/wp\/v2\/categories?post=18547"},{"taxonomy":"post_tag","embeddable":true,"href":"https:\/\/www.fener.org\/index.php\/wp-json\/wp\/v2\/tags?post=18547"}],"curies":[{"name":"wp","href":"https:\/\/api.w.org\/{rel}","templated":true}]}}