{"id":18535,"date":"2022-09-28T21:24:07","date_gmt":"2022-09-28T18:24:07","guid":{"rendered":"https:\/\/www.fener.org\/?p=18535"},"modified":"2022-09-28T21:24:07","modified_gmt":"2022-09-28T18:24:07","slug":"besiktas-fenerbahce-macinin-hakemleri-aciklandi","status":"publish","type":"post","link":"https:\/\/www.fener.org\/index.php\/2022\/09\/28\/besiktas-fenerbahce-macinin-hakemleri-aciklandi\/","title":{"rendered":"Be\u015fikta\u015f &#8211; Fenerbah\u00e7e ma\u00e7\u0131n\u0131n hakemleri a\u00e7\u0131kland\u0131"},"content":{"rendered":"\n<p>Spor Toto S\u00fcper Lig\u2019de 8. hafta kar\u015f\u0131la\u015fmalar\u0131n\u0131 y\u00f6netecek hakemler a\u00e7\u0131kland\u0131. Buna g\u00f6re 2 Ekim Pazar ak\u015fam\u0131 Vodafone Park\u2019ta oynanacak Be\u015fikta\u015f-Fenerbah\u00e7e ma\u00e7\u0131nda Volkan Bayarslan d\u00fcd\u00fck \u00e7alacak. Bayarslan\u2019\u0131n yard\u0131mc\u0131l\u0131klar\u0131n\u0131 Aleks Ta\u015fc\u0131o\u011flu ve Serkan Ok yapacak. M\u00fccadelenin 4. hakemi ise Atilla Karao\u011flan.<\/p>\n","protected":false},"excerpt":{"rendered":"<p>Spor Toto S\u00fcper Lig\u2019de 8. hafta kar\u015f\u0131la\u015fmalar\u0131n\u0131 y\u00f6netecek hakemler a\u00e7\u0131kland\u0131. Buna g\u00f6re 2 Ekim Pazar ak\u015fam\u0131 Vodafone Park\u2019ta oynanacak Be\u015fikta\u015f-Fenerbah\u00e7e ma\u00e7\u0131nda Volkan Bayarslan d\u00fcd\u00fck \u00e7alacak. Bayarslan\u2019\u0131n yard\u0131mc\u0131l\u0131klar\u0131n\u0131 Aleks Ta\u015fc\u0131o\u011flu ve Serkan Ok yapacak. M\u00fccadelenin 4. hakemi ise Atilla Karao\u011flan.<\/p>\n","protected":false},"author":1,"featured_media":16548,"comment_status":"closed","ping_status":"closed","sticky":false,"template":"","format":"standard","meta":{"jnews-multi-image_gallery":[],"jnews_single_post":[],"jnews_primary_category":[],"jnews_social_meta":[],"jnews_override_counter":[],"footnotes":""},"categories":[4,2,47],"tags":[23,54],"class_list":["post-18535","post","type-post","status-publish","format-standard","has-post-thumbnail","hentry","category-futbol","category-haberler","category-profesyonel-a-futbol-takimi","tag-fenerbahce","tag-futbol"],"amp_enabled":true,"_links":{"self":[{"href":"https:\/\/www.fener.org\/index.php\/wp-json\/wp\/v2\/posts\/18535","targetHints":{"allow":["GET"]}}],"collection":[{"href":"https:\/\/www.fener.org\/index.php\/wp-json\/wp\/v2\/posts"}],"about":[{"href":"https:\/\/www.fener.org\/index.php\/wp-json\/wp\/v2\/types\/post"}],"author":[{"embeddable":true,"href":"https:\/\/www.fener.org\/index.php\/wp-json\/wp\/v2\/users\/1"}],"replies":[{"embeddable":true,"href":"https:\/\/www.fener.org\/index.php\/wp-json\/wp\/v2\/comments?post=18535"}],"version-history":[{"count":1,"href":"https:\/\/www.fener.org\/index.php\/wp-json\/wp\/v2\/posts\/18535\/revisions"}],"predecessor-version":[{"id":18536,"href":"https:\/\/www.fener.org\/index.php\/wp-json\/wp\/v2\/posts\/18535\/revisions\/18536"}],"wp:featuredmedia":[{"embeddable":true,"href":"https:\/\/www.fener.org\/index.php\/wp-json\/wp\/v2\/media\/16548"}],"wp:attachment":[{"href":"https:\/\/www.fener.org\/index.php\/wp-json\/wp\/v2\/media?parent=18535"}],"wp:term":[{"taxonomy":"category","embeddable":true,"href":"https:\/\/www.fener.org\/index.php\/wp-json\/wp\/v2\/categories?post=18535"},{"taxonomy":"post_tag","embeddable":true,"href":"https:\/\/www.fener.org\/index.php\/wp-json\/wp\/v2\/tags?post=18535"}],"curies":[{"name":"wp","href":"https:\/\/api.w.org\/{rel}","templated":true}]}}