{"id":18486,"date":"2022-09-18T23:08:42","date_gmt":"2022-09-18T20:08:42","guid":{"rendered":"https:\/\/www.fener.org\/?p=18486"},"modified":"2022-09-18T23:08:45","modified_gmt":"2022-09-18T20:08:45","slug":"jorge-jesus-bu-galibiyetin-keyfini-cikaracagiz","status":"publish","type":"post","link":"https:\/\/www.fener.org\/index.php\/2022\/09\/18\/jorge-jesus-bu-galibiyetin-keyfini-cikaracagiz\/","title":{"rendered":"Jorge Jesus: Bu galibiyetin keyfini \u00e7\u0131karaca\u011f\u0131z"},"content":{"rendered":"\n<p>Teknik Direkt\u00f6r\u00fcm\u00fcz Jorge Jesus, tak\u0131m\u0131m\u0131z\u0131n Corendon Alanyaspor\u2019u 5-0 ma\u011flup etti\u011fi m\u00fccadelenin ard\u0131ndan yapt\u0131\u011f\u0131 a\u00e7\u0131klamada \u015funlar\u0131 s\u00f6yledi:<\/p>\n\n\n\n<blockquote class=\"wp-block-quote is-layout-flow wp-block-quote-is-layout-flow\"><p>\u201cTak\u0131m\u0131m her ma\u00e7 daha g\u00fc\u00e7l\u00fc bir g\u00f6r\u00fcnt\u00fc sergiliyor. Her ma\u00e7 hocalar\u0131n\u0131n istedi\u011fi fikirleri sahada daha iyi uyguluyor, bu da oynad\u0131\u011f\u0131m\u0131z ma\u00e7lar\u0131 kolayla\u015ft\u0131r\u0131yor, hem ofansif hem de defansif anlamda. Ligde 6 ma\u00e7 oynad\u0131k, 20 gol att\u0131k ki bu da tak\u0131m\u0131m\u0131z\u0131n ofansif olarak ne kadar tehlikeli oldu\u011funu g\u00f6steriyor ama hala daha iyi olabiliriz, hala daha iyi seviyelere \u00e7\u0131kabiliriz. Oyuncular\u0131m\u0131 ve taraftarlar\u0131m\u0131z\u0131 tebrik ediyorum. 5 gol sadece tak\u0131m\u0131 de\u011fil, taraftarlar\u0131 da mutlu etti. Her ma\u00e7\u0131n bir hikayesi var. \u015eimdi bu galibiyetin keyfini \u00e7\u0131karaca\u011f\u0131z. \u00c7ok fazla oyuncumuz milli tak\u0131ma gidiyor, 13 futbolcumuz \u00fclkelerini temsil etmek ad\u0131na milli tak\u0131mlar\u0131na gidecek. Biz de \u00fc\u00e7 g\u00fcn sonra \u00e7al\u0131\u015fmalar\u0131m\u0131za tekrar ba\u015flay\u0131p bir sonraki ma\u00e7\u0131 d\u00fc\u015f\u00fcnece\u011fiz.<\/p><p>E\u011fer sezon bitti\u011finde Fenerbah\u00e7e \u015fampiyon olursa o zaman bu rekorlar\u0131n benim i\u00e7in bir anlam\u0131 var. \u00c7\u00fcnk\u00fc benim i\u00e7in en \u00f6nemlisi ligi \u015fampiyon olarak bitirmek ama tabii ki bu istatistikler bizim i\u00e7in iyi bir g\u00f6sterge. \u0130leri b\u00f6lgede tehlikeli oldu\u011fumuzun bir g\u00f6stergesi. Bu bir tak\u0131m \u00e7al\u0131\u015fmas\u0131, bizim tak\u0131m\u0131m\u0131z da kaleci \u0130rfan hari\u00e7 herkes bu sezon ilk 11 ba\u015flad\u0131. Dolay\u0131s\u0131yla biz 11 ki\u015filik bir tak\u0131m de\u011fil, herkesten olu\u015fan bir tak\u0131m kurdu\u011fumuzu g\u00f6sterdik. Bu ayn\u0131 zamanda kaliteli bir kadromuz oldu\u011funun g\u00f6stergesidir. Tak\u0131m\u0131m\u0131zda aile ortam\u0131 var, bu da bizim i\u00e7in ma\u00e7lar\u0131 kolayla\u015ft\u0131r\u0131yor.<\/p><p>Fenerbah\u00e7e i\u00e7in oynad\u0131\u011f\u0131 rakibinin kim oldu\u011funun bir \u00f6nemi yok. Tabii ki ezeli rakibimizin ad\u0131na sayg\u0131 duyuyoruz ama biz, oynad\u0131\u011f\u0131m\u0131z her ma\u00e7ta kendi fikirlerimizi uygulamaya \u00e7al\u0131\u015f\u0131yoruz. Bunun i\u00e7in \u00e7al\u0131\u015fmalar\u0131m\u0131z\u0131 s\u00fcrd\u00fcr\u00fcyoruz. Her ma\u00e7 b\u00f6yle olacak, bir sonraki ma\u00e7ta olaca\u011f\u0131 gibi.\u201d<\/p><\/blockquote>\n","protected":false},"excerpt":{"rendered":"<p>Teknik Direkt\u00f6r\u00fcm\u00fcz Jorge Jesus, tak\u0131m\u0131m\u0131z\u0131n Corendon Alanyaspor\u2019u 5-0 ma\u011flup etti\u011fi m\u00fccadelenin ard\u0131ndan yapt\u0131\u011f\u0131 a\u00e7\u0131klamada \u015funlar\u0131 s\u00f6yledi: \u201cTak\u0131m\u0131m her ma\u00e7 daha g\u00fc\u00e7l\u00fc bir g\u00f6r\u00fcnt\u00fc sergiliyor. Her ma\u00e7 hocalar\u0131n\u0131n istedi\u011fi fikirleri sahada daha iyi uyguluyor, bu da oynad\u0131\u011f\u0131m\u0131z ma\u00e7lar\u0131 kolayla\u015ft\u0131r\u0131yor, hem ofansif hem de defansif anlamda. Ligde 6 ma\u00e7 oynad\u0131k, 20 gol att\u0131k ki bu da tak\u0131m\u0131m\u0131z\u0131n [&hellip;]<\/p>\n","protected":false},"author":1,"featured_media":18487,"comment_status":"closed","ping_status":"closed","sticky":false,"template":"","format":"standard","meta":{"jnews-multi-image_gallery":[],"jnews_single_post":{"subtitle":"Fenerbah\u00e7e Teknik Direkt\u00f6r\u00fc Jorge Jesus, Spor Toto S\u00fcper Lig'in 7. haftas\u0131nda Alanyaspor kar\u015f\u0131s\u0131nda al\u0131nan farkl\u0131 galibiyetin ard\u0131ndan a\u00e7\u0131klamalarda bulundu.","format":"standard","video":"","gallery":"","source_name":"","source_url":"","via_name":"","via_url":"","override_template":"0","override":[{"template":"1","single_blog_custom":"","parallax":"1","fullscreen":"1","layout":"right-sidebar","sidebar":"mysidebar","second_sidebar":"default-sidebar","sticky_sidebar":"1","share_position":"float","share_float_style":"share-normal","show_share_counter":"1","show_view_counter":"1","show_featured":"1","show_post_meta":"1","show_post_author":"0","show_post_author_image":"1","show_post_date":"1","post_date_format":"default","post_date_format_custom":"Y\/m\/d","show_post_category":"0","show_post_reading_time":"0","post_reading_time_wpm":"300","show_zoom_button":"0","zoom_button_out_step":"2","zoom_button_in_step":"3","show_post_tag":"0","show_prev_next_post":"1","show_popup_post":"0","number_popup_post":"3","show_author_box":"0","show_post_related":"0","show_inline_post_related":"0"}],"override_image_size":"0","image_override":[{"single_post_thumbnail_size":"crop-500","single_post_gallery_size":"crop-500"}],"trending_post":"0","trending_post_position":"meta","trending_post_label":"Trending","sponsored_post":"0","sponsored_post_label":"Sponsored by","sponsored_post_name":"","sponsored_post_url":"","sponsored_post_logo_enable":"0","sponsored_post_logo":"","sponsored_post_desc":"","disable_ad":"0"},"jnews_primary_category":{"id":"4"},"jnews_social_meta":{"fb_title":"","fb_description":"","fb_image":"","twitter_title":"","twitter_description":"","twitter_image":""},"jnews_override_counter":{"override_view_counter":"0","view_counter_number":"0","override_share_counter":"0","share_counter_number":"0","override_like_counter":"0","like_counter_number":"0","override_dislike_counter":"0","dislike_counter_number":"0"},"footnotes":""},"categories":[4,2,47],"tags":[23,54],"class_list":["post-18486","post","type-post","status-publish","format-standard","has-post-thumbnail","hentry","category-futbol","category-haberler","category-profesyonel-a-futbol-takimi","tag-fenerbahce","tag-futbol"],"amp_enabled":true,"_links":{"self":[{"href":"https:\/\/www.fener.org\/index.php\/wp-json\/wp\/v2\/posts\/18486","targetHints":{"allow":["GET"]}}],"collection":[{"href":"https:\/\/www.fener.org\/index.php\/wp-json\/wp\/v2\/posts"}],"about":[{"href":"https:\/\/www.fener.org\/index.php\/wp-json\/wp\/v2\/types\/post"}],"author":[{"embeddable":true,"href":"https:\/\/www.fener.org\/index.php\/wp-json\/wp\/v2\/users\/1"}],"replies":[{"embeddable":true,"href":"https:\/\/www.fener.org\/index.php\/wp-json\/wp\/v2\/comments?post=18486"}],"version-history":[{"count":2,"href":"https:\/\/www.fener.org\/index.php\/wp-json\/wp\/v2\/posts\/18486\/revisions"}],"predecessor-version":[{"id":18491,"href":"https:\/\/www.fener.org\/index.php\/wp-json\/wp\/v2\/posts\/18486\/revisions\/18491"}],"wp:featuredmedia":[{"embeddable":true,"href":"https:\/\/www.fener.org\/index.php\/wp-json\/wp\/v2\/media\/18487"}],"wp:attachment":[{"href":"https:\/\/www.fener.org\/index.php\/wp-json\/wp\/v2\/media?parent=18486"}],"wp:term":[{"taxonomy":"category","embeddable":true,"href":"https:\/\/www.fener.org\/index.php\/wp-json\/wp\/v2\/categories?post=18486"},{"taxonomy":"post_tag","embeddable":true,"href":"https:\/\/www.fener.org\/index.php\/wp-json\/wp\/v2\/tags?post=18486"}],"curies":[{"name":"wp","href":"https:\/\/api.w.org\/{rel}","templated":true}]}}