{"id":18480,"date":"2022-09-18T07:06:50","date_gmt":"2022-09-18T04:06:50","guid":{"rendered":"https:\/\/www.fener.org\/?p=18480"},"modified":"2022-09-18T07:06:53","modified_gmt":"2022-09-18T04:06:53","slug":"fenerbahce-alanyasporu-konuk-ediyor-3","status":"publish","type":"post","link":"https:\/\/www.fener.org\/index.php\/2022\/09\/18\/fenerbahce-alanyasporu-konuk-ediyor-3\/","title":{"rendered":"Fenerbah\u00e7e, Alanyaspor\u2019u konuk ediyor"},"content":{"rendered":"\n<p>Fenerbah\u00e7emiz, Spor Toto S\u00fcper Lig&#8217;in 7. haftas\u0131nda Corendon Alanyaspor ile kar\u015f\u0131la\u015facak. \u00dclker Stadyumu Fenerbah\u00e7e \u015e\u00fckr\u00fc Saraco\u011flu Spor Kompleksi\u2019nde oynanacak ve bug\u00fcn (18 Eyl\u00fcl Pazar g\u00fcn\u00fc) saat 20.00&#8217;de ba\u015flayacak kar\u015f\u0131la\u015fmay\u0131 hakem H\u00fcseyin G\u00f6\u00e7ek y\u00f6netecek.<\/p>\n\n\n\n<p>Ligin 5. haftas\u0131nda Yukatel Kayserispor&#8217;u 2-0 ma\u011flup eden Tak\u0131m\u0131m\u0131z, 6. haftay\u0131 ise BAY ge\u00e7ti.<\/p>\n\n\n\n<p>Fenerbah\u00e7emiz ile Alanyaspor, S\u00fcper Lig&#8217;de 13. kez kar\u015f\u0131 kar\u015f\u0131ya gelecek. \u0130ki tak\u0131m aras\u0131nda 2016-2017 sezonundan bu yana oynanan 12 ma\u00e7tan 6&#8217;s\u0131n\u0131 Tak\u0131m\u0131m\u0131z, 3&#8217;\u00fcn\u00fc ise Alanyaspor kazand\u0131, 3 m\u00fcsabaka da berabere sonu\u00e7land\u0131. Bu m\u00fcsabakalarda Fenerbah\u00e7emiz 23 kez fileleri havaland\u0131rd\u0131, Alanyaspor ise 14 gol kaydetti.<\/p>\n","protected":false},"excerpt":{"rendered":"<p>Fenerbah\u00e7emiz, Spor Toto S\u00fcper Lig&#8217;in 7. haftas\u0131nda Corendon Alanyaspor ile kar\u015f\u0131la\u015facak. \u00dclker Stadyumu Fenerbah\u00e7e \u015e\u00fckr\u00fc Saraco\u011flu Spor Kompleksi\u2019nde oynanacak ve bug\u00fcn (18 Eyl\u00fcl Pazar g\u00fcn\u00fc) saat 20.00&#8217;de ba\u015flayacak kar\u015f\u0131la\u015fmay\u0131 hakem H\u00fcseyin G\u00f6\u00e7ek y\u00f6netecek. Ligin 5. haftas\u0131nda Yukatel Kayserispor&#8217;u 2-0 ma\u011flup eden Tak\u0131m\u0131m\u0131z, 6. haftay\u0131 ise BAY ge\u00e7ti. Fenerbah\u00e7emiz ile Alanyaspor, S\u00fcper Lig&#8217;de 13. kez kar\u015f\u0131 [&hellip;]<\/p>\n","protected":false},"author":1,"featured_media":18213,"comment_status":"closed","ping_status":"closed","sticky":false,"template":"","format":"standard","meta":{"jnews-multi-image_gallery":[],"jnews_single_post":{"subtitle":"Fenerbah\u00e7e, Spor Toto S\u00fcper Lig'in 7. haftas\u0131nda sahas\u0131nda Alanyaspor ile m\u00fccadele edecek.","format":"standard","video":"","gallery":"","source_name":"","source_url":"","via_name":"","via_url":"","override_template":"0","override":[{"template":"1","single_blog_custom":"","parallax":"1","fullscreen":"1","layout":"right-sidebar","sidebar":"mysidebar","second_sidebar":"default-sidebar","sticky_sidebar":"1","share_position":"float","share_float_style":"share-normal","show_share_counter":"1","show_view_counter":"1","show_featured":"1","show_post_meta":"1","show_post_author":"0","show_post_author_image":"1","show_post_date":"1","post_date_format":"default","post_date_format_custom":"Y\/m\/d","show_post_category":"0","show_post_reading_time":"0","post_reading_time_wpm":"300","show_zoom_button":"0","zoom_button_out_step":"2","zoom_button_in_step":"3","show_post_tag":"0","show_prev_next_post":"1","show_popup_post":"0","number_popup_post":"3","show_author_box":"0","show_post_related":"0","show_inline_post_related":"0"}],"override_image_size":"0","image_override":[{"single_post_thumbnail_size":"crop-500","single_post_gallery_size":"crop-500"}],"trending_post":"0","trending_post_position":"meta","trending_post_label":"Trending","sponsored_post":"0","sponsored_post_label":"Sponsored by","sponsored_post_name":"","sponsored_post_url":"","sponsored_post_logo_enable":"0","sponsored_post_logo":"","sponsored_post_desc":"","disable_ad":"0"},"jnews_primary_category":{"id":"4"},"jnews_social_meta":{"fb_title":"","fb_description":"","fb_image":"","twitter_title":"","twitter_description":"","twitter_image":""},"jnews_override_counter":{"override_view_counter":"0","view_counter_number":"0","override_share_counter":"0","share_counter_number":"0","override_like_counter":"0","like_counter_number":"0","override_dislike_counter":"0","dislike_counter_number":"0"},"footnotes":""},"categories":[4,2,47],"tags":[23,54],"class_list":["post-18480","post","type-post","status-publish","format-standard","has-post-thumbnail","hentry","category-futbol","category-haberler","category-profesyonel-a-futbol-takimi","tag-fenerbahce","tag-futbol"],"amp_enabled":true,"_links":{"self":[{"href":"https:\/\/www.fener.org\/index.php\/wp-json\/wp\/v2\/posts\/18480","targetHints":{"allow":["GET"]}}],"collection":[{"href":"https:\/\/www.fener.org\/index.php\/wp-json\/wp\/v2\/posts"}],"about":[{"href":"https:\/\/www.fener.org\/index.php\/wp-json\/wp\/v2\/types\/post"}],"author":[{"embeddable":true,"href":"https:\/\/www.fener.org\/index.php\/wp-json\/wp\/v2\/users\/1"}],"replies":[{"embeddable":true,"href":"https:\/\/www.fener.org\/index.php\/wp-json\/wp\/v2\/comments?post=18480"}],"version-history":[{"count":1,"href":"https:\/\/www.fener.org\/index.php\/wp-json\/wp\/v2\/posts\/18480\/revisions"}],"predecessor-version":[{"id":18481,"href":"https:\/\/www.fener.org\/index.php\/wp-json\/wp\/v2\/posts\/18480\/revisions\/18481"}],"wp:featuredmedia":[{"embeddable":true,"href":"https:\/\/www.fener.org\/index.php\/wp-json\/wp\/v2\/media\/18213"}],"wp:attachment":[{"href":"https:\/\/www.fener.org\/index.php\/wp-json\/wp\/v2\/media?parent=18480"}],"wp:term":[{"taxonomy":"category","embeddable":true,"href":"https:\/\/www.fener.org\/index.php\/wp-json\/wp\/v2\/categories?post=18480"},{"taxonomy":"post_tag","embeddable":true,"href":"https:\/\/www.fener.org\/index.php\/wp-json\/wp\/v2\/tags?post=18480"}],"curies":[{"name":"wp","href":"https:\/\/api.w.org\/{rel}","templated":true}]}}