{"id":18389,"date":"2022-09-04T20:36:25","date_gmt":"2022-09-04T17:36:25","guid":{"rendered":"https:\/\/www.fener.org\/?p=18389"},"modified":"2022-09-04T20:36:29","modified_gmt":"2022-09-04T17:36:29","slug":"fenerbahceli-milli-kurekci-elis-ozbay-avrupa-sampiyonu-oldu","status":"publish","type":"post","link":"https:\/\/www.fener.org\/index.php\/2022\/09\/04\/fenerbahceli-milli-kurekci-elis-ozbay-avrupa-sampiyonu-oldu\/","title":{"rendered":"Fenerbah\u00e7eli milli k\u00fcrek\u00e7i Elis \u00d6zbay Avrupa \u015eampiyonu oldu"},"content":{"rendered":"\n<p>Fenerbah\u00e7eli milli k\u00fcrek\u00e7i Elis \u00d6zbay, Bel\u00e7ika\u2019da d\u00fczenlenen U23 Avrupa \u015eampiyonas\u0131&#8217;nda, hafif kilo tek \u00e7iftede alt\u0131n madalya kazand\u0131.<\/p>\n\n\n\n<p>Sar\u0131 lacivertli milli k\u00fcrek\u00e7imiz, hafif kilo tek \u00e7ifte A finalinde 7 dakika 52.81 saniyelik derecesiyle Yunan rakibi Evangelia Anastasiadou&#8217;yu ge\u00e7erek Avrupa \u015eampiyonlu\u011funa ula\u015ft\u0131. Elis \u00d6zbay, temmuz ay\u0131nda \u0130talya&#8217;da yap\u0131lan U23 D\u00fcnya \u015eampiyonas\u0131&#8217;nda Yunan sporcunun ard\u0131ndan ikinci olarak g\u00fcm\u00fc\u015f madalya elde etmi\u015fti. Elis yar\u0131\u015f sonras\u0131 d\u00fczenlenen t\u00f6rende alt\u0131n madalyas\u0131n\u0131 ald\u0131.<\/p>\n\n\n\n<p>Milli k\u00fcrek\u00e7imiz ge\u00e7ti\u011fimiz y\u0131l \u00fcmit kad\u0131nlar iki \u00e7iftede D\u00fcnya ve Avrupa \u015fampiyonluklar\u0131 kazanm\u0131\u015ft\u0131.<\/p>\n","protected":false},"excerpt":{"rendered":"<p>Fenerbah\u00e7eli milli k\u00fcrek\u00e7i Elis \u00d6zbay, Bel\u00e7ika\u2019da d\u00fczenlenen U23 Avrupa \u015eampiyonas\u0131&#8217;nda, hafif kilo tek \u00e7iftede alt\u0131n madalya kazand\u0131. Sar\u0131 lacivertli milli k\u00fcrek\u00e7imiz, hafif kilo tek \u00e7ifte A finalinde 7 dakika 52.81 saniyelik derecesiyle Yunan rakibi Evangelia Anastasiadou&#8217;yu ge\u00e7erek Avrupa \u015eampiyonlu\u011funa ula\u015ft\u0131. Elis \u00d6zbay, temmuz ay\u0131nda \u0130talya&#8217;da yap\u0131lan U23 D\u00fcnya \u015eampiyonas\u0131&#8217;nda Yunan sporcunun ard\u0131ndan ikinci olarak g\u00fcm\u00fc\u015f [&hellip;]<\/p>\n","protected":false},"author":1,"featured_media":18390,"comment_status":"closed","ping_status":"closed","sticky":false,"template":"","format":"standard","meta":{"jnews-multi-image_gallery":[],"jnews_single_post":{"subtitle":"","format":"standard","video":"","gallery":"","source_name":"","source_url":"","via_name":"","via_url":"","override_template":"0","override":[{"template":"1","single_blog_custom":"","parallax":"1","fullscreen":"1","layout":"right-sidebar","sidebar":"mysidebar","second_sidebar":"default-sidebar","sticky_sidebar":"1","share_position":"float","share_float_style":"share-normal","show_share_counter":"1","show_view_counter":"1","show_featured":"1","show_post_meta":"1","show_post_author":"0","show_post_author_image":"1","show_post_date":"1","post_date_format":"default","post_date_format_custom":"Y\/m\/d","show_post_category":"0","show_post_reading_time":"0","post_reading_time_wpm":"300","show_zoom_button":"0","zoom_button_out_step":"2","zoom_button_in_step":"3","show_post_tag":"0","show_prev_next_post":"1","show_popup_post":"0","number_popup_post":"3","show_author_box":"0","show_post_related":"0","show_inline_post_related":"0"}],"override_image_size":"0","image_override":[{"single_post_thumbnail_size":"crop-500","single_post_gallery_size":"crop-500"}],"trending_post":"0","trending_post_position":"meta","trending_post_label":"Trending","sponsored_post":"0","sponsored_post_label":"Sponsored by","sponsored_post_name":"","sponsored_post_url":"","sponsored_post_logo_enable":"0","sponsored_post_logo":"","sponsored_post_desc":"","disable_ad":"0"},"jnews_primary_category":{"id":"11"},"jnews_social_meta":{"fb_title":"","fb_description":"","fb_image":"","twitter_title":"","twitter_description":"","twitter_image":""},"jnews_override_counter":{"override_view_counter":"0","view_counter_number":"0","override_share_counter":"0","share_counter_number":"0","override_like_counter":"0","like_counter_number":"0","override_dislike_counter":"0","dislike_counter_number":"0"},"footnotes":""},"categories":[2,11],"tags":[23,30],"class_list":["post-18389","post","type-post","status-publish","format-standard","has-post-thumbnail","hentry","category-haberler","category-kurek","tag-fenerbahce","tag-kurek"],"amp_enabled":true,"_links":{"self":[{"href":"https:\/\/www.fener.org\/index.php\/wp-json\/wp\/v2\/posts\/18389","targetHints":{"allow":["GET"]}}],"collection":[{"href":"https:\/\/www.fener.org\/index.php\/wp-json\/wp\/v2\/posts"}],"about":[{"href":"https:\/\/www.fener.org\/index.php\/wp-json\/wp\/v2\/types\/post"}],"author":[{"embeddable":true,"href":"https:\/\/www.fener.org\/index.php\/wp-json\/wp\/v2\/users\/1"}],"replies":[{"embeddable":true,"href":"https:\/\/www.fener.org\/index.php\/wp-json\/wp\/v2\/comments?post=18389"}],"version-history":[{"count":1,"href":"https:\/\/www.fener.org\/index.php\/wp-json\/wp\/v2\/posts\/18389\/revisions"}],"predecessor-version":[{"id":18391,"href":"https:\/\/www.fener.org\/index.php\/wp-json\/wp\/v2\/posts\/18389\/revisions\/18391"}],"wp:featuredmedia":[{"embeddable":true,"href":"https:\/\/www.fener.org\/index.php\/wp-json\/wp\/v2\/media\/18390"}],"wp:attachment":[{"href":"https:\/\/www.fener.org\/index.php\/wp-json\/wp\/v2\/media?parent=18389"}],"wp:term":[{"taxonomy":"category","embeddable":true,"href":"https:\/\/www.fener.org\/index.php\/wp-json\/wp\/v2\/categories?post=18389"},{"taxonomy":"post_tag","embeddable":true,"href":"https:\/\/www.fener.org\/index.php\/wp-json\/wp\/v2\/tags?post=18389"}],"curies":[{"name":"wp","href":"https:\/\/api.w.org\/{rel}","templated":true}]}}