{"id":18358,"date":"2022-09-01T20:14:53","date_gmt":"2022-09-01T17:14:53","guid":{"rendered":"https:\/\/www.fener.org\/?p=18358"},"modified":"2022-09-01T20:14:56","modified_gmt":"2022-09-01T17:14:56","slug":"sanberk-yigit-oktardan-altin-madalya","status":"publish","type":"post","link":"https:\/\/www.fener.org\/index.php\/2022\/09\/01\/sanberk-yigit-oktardan-altin-madalya\/","title":{"rendered":"Sanberk Yi\u011fit Oktar\u2019dan alt\u0131n madalya"},"content":{"rendered":"\n<p>Peru&#8217;nun Lima kentinde d\u00fczenlenen D\u00fcnya Gen\u00e7ler Y\u00fczme \u015eampiyonas\u0131\u2019nda milli forma alt\u0131nda m\u00fccadele eden Fenerbah\u00e7e Y\u00fczme \u015eubemizin sporcusu Sanberk Yi\u011fit Oktar, bir ilke imza att\u0131. Milli y\u00fcz\u00fcc\u00fcm\u00fcz Oktar, erkekler 200 metre kar\u0131\u015f\u0131k mesafesindeki 1:59.89&#8217;luk derecesiyle D\u00fcnya Gen\u00e7ler \u015eampiyonu olarak alt\u0131n madalya kazand\u0131. 18 ya\u015f\u0131ndaki gen\u00e7 sporcumuz b\u00f6ylece kul\u00fcp tarihimizde y\u00fczme bran\u015f\u0131nda d\u00fcnya gen\u00e7lerde ilk madalyam\u0131z\u0131 kazand\u0131rm\u0131\u015f oldu. \u00c7eki\u015fmeli ge\u00e7en yar\u0131\u015f sonundaysa Japon y\u00fcz\u00fcc\u00fcler Tomoyuki Matsushita 2.(2:00.89), Yuta Watanabe de 3.(2:01.39) s\u0131ray\u0131 ald\u0131.<\/p>\n","protected":false},"excerpt":{"rendered":"<p>Peru&#8217;nun Lima kentinde d\u00fczenlenen D\u00fcnya Gen\u00e7ler Y\u00fczme \u015eampiyonas\u0131\u2019nda milli forma alt\u0131nda m\u00fccadele eden Fenerbah\u00e7e Y\u00fczme \u015eubemizin sporcusu Sanberk Yi\u011fit Oktar, bir ilke imza att\u0131. Milli y\u00fcz\u00fcc\u00fcm\u00fcz Oktar, erkekler 200 metre kar\u0131\u015f\u0131k mesafesindeki 1:59.89&#8217;luk derecesiyle D\u00fcnya Gen\u00e7ler \u015eampiyonu olarak alt\u0131n madalya kazand\u0131. 18 ya\u015f\u0131ndaki gen\u00e7 sporcumuz b\u00f6ylece kul\u00fcp tarihimizde y\u00fczme bran\u015f\u0131nda d\u00fcnya gen\u00e7lerde ilk madalyam\u0131z\u0131 kazand\u0131rm\u0131\u015f [&hellip;]<\/p>\n","protected":false},"author":1,"featured_media":18359,"comment_status":"closed","ping_status":"closed","sticky":false,"template":"","format":"standard","meta":{"jnews-multi-image_gallery":[],"jnews_single_post":{"subtitle":"Fenerbah\u00e7e Y\u00fczme \u015eubemizin sporcusu Sanberk Yi\u011fit Oktar, kul\u00fcp tarihimizde y\u00fczme bran\u015f\u0131nda d\u00fcnya gen\u00e7lerde ilk madalyam\u0131z\u0131 kazanarak bir ilke imza att\u0131.","format":"standard","video":"","gallery":"","source_name":"","source_url":"","via_name":"","via_url":"","override_template":"0","override":[{"template":"1","single_blog_custom":"","parallax":"1","fullscreen":"1","layout":"right-sidebar","sidebar":"mysidebar","second_sidebar":"default-sidebar","sticky_sidebar":"1","share_position":"float","share_float_style":"share-normal","show_share_counter":"1","show_view_counter":"1","show_featured":"1","show_post_meta":"1","show_post_author":"0","show_post_author_image":"1","show_post_date":"1","post_date_format":"default","post_date_format_custom":"Y\/m\/d","show_post_category":"0","show_post_reading_time":"0","post_reading_time_wpm":"300","show_zoom_button":"0","zoom_button_out_step":"2","zoom_button_in_step":"3","show_post_tag":"0","show_prev_next_post":"1","show_popup_post":"0","number_popup_post":"3","show_author_box":"0","show_post_related":"0","show_inline_post_related":"0"}],"override_image_size":"0","image_override":[{"single_post_thumbnail_size":"crop-500","single_post_gallery_size":"crop-500"}],"trending_post":"0","trending_post_position":"meta","trending_post_label":"Trending","sponsored_post":"0","sponsored_post_label":"Sponsored by","sponsored_post_name":"","sponsored_post_url":"","sponsored_post_logo_enable":"0","sponsored_post_logo":"","sponsored_post_desc":"","disable_ad":"0"},"jnews_primary_category":{"id":"14"},"jnews_social_meta":{"fb_title":"","fb_description":"","fb_image":"","twitter_title":"","twitter_description":"","twitter_image":""},"jnews_override_counter":{"override_view_counter":"0","view_counter_number":"0","override_share_counter":"0","share_counter_number":"0","override_like_counter":"0","like_counter_number":"0","override_dislike_counter":"0","dislike_counter_number":"0"},"footnotes":""},"categories":[2,14],"tags":[23,33],"class_list":["post-18358","post","type-post","status-publish","format-standard","has-post-thumbnail","hentry","category-haberler","category-yuzme","tag-fenerbahce","tag-yuzme"],"amp_enabled":true,"_links":{"self":[{"href":"https:\/\/www.fener.org\/index.php\/wp-json\/wp\/v2\/posts\/18358","targetHints":{"allow":["GET"]}}],"collection":[{"href":"https:\/\/www.fener.org\/index.php\/wp-json\/wp\/v2\/posts"}],"about":[{"href":"https:\/\/www.fener.org\/index.php\/wp-json\/wp\/v2\/types\/post"}],"author":[{"embeddable":true,"href":"https:\/\/www.fener.org\/index.php\/wp-json\/wp\/v2\/users\/1"}],"replies":[{"embeddable":true,"href":"https:\/\/www.fener.org\/index.php\/wp-json\/wp\/v2\/comments?post=18358"}],"version-history":[{"count":1,"href":"https:\/\/www.fener.org\/index.php\/wp-json\/wp\/v2\/posts\/18358\/revisions"}],"predecessor-version":[{"id":18360,"href":"https:\/\/www.fener.org\/index.php\/wp-json\/wp\/v2\/posts\/18358\/revisions\/18360"}],"wp:featuredmedia":[{"embeddable":true,"href":"https:\/\/www.fener.org\/index.php\/wp-json\/wp\/v2\/media\/18359"}],"wp:attachment":[{"href":"https:\/\/www.fener.org\/index.php\/wp-json\/wp\/v2\/media?parent=18358"}],"wp:term":[{"taxonomy":"category","embeddable":true,"href":"https:\/\/www.fener.org\/index.php\/wp-json\/wp\/v2\/categories?post=18358"},{"taxonomy":"post_tag","embeddable":true,"href":"https:\/\/www.fener.org\/index.php\/wp-json\/wp\/v2\/tags?post=18358"}],"curies":[{"name":"wp","href":"https:\/\/api.w.org\/{rel}","templated":true}]}}