{"id":18353,"date":"2022-08-31T21:41:29","date_gmt":"2022-08-31T18:41:29","guid":{"rendered":"https:\/\/www.fener.org\/?p=18353"},"modified":"2022-08-31T21:41:33","modified_gmt":"2022-08-31T18:41:33","slug":"fenerbahcede-kayserispor-maci-hazirliklari-basladi-3","status":"publish","type":"post","link":"https:\/\/www.fener.org\/index.php\/2022\/08\/31\/fenerbahcede-kayserispor-maci-hazirliklari-basladi-3\/","title":{"rendered":"Fenerbah\u00e7e&#8217;de Kayserispor ma\u00e7\u0131 haz\u0131rl\u0131klar\u0131 ba\u015flad\u0131"},"content":{"rendered":"\n<p>Fenerbah\u00e7emiz, Spor Toto S\u00fcper Lig\u2019in be\u015finci haftas\u0131nda 3 Eyl\u00fcl Cumartesi g\u00fcn\u00fc \u00dclker Stadyumu Fenerbah\u00e7e \u015e\u00fckr\u00fc Saraco\u011flu Spor Kompleksi\u2019nde Yukatel Kayserispor ile oynayaca\u011f\u0131 ma\u00e7\u0131n haz\u0131rl\u0131klar\u0131na Can Bartu Tesislerimizde yapt\u0131\u011f\u0131 antrenmanla ba\u015flad\u0131.<\/p>\n\n\n\n<p>Teknik Direkt\u00f6r\u00fcm\u00fcz Jorge Jesus y\u00f6netiminde ger\u00e7ekle\u015ftirilen antrenman, salonda yap\u0131lan kuvvet ve dayan\u0131kl\u0131l\u0131k \u00e7al\u0131\u015fmalar\u0131yla ba\u015flad\u0131. Ard\u0131ndan sahada ko\u015fu, \u0131s\u0131nma ve \u00e7abukluk \u00e7al\u0131\u015fmalar\u0131 yapan futbolcular\u0131m\u0131z; pas \u00e7al\u0131\u015fmalar\u0131yla s\u00fcrd\u00fcrd\u00fckleri idman\u0131, taktiksel ve bireysel \u00e7al\u0131\u015fmalarla tamamlad\u0131.<\/p>\n\n\n\n<p>Tak\u0131m\u0131m\u0131z, haz\u0131rl\u0131klar\u0131n\u0131 yar\u0131n yapaca\u011f\u0131 antrenmanla s\u00fcrd\u00fcrecek.<\/p>\n","protected":false},"excerpt":{"rendered":"<p>Fenerbah\u00e7emiz, Spor Toto S\u00fcper Lig\u2019in be\u015finci haftas\u0131nda 3 Eyl\u00fcl Cumartesi g\u00fcn\u00fc \u00dclker Stadyumu Fenerbah\u00e7e \u015e\u00fckr\u00fc Saraco\u011flu Spor Kompleksi\u2019nde Yukatel Kayserispor ile oynayaca\u011f\u0131 ma\u00e7\u0131n haz\u0131rl\u0131klar\u0131na Can Bartu Tesislerimizde yapt\u0131\u011f\u0131 antrenmanla ba\u015flad\u0131. Teknik Direkt\u00f6r\u00fcm\u00fcz Jorge Jesus y\u00f6netiminde ger\u00e7ekle\u015ftirilen antrenman, salonda yap\u0131lan kuvvet ve dayan\u0131kl\u0131l\u0131k \u00e7al\u0131\u015fmalar\u0131yla ba\u015flad\u0131. Ard\u0131ndan sahada ko\u015fu, \u0131s\u0131nma ve \u00e7abukluk \u00e7al\u0131\u015fmalar\u0131 yapan futbolcular\u0131m\u0131z; pas \u00e7al\u0131\u015fmalar\u0131yla [&hellip;]<\/p>\n","protected":false},"author":1,"featured_media":18354,"comment_status":"closed","ping_status":"closed","sticky":false,"template":"","format":"standard","meta":{"jnews-multi-image_gallery":[],"jnews_single_post":{"subtitle":"Fenerbah\u00e7e, Spor Toto S\u00fcper Lig\u2019in be\u015finci haftas\u0131nda sahas\u0131nda Kayserispor ile oynayaca\u011f\u0131 ma\u00e7\u0131n haz\u0131rl\u0131klar\u0131na bug\u00fcn yapt\u0131\u011f\u0131 antrenmanla ba\u015flad\u0131.","format":"standard","video":"","gallery":"","source_name":"","source_url":"","via_name":"","via_url":"","override_template":"0","override":[{"template":"1","single_blog_custom":"","parallax":"1","fullscreen":"1","layout":"right-sidebar","sidebar":"mysidebar","second_sidebar":"default-sidebar","sticky_sidebar":"1","share_position":"float","share_float_style":"share-normal","show_share_counter":"1","show_view_counter":"1","show_featured":"1","show_post_meta":"1","show_post_author":"0","show_post_author_image":"1","show_post_date":"1","post_date_format":"default","post_date_format_custom":"Y\/m\/d","show_post_category":"0","show_post_reading_time":"0","post_reading_time_wpm":"300","show_zoom_button":"0","zoom_button_out_step":"2","zoom_button_in_step":"3","show_post_tag":"0","show_prev_next_post":"1","show_popup_post":"0","number_popup_post":"3","show_author_box":"0","show_post_related":"0","show_inline_post_related":"0"}],"override_image_size":"0","image_override":[{"single_post_thumbnail_size":"crop-500","single_post_gallery_size":"crop-500"}],"trending_post":"0","trending_post_position":"meta","trending_post_label":"Trending","sponsored_post":"0","sponsored_post_label":"Sponsored by","sponsored_post_name":"","sponsored_post_url":"","sponsored_post_logo_enable":"0","sponsored_post_logo":"","sponsored_post_desc":"","disable_ad":"0"},"jnews_primary_category":{"id":"4"},"jnews_social_meta":{"fb_title":"","fb_description":"","fb_image":"","twitter_title":"","twitter_description":"","twitter_image":""},"jnews_override_counter":{"override_view_counter":"0","view_counter_number":"0","override_share_counter":"0","share_counter_number":"0","override_like_counter":"0","like_counter_number":"0","override_dislike_counter":"0","dislike_counter_number":"0"},"footnotes":""},"categories":[4,2,47],"tags":[23,54],"class_list":["post-18353","post","type-post","status-publish","format-standard","has-post-thumbnail","hentry","category-futbol","category-haberler","category-profesyonel-a-futbol-takimi","tag-fenerbahce","tag-futbol"],"amp_enabled":true,"_links":{"self":[{"href":"https:\/\/www.fener.org\/index.php\/wp-json\/wp\/v2\/posts\/18353","targetHints":{"allow":["GET"]}}],"collection":[{"href":"https:\/\/www.fener.org\/index.php\/wp-json\/wp\/v2\/posts"}],"about":[{"href":"https:\/\/www.fener.org\/index.php\/wp-json\/wp\/v2\/types\/post"}],"author":[{"embeddable":true,"href":"https:\/\/www.fener.org\/index.php\/wp-json\/wp\/v2\/users\/1"}],"replies":[{"embeddable":true,"href":"https:\/\/www.fener.org\/index.php\/wp-json\/wp\/v2\/comments?post=18353"}],"version-history":[{"count":1,"href":"https:\/\/www.fener.org\/index.php\/wp-json\/wp\/v2\/posts\/18353\/revisions"}],"predecessor-version":[{"id":18355,"href":"https:\/\/www.fener.org\/index.php\/wp-json\/wp\/v2\/posts\/18353\/revisions\/18355"}],"wp:featuredmedia":[{"embeddable":true,"href":"https:\/\/www.fener.org\/index.php\/wp-json\/wp\/v2\/media\/18354"}],"wp:attachment":[{"href":"https:\/\/www.fener.org\/index.php\/wp-json\/wp\/v2\/media?parent=18353"}],"wp:term":[{"taxonomy":"category","embeddable":true,"href":"https:\/\/www.fener.org\/index.php\/wp-json\/wp\/v2\/categories?post=18353"},{"taxonomy":"post_tag","embeddable":true,"href":"https:\/\/www.fener.org\/index.php\/wp-json\/wp\/v2\/tags?post=18353"}],"curies":[{"name":"wp","href":"https:\/\/api.w.org\/{rel}","templated":true}]}}