{"id":18338,"date":"2022-08-29T22:22:00","date_gmt":"2022-08-29T19:22:00","guid":{"rendered":"https:\/\/www.fener.org\/?p=18338"},"modified":"2022-08-29T22:22:04","modified_gmt":"2022-08-29T19:22:04","slug":"jorge-jesus-iyi-bir-mac-cikaramadik","status":"publish","type":"post","link":"https:\/\/www.fener.org\/index.php\/2022\/08\/29\/jorge-jesus-iyi-bir-mac-cikaramadik\/","title":{"rendered":"Jorge Jesus:\u00a0\u0130yi bir ma\u00e7 \u00e7\u0131karamad\u0131k"},"content":{"rendered":"\n<blockquote class=\"wp-block-quote is-layout-flow wp-block-quote-is-layout-flow\"><p>Teknik Direkt\u00f6r\u00fcm\u00fcz Jorge Jesus, Arabam.com Konyaspor ma\u00e7\u0131n\u0131n ard\u0131ndan yay\u0131nc\u0131 kurulu\u015fa yapt\u0131\u011f\u0131 a\u00e7\u0131klamalarda \u015funlar\u0131 s\u00f6yledi:<br>\u00a0<br>\u201cBug\u00fcn Fenerbah\u00e7e\u2019ye geldi\u011fim ilk g\u00fcnden itibaren oynad\u0131\u011f\u0131m\u0131z b\u00fct\u00fcn ma\u00e7lar\u0131 de\u011ferlendirdi\u011fimizde tak\u0131m\u0131n ilk defa istediklerimizi uygulayamad\u0131\u011f\u0131 bir ma\u00e7 oldu. \u0130yi bir ma\u00e7 \u00e7\u0131karamad\u0131k. Valencia\u2019n\u0131n da g\u00f6rd\u00fc\u011f\u00fc k\u0131rm\u0131z\u0131 kart saha i\u00e7indeki organizasyonumuzu kaybetmemize sebep oldu ama yine de gol yemedik. \u00a0Devre aras\u0131nda baz\u0131 de\u011fi\u015fiklikler yapt\u0131k ve ma\u00e7ta dengeyi sa\u011flad\u0131k. Ama \u00f6nceki ma\u00e7larda g\u00f6sterdi\u011fimiz dinamikli\u011fi ofansta g\u00f6steremedik. Ma\u011flubiyetin sebebi buydu. Asl\u0131nda ben de tak\u0131m\u0131n \u00f6n b\u00f6lgedeki organizasyonunu be\u011fenmedim. Enner\u2019in g\u00f6rd\u00fc\u011f\u00fc k\u0131rm\u0131z\u0131 kart sonras\u0131 birazc\u0131k organizasyonumuzu hem ofansif hem de defansif anlamda kaybettik. \u00c7ok fazla pozisyon olan bir ma\u00e7 de\u011fildi. Rakibimiz de \u00e7ok fazla pozisyona giremedi. Ma\u00e7 i\u00e7inde olan nadir ataklardan birinde gol\u00fc yedik. \u00d6n b\u00f6lgede yeteri kadar dinamik ve \u00e7abuk de\u011fildik. Tabii ki bunda 10 ki\u015fi kalmam\u0131z\u0131n etkisi var. Ama yine de 1 ki\u015fi eksik de olsak daha iyi performans g\u00f6stermemiz gerekirdi.\u201d<\/p><\/blockquote>\n","protected":false},"excerpt":{"rendered":"<p>Teknik Direkt\u00f6r\u00fcm\u00fcz Jorge Jesus, Arabam.com Konyaspor ma\u00e7\u0131n\u0131n ard\u0131ndan yay\u0131nc\u0131 kurulu\u015fa yapt\u0131\u011f\u0131 a\u00e7\u0131klamalarda \u015funlar\u0131 s\u00f6yledi:\u00a0\u201cBug\u00fcn Fenerbah\u00e7e\u2019ye geldi\u011fim ilk g\u00fcnden itibaren oynad\u0131\u011f\u0131m\u0131z b\u00fct\u00fcn ma\u00e7lar\u0131 de\u011ferlendirdi\u011fimizde tak\u0131m\u0131n ilk defa istediklerimizi uygulayamad\u0131\u011f\u0131 bir ma\u00e7 oldu. \u0130yi bir ma\u00e7 \u00e7\u0131karamad\u0131k. Valencia\u2019n\u0131n da g\u00f6rd\u00fc\u011f\u00fc k\u0131rm\u0131z\u0131 kart saha i\u00e7indeki organizasyonumuzu kaybetmemize sebep oldu ama yine de gol yemedik. \u00a0Devre aras\u0131nda baz\u0131 de\u011fi\u015fiklikler [&hellip;]<\/p>\n","protected":false},"author":1,"featured_media":18339,"comment_status":"closed","ping_status":"closed","sticky":false,"template":"","format":"standard","meta":{"jnews-multi-image_gallery":[],"jnews_single_post":{"subtitle":"Fenerbah\u00e7e Teknik Direkt\u00f6r\u00fc Jorge Jesus, Spor Toto S\u00fcper Lig'in 4. haftas\u0131nda deplasmanda Konyaspor ile oynanan m\u00fccadelenin ard\u0131ndan de\u011ferlendirmelerde bulundu.","format":"standard","video":"","gallery":"","source_name":"","source_url":"","via_name":"","via_url":"","override_template":"0","override":[{"template":"1","single_blog_custom":"","parallax":"1","fullscreen":"1","layout":"right-sidebar","sidebar":"mysidebar","second_sidebar":"default-sidebar","sticky_sidebar":"1","share_position":"float","share_float_style":"share-normal","show_share_counter":"1","show_view_counter":"1","show_featured":"1","show_post_meta":"1","show_post_author":"0","show_post_author_image":"1","show_post_date":"1","post_date_format":"default","post_date_format_custom":"Y\/m\/d","show_post_category":"0","show_post_reading_time":"0","post_reading_time_wpm":"300","show_zoom_button":"0","zoom_button_out_step":"2","zoom_button_in_step":"3","show_post_tag":"0","show_prev_next_post":"1","show_popup_post":"0","number_popup_post":"3","show_author_box":"0","show_post_related":"0","show_inline_post_related":"0"}],"override_image_size":"0","image_override":[{"single_post_thumbnail_size":"crop-500","single_post_gallery_size":"crop-500"}],"trending_post":"0","trending_post_position":"meta","trending_post_label":"Trending","sponsored_post":"0","sponsored_post_label":"Sponsored by","sponsored_post_name":"","sponsored_post_url":"","sponsored_post_logo_enable":"0","sponsored_post_logo":"","sponsored_post_desc":"","disable_ad":"0"},"jnews_primary_category":{"id":"4"},"jnews_social_meta":{"fb_title":"","fb_description":"","fb_image":"","twitter_title":"","twitter_description":"","twitter_image":""},"jnews_override_counter":{"override_view_counter":"0","view_counter_number":"0","override_share_counter":"0","share_counter_number":"0","override_like_counter":"0","like_counter_number":"0","override_dislike_counter":"0","dislike_counter_number":"0"},"footnotes":""},"categories":[4,2,47],"tags":[23,54],"class_list":["post-18338","post","type-post","status-publish","format-standard","has-post-thumbnail","hentry","category-futbol","category-haberler","category-profesyonel-a-futbol-takimi","tag-fenerbahce","tag-futbol"],"amp_enabled":true,"_links":{"self":[{"href":"https:\/\/www.fener.org\/index.php\/wp-json\/wp\/v2\/posts\/18338","targetHints":{"allow":["GET"]}}],"collection":[{"href":"https:\/\/www.fener.org\/index.php\/wp-json\/wp\/v2\/posts"}],"about":[{"href":"https:\/\/www.fener.org\/index.php\/wp-json\/wp\/v2\/types\/post"}],"author":[{"embeddable":true,"href":"https:\/\/www.fener.org\/index.php\/wp-json\/wp\/v2\/users\/1"}],"replies":[{"embeddable":true,"href":"https:\/\/www.fener.org\/index.php\/wp-json\/wp\/v2\/comments?post=18338"}],"version-history":[{"count":1,"href":"https:\/\/www.fener.org\/index.php\/wp-json\/wp\/v2\/posts\/18338\/revisions"}],"predecessor-version":[{"id":18340,"href":"https:\/\/www.fener.org\/index.php\/wp-json\/wp\/v2\/posts\/18338\/revisions\/18340"}],"wp:featuredmedia":[{"embeddable":true,"href":"https:\/\/www.fener.org\/index.php\/wp-json\/wp\/v2\/media\/18339"}],"wp:attachment":[{"href":"https:\/\/www.fener.org\/index.php\/wp-json\/wp\/v2\/media?parent=18338"}],"wp:term":[{"taxonomy":"category","embeddable":true,"href":"https:\/\/www.fener.org\/index.php\/wp-json\/wp\/v2\/categories?post=18338"},{"taxonomy":"post_tag","embeddable":true,"href":"https:\/\/www.fener.org\/index.php\/wp-json\/wp\/v2\/tags?post=18338"}],"curies":[{"name":"wp","href":"https:\/\/api.w.org\/{rel}","templated":true}]}}