{"id":18329,"date":"2022-08-29T07:42:19","date_gmt":"2022-08-29T04:42:19","guid":{"rendered":"https:\/\/www.fener.org\/?p=18329"},"modified":"2022-08-29T07:42:19","modified_gmt":"2022-08-29T04:42:19","slug":"genc-kurekcilerimizden-cifte-sampiyonluk","status":"publish","type":"post","link":"https:\/\/www.fener.org\/index.php\/2022\/08\/29\/genc-kurekcilerimizden-cifte-sampiyonluk\/","title":{"rendered":"Gen\u00e7 k\u00fcrek\u00e7ilerimizden \u00e7ifte \u015fampiyonluk"},"content":{"rendered":"\n<p>K\u00fcrekte Gen\u00e7ler T\u00fcrkiye \u015eampiyonas\u0131 Ad\u0131yaman&#8217;\u0131n G\u00f6lba\u015f\u0131 il\u00e7esinde yap\u0131ld\u0131. Fenerbah\u00e7e K\u00fcrek \u015eubemiz, organizasyonun son g\u00fcn\u00fcnde 11 yar\u0131\u015f\u0131n 10&#8217;unu kazanarak gen\u00e7 erkekler ve gen\u00e7 kad\u0131nlarda \u015fampiyon oldu.<br>\u00a0<br>Sporcular\u0131m\u0131z gen\u00e7 erkeklerde tek \u00e7ifte, 2 tek, 2 \u00e7ifte, 4 tek ve 8 tek yar\u0131\u015flar\u0131n\u0131 kazan\u0131rken, 4 \u00e7iftede ikincilik elde etti. Sar\u0131 lacivertliler, gen\u00e7 kad\u0131nlarda ise tek \u00e7ifte, 2 tek, iki \u00e7ifte, 4 tek ve 4 \u00e7ifte yar\u0131\u015flar\u0131n\u0131 ilk s\u0131rada tamamlad\u0131.<br>\u00a0<br>K\u00fcrek \u015fubemiz organizasyonda ayr\u0131ca y\u0131ld\u0131z k\u0131zlar, k\u00fc\u00e7\u00fck k\u0131zlar ve k\u00fc\u00e7\u00fck erkeklerde \u015fampiyonlu\u011fa ula\u015f\u0131rken, y\u0131ld\u0131z erkeklerde ise k\u00fcrs\u00fcn\u00fcn 2. basama\u011f\u0131na \u00e7\u0131kt\u0131. 6 kupan\u0131n 5&#8217;ini kazanan Fenerbah\u00e7emiz, Gen\u00e7ler T\u00fcrkiye \u015eampiyonas\u0131&#8217;na damga vurdu.<br>\u00a0<br>Sporcular\u0131m\u0131z yar\u0131\u015flar\u0131n ard\u0131ndan d\u00fczenlenen t\u00f6renle madalya ve kupalar\u0131n\u0131 ald\u0131.<\/p>\n","protected":false},"excerpt":{"rendered":"<p>K\u00fcrekte Gen\u00e7ler T\u00fcrkiye \u015eampiyonas\u0131 Ad\u0131yaman&#8217;\u0131n G\u00f6lba\u015f\u0131 il\u00e7esinde yap\u0131ld\u0131. Fenerbah\u00e7e K\u00fcrek \u015eubemiz, organizasyonun son g\u00fcn\u00fcnde 11 yar\u0131\u015f\u0131n 10&#8217;unu kazanarak gen\u00e7 erkekler ve gen\u00e7 kad\u0131nlarda \u015fampiyon oldu.\u00a0Sporcular\u0131m\u0131z gen\u00e7 erkeklerde tek \u00e7ifte, 2 tek, 2 \u00e7ifte, 4 tek ve 8 tek yar\u0131\u015flar\u0131n\u0131 kazan\u0131rken, 4 \u00e7iftede ikincilik elde etti. Sar\u0131 lacivertliler, gen\u00e7 kad\u0131nlarda ise tek \u00e7ifte, 2 tek, iki [&hellip;]<\/p>\n","protected":false},"author":1,"featured_media":18330,"comment_status":"closed","ping_status":"closed","sticky":false,"template":"","format":"standard","meta":{"jnews-multi-image_gallery":[],"jnews_single_post":[],"jnews_primary_category":[],"jnews_social_meta":[],"jnews_override_counter":[],"footnotes":""},"categories":[2,11],"tags":[23,30],"class_list":["post-18329","post","type-post","status-publish","format-standard","has-post-thumbnail","hentry","category-haberler","category-kurek","tag-fenerbahce","tag-kurek"],"amp_enabled":true,"_links":{"self":[{"href":"https:\/\/www.fener.org\/index.php\/wp-json\/wp\/v2\/posts\/18329","targetHints":{"allow":["GET"]}}],"collection":[{"href":"https:\/\/www.fener.org\/index.php\/wp-json\/wp\/v2\/posts"}],"about":[{"href":"https:\/\/www.fener.org\/index.php\/wp-json\/wp\/v2\/types\/post"}],"author":[{"embeddable":true,"href":"https:\/\/www.fener.org\/index.php\/wp-json\/wp\/v2\/users\/1"}],"replies":[{"embeddable":true,"href":"https:\/\/www.fener.org\/index.php\/wp-json\/wp\/v2\/comments?post=18329"}],"version-history":[{"count":1,"href":"https:\/\/www.fener.org\/index.php\/wp-json\/wp\/v2\/posts\/18329\/revisions"}],"predecessor-version":[{"id":18331,"href":"https:\/\/www.fener.org\/index.php\/wp-json\/wp\/v2\/posts\/18329\/revisions\/18331"}],"wp:featuredmedia":[{"embeddable":true,"href":"https:\/\/www.fener.org\/index.php\/wp-json\/wp\/v2\/media\/18330"}],"wp:attachment":[{"href":"https:\/\/www.fener.org\/index.php\/wp-json\/wp\/v2\/media?parent=18329"}],"wp:term":[{"taxonomy":"category","embeddable":true,"href":"https:\/\/www.fener.org\/index.php\/wp-json\/wp\/v2\/categories?post=18329"},{"taxonomy":"post_tag","embeddable":true,"href":"https:\/\/www.fener.org\/index.php\/wp-json\/wp\/v2\/tags?post=18329"}],"curies":[{"name":"wp","href":"https:\/\/api.w.org\/{rel}","templated":true}]}}