{"id":18304,"date":"2022-08-24T21:48:25","date_gmt":"2022-08-24T18:48:25","guid":{"rendered":"https:\/\/www.fener.org\/?p=18304"},"modified":"2022-08-24T21:48:28","modified_gmt":"2022-08-24T18:48:28","slug":"fenerbahce-beko-sezonu-acti-3","status":"publish","type":"post","link":"https:\/\/www.fener.org\/index.php\/2022\/08\/24\/fenerbahce-beko-sezonu-acti-3\/","title":{"rendered":"Fenerbah\u00e7e Beko sezonu a\u00e7t\u0131"},"content":{"rendered":"\n<p>Fenerbah\u00e7e Beko, yeni sezon \u00f6ncesindeki ilk antrenman\u0131n\u0131 \u00dclker Spor ve Etkinlik Salonu\u2019nda ger\u00e7ekle\u015ftirdi.<br>\u00a0<br>Tak\u0131m\u0131m\u0131z\u0131n hafta boyunca yapaca\u011f\u0131 \u00e7al\u0131\u015fmalarda milli tak\u0131mlar\u0131nda bulunan ve \u00f6zel nedenlerden dolay\u0131 \u0130stanbul d\u0131\u015f\u0131nda olan isimler yer almayacak. Fenerbah\u00e7e Beko\u2019da sezonun bu b\u00f6l\u00fcm\u00fcndeki \u00e7al\u0131\u015fmalara Fenerbah\u00e7e Koleji Erkek Basketbol Tak\u0131m\u0131\u2019ndan sporcular da dahil olacak.<br>\u00a0<br>Sezon a\u00e7\u0131l\u0131\u015f\u0131nda Genel Sekreterimiz Burak \u00c7a\u011flan K\u0131z\u0131lhan ile Fenerbah\u00e7e Beko\u2019dan Sorumlu Y\u00f6netim Kurulu \u00dcyemiz Serta\u00e7 Komsuo\u011flu da tak\u0131m\u0131m\u0131z\u0131 yaln\u0131z b\u0131rakmad\u0131.<br>\u00a0<br>Fenerbah\u00e7e Beko \u00e7al\u0131\u015fmalar\u0131n\u0131 \u0130stanbul\u2019da s\u00fcrd\u00fcrecek ve ilk haz\u0131rl\u0131k kar\u015f\u0131la\u015fmalar\u0131na 3-4 Eyl\u00fcl tarihlerinde T\u00fcbad Turnuvas\u0131\u2019nda \u00e7\u0131kacak.<\/p>\n","protected":false},"excerpt":{"rendered":"<p>Fenerbah\u00e7e Beko, yeni sezon \u00f6ncesindeki ilk antrenman\u0131n\u0131 \u00dclker Spor ve Etkinlik Salonu\u2019nda ger\u00e7ekle\u015ftirdi.\u00a0Tak\u0131m\u0131m\u0131z\u0131n hafta boyunca yapaca\u011f\u0131 \u00e7al\u0131\u015fmalarda milli tak\u0131mlar\u0131nda bulunan ve \u00f6zel nedenlerden dolay\u0131 \u0130stanbul d\u0131\u015f\u0131nda olan isimler yer almayacak. Fenerbah\u00e7e Beko\u2019da sezonun bu b\u00f6l\u00fcm\u00fcndeki \u00e7al\u0131\u015fmalara Fenerbah\u00e7e Koleji Erkek Basketbol Tak\u0131m\u0131\u2019ndan sporcular da dahil olacak.\u00a0Sezon a\u00e7\u0131l\u0131\u015f\u0131nda Genel Sekreterimiz Burak \u00c7a\u011flan K\u0131z\u0131lhan ile Fenerbah\u00e7e Beko\u2019dan Sorumlu [&hellip;]<\/p>\n","protected":false},"author":1,"featured_media":18305,"comment_status":"closed","ping_status":"closed","sticky":false,"template":"","format":"standard","meta":{"jnews-multi-image_gallery":[],"jnews_single_post":{"subtitle":"Fenerbah\u00e7e Erkek Basketbol Tak\u0131m\u0131m\u0131z, bug\u00fcn yapt\u0131\u011f\u0131 antrenmanla sezonu a\u00e7t\u0131.","format":"standard","video":"","gallery":"","source_name":"","source_url":"","via_name":"","via_url":"","override_template":"0","override":[{"template":"1","single_blog_custom":"","parallax":"1","fullscreen":"1","layout":"right-sidebar","sidebar":"mysidebar","second_sidebar":"default-sidebar","sticky_sidebar":"1","share_position":"float","share_float_style":"share-normal","show_share_counter":"1","show_view_counter":"1","show_featured":"1","show_post_meta":"1","show_post_author":"0","show_post_author_image":"1","show_post_date":"1","post_date_format":"default","post_date_format_custom":"Y\/m\/d","show_post_category":"0","show_post_reading_time":"0","post_reading_time_wpm":"300","show_zoom_button":"0","zoom_button_out_step":"2","zoom_button_in_step":"3","show_post_tag":"0","show_prev_next_post":"1","show_popup_post":"0","number_popup_post":"3","show_author_box":"0","show_post_related":"0","show_inline_post_related":"0"}],"override_image_size":"0","image_override":[{"single_post_thumbnail_size":"crop-500","single_post_gallery_size":"crop-500"}],"trending_post":"0","trending_post_position":"meta","trending_post_label":"Trending","sponsored_post":"0","sponsored_post_label":"Sponsored by","sponsored_post_name":"","sponsored_post_url":"","sponsored_post_logo_enable":"0","sponsored_post_logo":"","sponsored_post_desc":"","disable_ad":"0"},"jnews_primary_category":{"id":"5"},"jnews_social_meta":{"fb_title":"","fb_description":"","fb_image":"","twitter_title":"","twitter_description":"","twitter_image":""},"jnews_override_counter":{"override_view_counter":"0","view_counter_number":"0","override_share_counter":"0","share_counter_number":"0","override_like_counter":"0","like_counter_number":"0","override_dislike_counter":"0","dislike_counter_number":"0"},"footnotes":""},"categories":[5,6,2],"tags":[24,23],"class_list":["post-18304","post","type-post","status-publish","format-standard","has-post-thumbnail","hentry","category-basketbol","category-erkek-basketbol","category-haberler","tag-basketbol","tag-fenerbahce"],"amp_enabled":true,"_links":{"self":[{"href":"https:\/\/www.fener.org\/index.php\/wp-json\/wp\/v2\/posts\/18304","targetHints":{"allow":["GET"]}}],"collection":[{"href":"https:\/\/www.fener.org\/index.php\/wp-json\/wp\/v2\/posts"}],"about":[{"href":"https:\/\/www.fener.org\/index.php\/wp-json\/wp\/v2\/types\/post"}],"author":[{"embeddable":true,"href":"https:\/\/www.fener.org\/index.php\/wp-json\/wp\/v2\/users\/1"}],"replies":[{"embeddable":true,"href":"https:\/\/www.fener.org\/index.php\/wp-json\/wp\/v2\/comments?post=18304"}],"version-history":[{"count":1,"href":"https:\/\/www.fener.org\/index.php\/wp-json\/wp\/v2\/posts\/18304\/revisions"}],"predecessor-version":[{"id":18306,"href":"https:\/\/www.fener.org\/index.php\/wp-json\/wp\/v2\/posts\/18304\/revisions\/18306"}],"wp:featuredmedia":[{"embeddable":true,"href":"https:\/\/www.fener.org\/index.php\/wp-json\/wp\/v2\/media\/18305"}],"wp:attachment":[{"href":"https:\/\/www.fener.org\/index.php\/wp-json\/wp\/v2\/media?parent=18304"}],"wp:term":[{"taxonomy":"category","embeddable":true,"href":"https:\/\/www.fener.org\/index.php\/wp-json\/wp\/v2\/categories?post=18304"},{"taxonomy":"post_tag","embeddable":true,"href":"https:\/\/www.fener.org\/index.php\/wp-json\/wp\/v2\/tags?post=18304"}],"curies":[{"name":"wp","href":"https:\/\/api.w.org\/{rel}","templated":true}]}}