{"id":18277,"date":"2022-08-18T10:38:00","date_gmt":"2022-08-18T07:38:00","guid":{"rendered":"https:\/\/www.fener.org\/?p=18277"},"modified":"2022-08-22T20:45:33","modified_gmt":"2022-08-22T17:45:33","slug":"petrol-ofisi-kadin-futbol-takimimizin-sponsoru-oldu","status":"publish","type":"post","link":"https:\/\/www.fener.org\/index.php\/2022\/08\/18\/petrol-ofisi-kadin-futbol-takimimizin-sponsoru-oldu\/","title":{"rendered":"Petrol Ofisi, Kad\u0131n Futbol Tak\u0131m\u0131m\u0131z\u0131n sponsoru oldu"},"content":{"rendered":"\n<p>T\u00fcrkiye\u2019nin en b\u00fcy\u00fck spor kul\u00fcb\u00fc Fenerbah\u00e7emiz ile Petrol Ofisi aras\u0131nda \u00f6nemli bir i\u015f birli\u011fine imza at\u0131ld\u0131. Yap\u0131lan anla\u015fma \u00e7er\u00e7evesinde Petrol Ofisi, Fenerbah\u00e7e Kad\u0131n Futbol Tak\u0131m\u0131m\u0131za isim ve forma g\u00f6\u011f\u00fcs sponsoru oldu.<\/p>\n\n\n\n<p>Kul\u00fcb\u00fcm\u00fcz\u00fcn resmi sitesinde yay\u0131nlanan a\u00e7\u0131klamada \u015f\u00f6yle denildi:<\/p>\n\n\n\n<blockquote class=\"wp-block-quote is-layout-flow wp-block-quote-is-layout-flow\"><p>T\u00fcrkiye\u2019nin en b\u00fcy\u00fck spor kul\u00fcb\u00fc Fenerbah\u00e7emiz ile Petrol Ofisi aras\u0131nda \u00f6nemli bir i\u015f birli\u011fine imza at\u0131ld\u0131. Yap\u0131lan anla\u015fma \u00e7er\u00e7evesinde Petrol Ofisi, Fenerbah\u00e7e Kad\u0131n Futbol Tak\u0131m\u0131m\u0131za isim ve forma g\u00f6\u011f\u00fcs sponsoru oldu.<\/p><p>Ge\u00e7ti\u011fimiz y\u0131l kurulu\u015funun ilk y\u0131l\u0131nda g\u00f6stermi\u015f oldu\u011fu m\u00fccadelesiyle bizleri gururland\u0131ran Kad\u0131n Futbol Tak\u0131m\u0131m\u0131z, 2022-23 sezonu boyunca Fenerbah\u00e7e Petrol Ofisi ismiyle m\u00fccadele edecek.<br><br>Fenerbah\u00e7e Spor Kul\u00fcb\u00fc olarak kad\u0131nlar ve k\u0131z \u00e7ocuklar\u0131 i\u00e7in ortaya koydu\u011fumuz tav\u0131r; Petrol Ofisi\u2019nin deste\u011fiyle daha da g\u00fc\u00e7l\u00fc \u015fekilde \u00f6nc\u00fc ve \u00f6rnek olmaya devam edecek.<br><br>Petrol Ofisi\u2019ne vermi\u015f olduklar\u0131 destekten dolay\u0131 te\u015fekk\u00fcr ediyor, anla\u015fman\u0131n her iki taraf i\u00e7in de hay\u0131rl\u0131 olmas\u0131n\u0131 temenni ediyoruz.<br><br>Sponsorluk anla\u015fmas\u0131n\u0131n imza t\u00f6reninin tarih ve detaylar\u0131 \u00f6n\u00fcm\u00fczdeki g\u00fcnlerde resmi kanallar\u0131m\u0131z arac\u0131l\u0131\u011f\u0131yla duyurulacakt\u0131r.<br><br><strong>Petrol Ofisi hakk\u0131nda<\/strong><br><br>Akaryak\u0131t ve madeni ya\u011flar sekt\u00f6r\u00fcn\u00fcn lideri Petrol Ofisi, T\u00fcrkiye&#8217;de yakla\u015f\u0131k 1.900 istasyon ve 1.400&#8217;\u00fc a\u015fk\u0131n k\u00f6y pompas\u0131na yak\u0131t ikmali yapmaktad\u0131r. Petrol Ofisi otomotiv yak\u0131tlar\u0131, denizcilik yak\u0131tlar\u0131, havac\u0131l\u0131k yak\u0131tlar\u0131 ve madeni ya\u011flar alanlar\u0131nda faaliyetlerini s\u00fcrd\u00fcrmektedir. Petrol Ofisi, Kocaeli&#8217;ndeki Madeni Ya\u011f tesislerinde y\u0131ll\u0131k 140 bin ton \u00fcretim ve 66 bin ton depolama kapasitesine sahiptir. T\u00fcrkiye ve \u00e7evre co\u011frafyan\u0131n en geli\u015fmi\u015f merkezlerinden biri olan Petrol Ofisi Teknoloji Merkezi \u2013 POTEM, Petrol Ofisi&#8217;nin yan\u0131 s\u0131ra resmi kurumlar ba\u015fta olmak \u00fczere t\u00fcm sekt\u00f6re hizmet vermektedir. Petrol Ofisi, ba\u015fta binek ara\u00e7lar i\u00e7in Maxima ve a\u011f\u0131r ticari ara\u00e7lar i\u00e7in Maximus olmak \u00fczere 16.000 sat\u0131\u015f noktas\u0131 ve 400&#8217;den fazla \u00fcr\u00fcn gam\u0131 ile madeni ya\u011flar alan\u0131nda sekt\u00f6r lideridir. Petrol Ofisi hakk\u0131nda daha fazla bilgi almak i\u00e7in\u00a0<a rel=\"noreferrer noopener\" href=\"http:\/\/www.petrolofisi.com.tr\/\" target=\"_blank\">www.petrolofisi.com.tr<\/a>\u00a0adresini ziyaret edebilirsiniz.<\/p><\/blockquote>\n","protected":false},"excerpt":{"rendered":"<p>T\u00fcrkiye\u2019nin en b\u00fcy\u00fck spor kul\u00fcb\u00fc Fenerbah\u00e7emiz ile Petrol Ofisi aras\u0131nda \u00f6nemli bir i\u015f birli\u011fine imza at\u0131ld\u0131. Yap\u0131lan anla\u015fma \u00e7er\u00e7evesinde Petrol Ofisi, Fenerbah\u00e7e Kad\u0131n Futbol Tak\u0131m\u0131m\u0131za isim ve forma g\u00f6\u011f\u00fcs sponsoru oldu. Kul\u00fcb\u00fcm\u00fcz\u00fcn resmi sitesinde yay\u0131nlanan a\u00e7\u0131klamada \u015f\u00f6yle denildi: T\u00fcrkiye\u2019nin en b\u00fcy\u00fck spor kul\u00fcb\u00fc Fenerbah\u00e7emiz ile Petrol Ofisi aras\u0131nda \u00f6nemli bir i\u015f birli\u011fine imza at\u0131ld\u0131. Yap\u0131lan [&hellip;]<\/p>\n","protected":false},"author":1,"featured_media":18278,"comment_status":"closed","ping_status":"closed","sticky":false,"template":"","format":"standard","meta":{"jnews-multi-image_gallery":[],"jnews_single_post":{"subtitle":"Petrol Ofisi, Fenerbah\u00e7e Kad\u0131n Futbol Tak\u0131m\u0131m\u0131za isim ve forma g\u00f6\u011f\u00fcs sponsoru oldu.","format":"standard","video":"","gallery":"","source_name":"","source_url":"","via_name":"","via_url":"","override_template":"0","override":[{"template":"1","single_blog_custom":"","parallax":"1","fullscreen":"1","layout":"right-sidebar","sidebar":"mysidebar","second_sidebar":"default-sidebar","sticky_sidebar":"1","share_position":"float","share_float_style":"share-normal","show_share_counter":"1","show_view_counter":"1","show_featured":"1","show_post_meta":"1","show_post_author":"0","show_post_author_image":"1","show_post_date":"1","post_date_format":"default","post_date_format_custom":"Y\/m\/d","show_post_category":"0","show_post_reading_time":"0","post_reading_time_wpm":"300","show_zoom_button":"0","zoom_button_out_step":"2","zoom_button_in_step":"3","show_post_tag":"0","show_prev_next_post":"1","show_popup_post":"0","number_popup_post":"3","show_author_box":"0","show_post_related":"0","show_inline_post_related":"0"}],"override_image_size":"0","image_override":[{"single_post_thumbnail_size":"crop-500","single_post_gallery_size":"crop-500"}],"trending_post":"0","trending_post_position":"meta","trending_post_label":"Trending","sponsored_post":"0","sponsored_post_label":"Sponsored by","sponsored_post_name":"","sponsored_post_url":"","sponsored_post_logo_enable":"0","sponsored_post_logo":"","sponsored_post_desc":"","disable_ad":"0"},"jnews_primary_category":{"id":"4"},"jnews_social_meta":{"fb_title":"","fb_description":"","fb_image":"","twitter_title":"","twitter_description":"","twitter_image":""},"jnews_override_counter":{"override_view_counter":"0","view_counter_number":"0","override_share_counter":"0","share_counter_number":"0","override_like_counter":"0","like_counter_number":"0","override_dislike_counter":"0","dislike_counter_number":"0"},"footnotes":""},"categories":[4,2,191],"tags":[23,192],"class_list":["post-18277","post","type-post","status-publish","format-standard","has-post-thumbnail","hentry","category-futbol","category-haberler","category-kadin-futbol","tag-fenerbahce","tag-kadinfutbol"],"amp_enabled":true,"_links":{"self":[{"href":"https:\/\/www.fener.org\/index.php\/wp-json\/wp\/v2\/posts\/18277","targetHints":{"allow":["GET"]}}],"collection":[{"href":"https:\/\/www.fener.org\/index.php\/wp-json\/wp\/v2\/posts"}],"about":[{"href":"https:\/\/www.fener.org\/index.php\/wp-json\/wp\/v2\/types\/post"}],"author":[{"embeddable":true,"href":"https:\/\/www.fener.org\/index.php\/wp-json\/wp\/v2\/users\/1"}],"replies":[{"embeddable":true,"href":"https:\/\/www.fener.org\/index.php\/wp-json\/wp\/v2\/comments?post=18277"}],"version-history":[{"count":1,"href":"https:\/\/www.fener.org\/index.php\/wp-json\/wp\/v2\/posts\/18277\/revisions"}],"predecessor-version":[{"id":18279,"href":"https:\/\/www.fener.org\/index.php\/wp-json\/wp\/v2\/posts\/18277\/revisions\/18279"}],"wp:featuredmedia":[{"embeddable":true,"href":"https:\/\/www.fener.org\/index.php\/wp-json\/wp\/v2\/media\/18278"}],"wp:attachment":[{"href":"https:\/\/www.fener.org\/index.php\/wp-json\/wp\/v2\/media?parent=18277"}],"wp:term":[{"taxonomy":"category","embeddable":true,"href":"https:\/\/www.fener.org\/index.php\/wp-json\/wp\/v2\/categories?post=18277"},{"taxonomy":"post_tag","embeddable":true,"href":"https:\/\/www.fener.org\/index.php\/wp-json\/wp\/v2\/tags?post=18277"}],"curies":[{"name":"wp","href":"https:\/\/api.w.org\/{rel}","templated":true}]}}