{"id":18260,"date":"2022-08-19T12:55:00","date_gmt":"2022-08-19T09:55:00","guid":{"rendered":"https:\/\/www.fener.org\/?p=18260"},"modified":"2022-08-20T17:24:47","modified_gmt":"2022-08-20T14:24:47","slug":"fenerbahcede-adana-demirspor-maci-hazirliklari-basladi","status":"publish","type":"post","link":"https:\/\/www.fener.org\/index.php\/2022\/08\/19\/fenerbahcede-adana-demirspor-maci-hazirliklari-basladi\/","title":{"rendered":"Fenerbah\u00e7e&#8217;de Adana Demirspor ma\u00e7\u0131 haz\u0131rl\u0131klar\u0131 ba\u015flad\u0131"},"content":{"rendered":"\n<p>Fenerbah\u00e7emiz, Spor Toto S\u00fcper Lig\u2019in \u00fc\u00e7\u00fcnc\u00fc haftas\u0131nda 22 A\u011fustos Pazartesi g\u00fcn\u00fc \u00dclker Stadyumu Fenerbah\u00e7e \u015e\u00fckr\u00fc Saraco\u011flu Spor Kompleksi\u2019nde Adana Demirspor ile oynayaca\u011f\u0131 ma\u00e7\u0131n haz\u0131rl\u0131klar\u0131na Viyana\u2019da yapt\u0131\u011f\u0131 antrenmanla ba\u015flad\u0131.<\/p>\n\n\n\n<p>D\u00fcn ak\u015fam UEFA Avrupa Ligi play-off turu ilk ma\u00e7\u0131nda deplasmanda Avusturya ekibi Austria Wien ile Viyana\u2019da kar\u015f\u0131la\u015fan ve geceyi burada ge\u00e7iren kafilemiz, Adana Demirspor ma\u00e7\u0131 \u00f6ncesi ilk antrenman\u0131n\u0131 da SV Essling tak\u0131m\u0131n\u0131n tesislerinde yapt\u0131.<\/p>\n\n\n\n<p>Teknik Direkt\u00f6r\u00fcm\u00fcz Jorge Jesus y\u00f6netiminde ger\u00e7ekle\u015ftirilen antrenmanda, Austria Wien ma\u00e7\u0131na ilk 11\u2019de ba\u015flayan oyuncular\u0131m\u0131z, konaklad\u0131klar\u0131 otelin spor salonunda rejenerasyon \u00e7al\u0131\u015fmas\u0131 yapt\u0131. Di\u011fer oyuncular\u0131m\u0131z ise, ko\u015fu, \u0131s\u0131nma ve pas \u00e7al\u0131\u015fmalar\u0131n\u0131n ard\u0131ndan yapt\u0131klar\u0131 bireysel \u00e7al\u0131\u015fmalarla antrenman\u0131 tamamlad\u0131.<\/p>\n\n\n\n<p>Tak\u0131m\u0131m\u0131z, Adana Demirspor ma\u00e7\u0131 haz\u0131rl\u0131klar\u0131n\u0131 yar\u0131n yapaca\u011f\u0131 antrenmanla s\u00fcrd\u00fcrecek.<\/p>\n","protected":false},"excerpt":{"rendered":"<p>Fenerbah\u00e7emiz, Spor Toto S\u00fcper Lig\u2019in \u00fc\u00e7\u00fcnc\u00fc haftas\u0131nda 22 A\u011fustos Pazartesi g\u00fcn\u00fc \u00dclker Stadyumu Fenerbah\u00e7e \u015e\u00fckr\u00fc Saraco\u011flu Spor Kompleksi\u2019nde Adana Demirspor ile oynayaca\u011f\u0131 ma\u00e7\u0131n haz\u0131rl\u0131klar\u0131na Viyana\u2019da yapt\u0131\u011f\u0131 antrenmanla ba\u015flad\u0131. D\u00fcn ak\u015fam UEFA Avrupa Ligi play-off turu ilk ma\u00e7\u0131nda deplasmanda Avusturya ekibi Austria Wien ile Viyana\u2019da kar\u015f\u0131la\u015fan ve geceyi burada ge\u00e7iren kafilemiz, Adana Demirspor ma\u00e7\u0131 \u00f6ncesi ilk [&hellip;]<\/p>\n","protected":false},"author":1,"featured_media":18261,"comment_status":"closed","ping_status":"closed","sticky":false,"template":"","format":"standard","meta":{"jnews-multi-image_gallery":[],"jnews_single_post":{"subtitle":"Fenerbah\u00e7e, Spor Toto S\u00fcper Lig\u2019in \u00fc\u00e7\u00fcnc\u00fc haftas\u0131nda sahas\u0131nda Adana Demirspor ile oynayaca\u011f\u0131 ma\u00e7\u0131n haz\u0131rl\u0131klar\u0131na Viyana\u2019da yapt\u0131\u011f\u0131 antrenmanla ba\u015flad\u0131.","format":"standard","video":"","gallery":"","source_name":"","source_url":"","via_name":"","via_url":"","override_template":"0","override":[{"template":"1","single_blog_custom":"","parallax":"1","fullscreen":"1","layout":"right-sidebar","sidebar":"mysidebar","second_sidebar":"default-sidebar","sticky_sidebar":"1","share_position":"float","share_float_style":"share-normal","show_share_counter":"1","show_view_counter":"1","show_featured":"1","show_post_meta":"1","show_post_author":"0","show_post_author_image":"1","show_post_date":"1","post_date_format":"default","post_date_format_custom":"Y\/m\/d","show_post_category":"0","show_post_reading_time":"0","post_reading_time_wpm":"300","show_zoom_button":"0","zoom_button_out_step":"2","zoom_button_in_step":"3","show_post_tag":"0","show_prev_next_post":"1","show_popup_post":"0","number_popup_post":"3","show_author_box":"0","show_post_related":"0","show_inline_post_related":"0"}],"override_image_size":"0","image_override":[{"single_post_thumbnail_size":"crop-500","single_post_gallery_size":"crop-500"}],"trending_post":"0","trending_post_position":"meta","trending_post_label":"Trending","sponsored_post":"0","sponsored_post_label":"Sponsored by","sponsored_post_name":"","sponsored_post_url":"","sponsored_post_logo_enable":"0","sponsored_post_logo":"","sponsored_post_desc":"","disable_ad":"0"},"jnews_primary_category":{"id":"4"},"jnews_social_meta":{"fb_title":"","fb_description":"","fb_image":"","twitter_title":"","twitter_description":"","twitter_image":""},"jnews_override_counter":{"override_view_counter":"0","view_counter_number":"0","override_share_counter":"0","share_counter_number":"0","override_like_counter":"0","like_counter_number":"0","override_dislike_counter":"0","dislike_counter_number":"0"},"footnotes":""},"categories":[4,2,47],"tags":[23,54],"class_list":["post-18260","post","type-post","status-publish","format-standard","has-post-thumbnail","hentry","category-futbol","category-haberler","category-profesyonel-a-futbol-takimi","tag-fenerbahce","tag-futbol"],"amp_enabled":true,"_links":{"self":[{"href":"https:\/\/www.fener.org\/index.php\/wp-json\/wp\/v2\/posts\/18260","targetHints":{"allow":["GET"]}}],"collection":[{"href":"https:\/\/www.fener.org\/index.php\/wp-json\/wp\/v2\/posts"}],"about":[{"href":"https:\/\/www.fener.org\/index.php\/wp-json\/wp\/v2\/types\/post"}],"author":[{"embeddable":true,"href":"https:\/\/www.fener.org\/index.php\/wp-json\/wp\/v2\/users\/1"}],"replies":[{"embeddable":true,"href":"https:\/\/www.fener.org\/index.php\/wp-json\/wp\/v2\/comments?post=18260"}],"version-history":[{"count":1,"href":"https:\/\/www.fener.org\/index.php\/wp-json\/wp\/v2\/posts\/18260\/revisions"}],"predecessor-version":[{"id":18262,"href":"https:\/\/www.fener.org\/index.php\/wp-json\/wp\/v2\/posts\/18260\/revisions\/18262"}],"wp:featuredmedia":[{"embeddable":true,"href":"https:\/\/www.fener.org\/index.php\/wp-json\/wp\/v2\/media\/18261"}],"wp:attachment":[{"href":"https:\/\/www.fener.org\/index.php\/wp-json\/wp\/v2\/media?parent=18260"}],"wp:term":[{"taxonomy":"category","embeddable":true,"href":"https:\/\/www.fener.org\/index.php\/wp-json\/wp\/v2\/categories?post=18260"},{"taxonomy":"post_tag","embeddable":true,"href":"https:\/\/www.fener.org\/index.php\/wp-json\/wp\/v2\/tags?post=18260"}],"curies":[{"name":"wp","href":"https:\/\/api.w.org\/{rel}","templated":true}]}}