{"id":18224,"date":"2022-08-16T07:27:20","date_gmt":"2022-08-16T04:27:20","guid":{"rendered":"https:\/\/www.fener.org\/?p=18224"},"modified":"2022-08-16T07:27:24","modified_gmt":"2022-08-16T04:27:24","slug":"jorge-jesus-guzel-bir-galibiyet-aldik","status":"publish","type":"post","link":"https:\/\/www.fener.org\/index.php\/2022\/08\/16\/jorge-jesus-guzel-bir-galibiyet-aldik\/","title":{"rendered":"Jorge Jesus: G\u00fczel bir galibiyet ald\u0131k"},"content":{"rendered":"\n<p>Teknik Direkt\u00f6r\u00fcm\u00fcz Jorge Jesus, deplasmanda Kas\u0131mpa\u015fa ile oynanan m\u00fccadelenin ard\u0131ndan yapt\u0131\u011f\u0131 a\u00e7\u0131klamada \u015funlar\u0131 s\u00f6yledi:.<\/p>\n\n\n\n<blockquote class=\"wp-block-quote is-layout-flow wp-block-quote-is-layout-flow\"><p>\u201c\u00d6ncelikle oyuncular\u0131m\u0131 tebrik ediyorum. Bug\u00fcnk\u00fc ma\u00e7\u0131 kolayla\u015ft\u0131rd\u0131lar. Bunun da anahtar\u0131 ma\u00e7a iyi ba\u015flamakt\u0131. Ma\u00e7a \u00e7ok iyi bir \u015fekilde ba\u015flad\u0131k; \u00e7ok h\u0131zl\u0131, tempolu ve sert. \u0130lk 15 dakikada 1 gol bulduk ki 2 veya 3\u2019\u00fc de atabilirdik. Bug\u00fcnk\u00fc hedefimiz kazanmakt\u0131. Bunu elde ettik, g\u00fczel bir galibiyet ald\u0131k. Bug\u00fcn rakibimiz Fenerbah\u00e7e forvetlerini durduramad\u0131. Valencia, King ger\u00e7ekten \u00e7ok etkili ve h\u0131zl\u0131 oynad\u0131lar. G\u00fczel bir galibiyet ald\u0131k.<\/p><p>Arda gen\u00e7 bir oyuncu, hen\u00fcz 17 ya\u015f\u0131nda. Daha \u00f6\u011frenece\u011fi \u00e7ok \u015fey var, \u00e7ok geli\u015fecek. Hen\u00fcz \u00fcst seviye futbolcu seviyesinde de\u011fil ama \u00f6n\u00fc \u00e7ok a\u00e7\u0131k. \u00dcst seviyelere eri\u015febilecek bir yetene\u011fi var. Bug\u00fcnk\u00fc ma\u00e7ta da girdi\u011fi k\u0131sa s\u00fcre i\u00e7erisinde \u00e7ok fazla \u015fey g\u00f6stermeye \u00e7al\u0131\u015ft\u0131. Arda oynad\u0131\u011f\u0131 zaman kendi futbolunu g\u00f6stermek istiyor, bazen bir \u015feyleri tek ba\u015f\u0131na yapmaya \u00e7al\u0131\u015f\u0131yor ald\u0131\u011f\u0131 k\u0131sa s\u00fcrede. Bug\u00fcn de 20 dakika oynad\u0131 ve o s\u00fcrede kendini g\u00f6stermek istedi. Ben de ona bunu ifade ettim, \u2018Kendini g\u00f6sterme bask\u0131s\u0131 alt\u0131nda oynama.\u2019 dedim. \u2018\u00c7ok yetenekli bir oyuncusun, kendi futbolunu oyna.\u2019 dedim. \u00c7ok yetenekli bir oyuncu, bug\u00fcn de 2 gol att\u0131. Asl\u0131nda ma\u00e7a iyi ba\u015flamam\u0131\u015ft\u0131, dedi\u011fim gibi kendini g\u00f6sterme tela\u015f\u0131yla biraz fazla tek ba\u015f\u0131na oynamaya \u00e7al\u0131\u015ft\u0131. Fakat sonra toparlad\u0131 ve g\u00fczel bir performans sergiledi, 2 gol att\u0131. Arda\u2019n\u0131n gelece\u011fi hi\u00e7 \u015f\u00fcphe yok ki \u00e7ok parlak. Sadece Fenerbah\u00e7e\u2019de de\u011fil, T\u00fcrk milli tak\u0131m\u0131nda da.\u201d<\/p><\/blockquote>\n","protected":false},"excerpt":{"rendered":"<p>Teknik Direkt\u00f6r\u00fcm\u00fcz Jorge Jesus, deplasmanda Kas\u0131mpa\u015fa ile oynanan m\u00fccadelenin ard\u0131ndan yapt\u0131\u011f\u0131 a\u00e7\u0131klamada \u015funlar\u0131 s\u00f6yledi:. \u201c\u00d6ncelikle oyuncular\u0131m\u0131 tebrik ediyorum. Bug\u00fcnk\u00fc ma\u00e7\u0131 kolayla\u015ft\u0131rd\u0131lar. Bunun da anahtar\u0131 ma\u00e7a iyi ba\u015flamakt\u0131. Ma\u00e7a \u00e7ok iyi bir \u015fekilde ba\u015flad\u0131k; \u00e7ok h\u0131zl\u0131, tempolu ve sert. \u0130lk 15 dakikada 1 gol bulduk ki 2 veya 3\u2019\u00fc de atabilirdik. Bug\u00fcnk\u00fc hedefimiz kazanmakt\u0131. Bunu elde [&hellip;]<\/p>\n","protected":false},"author":1,"featured_media":18225,"comment_status":"closed","ping_status":"closed","sticky":false,"template":"","format":"standard","meta":{"jnews-multi-image_gallery":[],"jnews_single_post":{"subtitle":"Teknik Direkt\u00f6r\u00fcm\u00fcz Jorge Jesus, 6-0 galibiyetimizle tamamlanan Kas\u0131mpa\u015fa ma\u00e7\u0131n\u0131n ard\u0131ndan yay\u0131nc\u0131 kurulu\u015fa a\u00e7\u0131klamalarda bulundu.","format":"standard","video":"","gallery":"","source_name":"","source_url":"","via_name":"","via_url":"","override_template":"0","override":[{"template":"1","single_blog_custom":"","parallax":"1","fullscreen":"1","layout":"right-sidebar","sidebar":"mysidebar","second_sidebar":"default-sidebar","sticky_sidebar":"1","share_position":"float","share_float_style":"share-normal","show_share_counter":"1","show_view_counter":"1","show_featured":"1","show_post_meta":"1","show_post_author":"0","show_post_author_image":"1","show_post_date":"1","post_date_format":"default","post_date_format_custom":"Y\/m\/d","show_post_category":"0","show_post_reading_time":"0","post_reading_time_wpm":"300","show_zoom_button":"0","zoom_button_out_step":"2","zoom_button_in_step":"3","show_post_tag":"0","show_prev_next_post":"1","show_popup_post":"0","number_popup_post":"3","show_author_box":"0","show_post_related":"0","show_inline_post_related":"0"}],"override_image_size":"0","image_override":[{"single_post_thumbnail_size":"crop-500","single_post_gallery_size":"crop-500"}],"trending_post":"0","trending_post_position":"meta","trending_post_label":"Trending","sponsored_post":"0","sponsored_post_label":"Sponsored by","sponsored_post_name":"","sponsored_post_url":"","sponsored_post_logo_enable":"0","sponsored_post_logo":"","sponsored_post_desc":"","disable_ad":"0"},"jnews_primary_category":{"id":"4"},"jnews_social_meta":{"fb_title":"","fb_description":"","fb_image":"","twitter_title":"","twitter_description":"","twitter_image":""},"jnews_override_counter":{"override_view_counter":"0","view_counter_number":"0","override_share_counter":"0","share_counter_number":"0","override_like_counter":"0","like_counter_number":"0","override_dislike_counter":"0","dislike_counter_number":"0"},"footnotes":""},"categories":[4,2,47],"tags":[23,54],"class_list":["post-18224","post","type-post","status-publish","format-standard","has-post-thumbnail","hentry","category-futbol","category-haberler","category-profesyonel-a-futbol-takimi","tag-fenerbahce","tag-futbol"],"amp_enabled":true,"_links":{"self":[{"href":"https:\/\/www.fener.org\/index.php\/wp-json\/wp\/v2\/posts\/18224","targetHints":{"allow":["GET"]}}],"collection":[{"href":"https:\/\/www.fener.org\/index.php\/wp-json\/wp\/v2\/posts"}],"about":[{"href":"https:\/\/www.fener.org\/index.php\/wp-json\/wp\/v2\/types\/post"}],"author":[{"embeddable":true,"href":"https:\/\/www.fener.org\/index.php\/wp-json\/wp\/v2\/users\/1"}],"replies":[{"embeddable":true,"href":"https:\/\/www.fener.org\/index.php\/wp-json\/wp\/v2\/comments?post=18224"}],"version-history":[{"count":1,"href":"https:\/\/www.fener.org\/index.php\/wp-json\/wp\/v2\/posts\/18224\/revisions"}],"predecessor-version":[{"id":18226,"href":"https:\/\/www.fener.org\/index.php\/wp-json\/wp\/v2\/posts\/18224\/revisions\/18226"}],"wp:featuredmedia":[{"embeddable":true,"href":"https:\/\/www.fener.org\/index.php\/wp-json\/wp\/v2\/media\/18225"}],"wp:attachment":[{"href":"https:\/\/www.fener.org\/index.php\/wp-json\/wp\/v2\/media?parent=18224"}],"wp:term":[{"taxonomy":"category","embeddable":true,"href":"https:\/\/www.fener.org\/index.php\/wp-json\/wp\/v2\/categories?post=18224"},{"taxonomy":"post_tag","embeddable":true,"href":"https:\/\/www.fener.org\/index.php\/wp-json\/wp\/v2\/tags?post=18224"}],"curies":[{"name":"wp","href":"https:\/\/api.w.org\/{rel}","templated":true}]}}