{"id":17968,"date":"2022-07-12T18:37:27","date_gmt":"2022-07-12T15:37:27","guid":{"rendered":"https:\/\/www.fener.org\/?p=17968"},"modified":"2022-07-12T18:37:32","modified_gmt":"2022-07-12T15:37:32","slug":"fenerbahce-joshua-king-ile-prensip-anlasmasina-vardi","status":"publish","type":"post","link":"https:\/\/www.fener.org\/index.php\/2022\/07\/12\/fenerbahce-joshua-king-ile-prensip-anlasmasina-vardi\/","title":{"rendered":"Fenerbah\u00e7e, Joshua King ile prensip anla\u015fmas\u0131na vard\u0131"},"content":{"rendered":"\n<p>Fenerbah\u00e7e, Norve\u00e7li futbolcu Joshua King&#8217;le prensipte anla\u015fmaya var\u0131ld\u0131\u011f\u0131n\u0131 a\u00e7\u0131klad\u0131.<\/p>\n\n\n\n<p>Ge\u00e7ti\u011fimiz sezon Watford&#8217;da forma giyen 30 ya\u015f\u0131ndaki futbolcu, \u00e7\u0131kt\u0131\u011f\u0131 33 ma\u00e7ta 5 gol ve 3 asistlik bir performans sergiledi.<\/p>\n\n\n\n<p>\u0130ngiliz ekibiyle s\u00f6zle\u015fmesi sona eren 30 ya\u015f\u0131ndaki futbolcu, serbest stat\u00fcde yer al\u0131yor. Fenerbah\u00e7e, bu transferin resmiyet kazanmas\u0131 durumunda herhangi bir bonservis bedeli \u00f6demeyecek.<\/p>\n\n\n\n<p>Kul\u00fcb\u00fcm\u00fcz\u00fcn resmi sitesinde yay\u0131nlanan a\u00e7\u0131klamada \u015f\u00f6yle denildi:<\/p>\n\n\n\n<blockquote class=\"wp-block-quote is-layout-flow wp-block-quote-is-layout-flow\"><p>Kul\u00fcb\u00fcm\u00fcz Norve\u00e7li futbolcu Joshua King ile prensip anla\u015fmas\u0131na varm\u0131\u015ft\u0131r. Oyuncu sa\u011fl\u0131k kontrollerinden ge\u00e7mek ve ileri transfer g\u00f6r\u00fc\u015fmeleri i\u00e7in bu ak\u015fam saatlerinde \u0130stanbul\u2019da olacakt\u0131r. Kamuoyunun bilgisine sunar\u0131z.<\/p><p><strong>Fenerbah\u00e7e Spor Kul\u00fcb\u00fc<\/strong><\/p><\/blockquote>\n","protected":false},"excerpt":{"rendered":"<p>Fenerbah\u00e7e, Norve\u00e7li futbolcu Joshua King&#8217;le prensipte anla\u015fmaya var\u0131ld\u0131\u011f\u0131n\u0131 a\u00e7\u0131klad\u0131. Ge\u00e7ti\u011fimiz sezon Watford&#8217;da forma giyen 30 ya\u015f\u0131ndaki futbolcu, \u00e7\u0131kt\u0131\u011f\u0131 33 ma\u00e7ta 5 gol ve 3 asistlik bir performans sergiledi. \u0130ngiliz ekibiyle s\u00f6zle\u015fmesi sona eren 30 ya\u015f\u0131ndaki futbolcu, serbest stat\u00fcde yer al\u0131yor. Fenerbah\u00e7e, bu transferin resmiyet kazanmas\u0131 durumunda herhangi bir bonservis bedeli \u00f6demeyecek. Kul\u00fcb\u00fcm\u00fcz\u00fcn resmi sitesinde yay\u0131nlanan [&hellip;]<\/p>\n","protected":false},"author":1,"featured_media":17969,"comment_status":"closed","ping_status":"closed","sticky":false,"template":"","format":"standard","meta":{"jnews-multi-image_gallery":[],"jnews_single_post":{"subtitle":"Fenerbah\u00e7e, Norve\u00e7li futbolcu Joshua King'le prensipte anla\u015fmaya var\u0131ld\u0131\u011f\u0131n\u0131 a\u00e7\u0131klad\u0131.","format":"standard","video":"","gallery":"","source_name":"","source_url":"","via_name":"","via_url":"","override_template":"0","override":[{"template":"1","single_blog_custom":"","parallax":"1","fullscreen":"1","layout":"right-sidebar","sidebar":"mysidebar","second_sidebar":"default-sidebar","sticky_sidebar":"1","share_position":"float","share_float_style":"share-normal","show_share_counter":"1","show_view_counter":"1","show_featured":"1","show_post_meta":"1","show_post_author":"0","show_post_author_image":"1","show_post_date":"1","post_date_format":"default","post_date_format_custom":"Y\/m\/d","show_post_category":"0","show_post_reading_time":"0","post_reading_time_wpm":"300","show_zoom_button":"0","zoom_button_out_step":"2","zoom_button_in_step":"3","show_post_tag":"0","show_prev_next_post":"1","show_popup_post":"0","number_popup_post":"3","show_author_box":"0","show_post_related":"0","show_inline_post_related":"0"}],"override_image_size":"0","image_override":[{"single_post_thumbnail_size":"crop-500","single_post_gallery_size":"crop-500"}],"trending_post":"0","trending_post_position":"meta","trending_post_label":"Trending","sponsored_post":"0","sponsored_post_label":"Sponsored by","sponsored_post_name":"","sponsored_post_url":"","sponsored_post_logo_enable":"0","sponsored_post_logo":"","sponsored_post_desc":"","disable_ad":"0"},"jnews_primary_category":{"id":"4"},"jnews_social_meta":{"fb_title":"","fb_description":"","fb_image":"","twitter_title":"","twitter_description":"","twitter_image":""},"jnews_override_counter":{"override_view_counter":"0","view_counter_number":"0","override_share_counter":"0","share_counter_number":"0","override_like_counter":"0","like_counter_number":"0","override_dislike_counter":"0","dislike_counter_number":"0"},"footnotes":""},"categories":[4,2,47],"tags":[23,54],"class_list":["post-17968","post","type-post","status-publish","format-standard","has-post-thumbnail","hentry","category-futbol","category-haberler","category-profesyonel-a-futbol-takimi","tag-fenerbahce","tag-futbol"],"amp_enabled":true,"_links":{"self":[{"href":"https:\/\/www.fener.org\/index.php\/wp-json\/wp\/v2\/posts\/17968","targetHints":{"allow":["GET"]}}],"collection":[{"href":"https:\/\/www.fener.org\/index.php\/wp-json\/wp\/v2\/posts"}],"about":[{"href":"https:\/\/www.fener.org\/index.php\/wp-json\/wp\/v2\/types\/post"}],"author":[{"embeddable":true,"href":"https:\/\/www.fener.org\/index.php\/wp-json\/wp\/v2\/users\/1"}],"replies":[{"embeddable":true,"href":"https:\/\/www.fener.org\/index.php\/wp-json\/wp\/v2\/comments?post=17968"}],"version-history":[{"count":2,"href":"https:\/\/www.fener.org\/index.php\/wp-json\/wp\/v2\/posts\/17968\/revisions"}],"predecessor-version":[{"id":17971,"href":"https:\/\/www.fener.org\/index.php\/wp-json\/wp\/v2\/posts\/17968\/revisions\/17971"}],"wp:featuredmedia":[{"embeddable":true,"href":"https:\/\/www.fener.org\/index.php\/wp-json\/wp\/v2\/media\/17969"}],"wp:attachment":[{"href":"https:\/\/www.fener.org\/index.php\/wp-json\/wp\/v2\/media?parent=17968"}],"wp:term":[{"taxonomy":"category","embeddable":true,"href":"https:\/\/www.fener.org\/index.php\/wp-json\/wp\/v2\/categories?post=17968"},{"taxonomy":"post_tag","embeddable":true,"href":"https:\/\/www.fener.org\/index.php\/wp-json\/wp\/v2\/tags?post=17968"}],"curies":[{"name":"wp","href":"https:\/\/api.w.org\/{rel}","templated":true}]}}