{"id":17793,"date":"2022-06-25T13:27:43","date_gmt":"2022-06-25T10:27:43","guid":{"rendered":"https:\/\/www.fener.org\/?p=17793"},"modified":"2022-06-25T21:29:11","modified_gmt":"2022-06-25T18:29:11","slug":"pierria-henry-fenerbahce-bekoya-veda-etti","status":"publish","type":"post","link":"https:\/\/www.fener.org\/index.php\/2022\/06\/25\/pierria-henry-fenerbahce-bekoya-veda-etti\/","title":{"rendered":"Pierria Henry, Fenerbah\u00e7e Beko&#8217;ya veda etti"},"content":{"rendered":"\n<p>Birle\u015fik Amerikal\u0131 guard Pierria Henry, sosyal medya hesab\u0131ndan yapt\u0131\u011f\u0131 payla\u015f\u0131m ile Fenerbah\u00e7e Beko&#8217;ya veda etti.<\/p>\n\n\n\n<p>The Athletic\u2019in Washington Wizards muhabiri John Robbins\u2019in haberine g\u00f6re Pierria Henry, Washington Wizards\u2018\u0131n hafta sonu d\u00fczenleyece\u011fi basketbol kamp\u0131n\u0131n kat\u0131l\u0131mc\u0131lar\u0131ndan biri olacak.<\/p>\n\n\n\n<p>Ge\u00e7ti\u011fimiz sezon TD Systems Baskonia&#8217;dan 1+1 y\u0131ll\u0131k anla\u015fmayla tak\u0131ma kat\u0131lan Pierria Henry, Fenerbah\u00e7e Beko\u2019yla toplam 28 EuroLeague kar\u015f\u0131la\u015fmas\u0131nda 7.9 say\u0131, 3.4 ribaund ve 4.2 asist ortalamalar\u0131yla m\u00fccadele etmi\u015fti.<\/p>\n\n\n\n<p>Kul\u00fcb\u00fcm\u00fcz\u00fcn resmi sitesinde yap\u0131lan bilgilendirmede \u015f\u00f6yle denildi:<\/p>\n\n\n\n<blockquote class=\"wp-block-quote is-layout-flow wp-block-quote-is-layout-flow\"><p>Fenerbah\u00e7e Beko\u2019nun 2021-22 sezonu kadrosunda yer alan ve ING Basketbol S\u00fcper Ligi \u015fampiyonlu\u011fumuzda \u00f6nemli pay sahibi olan Pierria Henry, s\u00f6zle\u015fmesindeki yaln\u0131zca NBA i\u00e7in ge\u00e7erli olan \u00e7\u0131k\u0131\u015f opsiyonunu kullanma karar\u0131 alm\u0131\u015ft\u0131r.<\/p><p>Sporcumuzun Avrupa\u2019ya d\u00f6nme karar\u0131 almas\u0131 halinde haklar\u0131 Fenerbah\u00e7e Beko\u2019da olacakt\u0131r.<\/p><p>Fenerbah\u00e7e Ailesi&#8217;ne verdi\u011fi katk\u0131lardan dolay\u0131 Pierria Henry\u2019e te\u015fekk\u00fcr eder, kariyerinin yeni d\u00f6neminde kendisine ba\u015far\u0131lar dileriz.<\/p><p><strong>Fenerbah\u00e7e Spor Kul\u00fcb\u00fc<\/strong><\/p><\/blockquote>\n\n\n\n<p><\/p>\n","protected":false},"excerpt":{"rendered":"<p>Birle\u015fik Amerikal\u0131 guard Pierria Henry, sosyal medya hesab\u0131ndan yapt\u0131\u011f\u0131 payla\u015f\u0131m ile Fenerbah\u00e7e Beko&#8217;ya veda etti. The Athletic\u2019in Washington Wizards muhabiri John Robbins\u2019in haberine g\u00f6re Pierria Henry, Washington Wizards\u2018\u0131n hafta sonu d\u00fczenleyece\u011fi basketbol kamp\u0131n\u0131n kat\u0131l\u0131mc\u0131lar\u0131ndan biri olacak. Ge\u00e7ti\u011fimiz sezon TD Systems Baskonia&#8217;dan 1+1 y\u0131ll\u0131k anla\u015fmayla tak\u0131ma kat\u0131lan Pierria Henry, Fenerbah\u00e7e Beko\u2019yla toplam 28 EuroLeague kar\u015f\u0131la\u015fmas\u0131nda 7.9 [&hellip;]<\/p>\n","protected":false},"author":1,"featured_media":17794,"comment_status":"closed","ping_status":"closed","sticky":false,"template":"","format":"standard","meta":{"jnews-multi-image_gallery":[],"jnews_single_post":{"subtitle":"Fenerbah\u00e7e Erkek Basketbol Tak\u0131m\u0131m\u0131z\u0131n ge\u00e7en sene kadrosuna katt\u0131\u011f\u0131 Birle\u015fik Amerikal\u0131 guard Pierria Henry tak\u0131mdan ayr\u0131ld\u0131.","format":"standard","video":"","gallery":"","source_name":"","source_url":"","via_name":"","via_url":"","override_template":"0","override":[{"template":"1","single_blog_custom":"","parallax":"1","fullscreen":"1","layout":"right-sidebar","sidebar":"mysidebar","second_sidebar":"default-sidebar","sticky_sidebar":"1","share_position":"float","share_float_style":"share-normal","show_share_counter":"1","show_view_counter":"1","show_featured":"1","show_post_meta":"1","show_post_author":"0","show_post_author_image":"1","show_post_date":"1","post_date_format":"default","post_date_format_custom":"Y\/m\/d","show_post_category":"0","show_post_reading_time":"0","post_reading_time_wpm":"300","show_zoom_button":"0","zoom_button_out_step":"2","zoom_button_in_step":"3","show_post_tag":"0","show_prev_next_post":"1","show_popup_post":"0","number_popup_post":"3","show_author_box":"0","show_post_related":"0","show_inline_post_related":"0"}],"override_image_size":"0","image_override":[{"single_post_thumbnail_size":"crop-500","single_post_gallery_size":"crop-500"}],"trending_post":"0","trending_post_position":"meta","trending_post_label":"Trending","sponsored_post":"0","sponsored_post_label":"Sponsored by","sponsored_post_name":"","sponsored_post_url":"","sponsored_post_logo_enable":"0","sponsored_post_logo":"","sponsored_post_desc":"","disable_ad":"0"},"jnews_primary_category":{"id":"5"},"jnews_social_meta":{"fb_title":"","fb_description":"","fb_image":"","twitter_title":"","twitter_description":"","twitter_image":""},"jnews_override_counter":[],"footnotes":""},"categories":[5,6,2],"tags":[24,23],"class_list":["post-17793","post","type-post","status-publish","format-standard","has-post-thumbnail","hentry","category-basketbol","category-erkek-basketbol","category-haberler","tag-basketbol","tag-fenerbahce"],"amp_enabled":true,"_links":{"self":[{"href":"https:\/\/www.fener.org\/index.php\/wp-json\/wp\/v2\/posts\/17793","targetHints":{"allow":["GET"]}}],"collection":[{"href":"https:\/\/www.fener.org\/index.php\/wp-json\/wp\/v2\/posts"}],"about":[{"href":"https:\/\/www.fener.org\/index.php\/wp-json\/wp\/v2\/types\/post"}],"author":[{"embeddable":true,"href":"https:\/\/www.fener.org\/index.php\/wp-json\/wp\/v2\/users\/1"}],"replies":[{"embeddable":true,"href":"https:\/\/www.fener.org\/index.php\/wp-json\/wp\/v2\/comments?post=17793"}],"version-history":[{"count":5,"href":"https:\/\/www.fener.org\/index.php\/wp-json\/wp\/v2\/posts\/17793\/revisions"}],"predecessor-version":[{"id":17802,"href":"https:\/\/www.fener.org\/index.php\/wp-json\/wp\/v2\/posts\/17793\/revisions\/17802"}],"wp:featuredmedia":[{"embeddable":true,"href":"https:\/\/www.fener.org\/index.php\/wp-json\/wp\/v2\/media\/17794"}],"wp:attachment":[{"href":"https:\/\/www.fener.org\/index.php\/wp-json\/wp\/v2\/media?parent=17793"}],"wp:term":[{"taxonomy":"category","embeddable":true,"href":"https:\/\/www.fener.org\/index.php\/wp-json\/wp\/v2\/categories?post=17793"},{"taxonomy":"post_tag","embeddable":true,"href":"https:\/\/www.fener.org\/index.php\/wp-json\/wp\/v2\/tags?post=17793"}],"curies":[{"name":"wp","href":"https:\/\/api.w.org\/{rel}","templated":true}]}}