{"id":17620,"date":"2022-06-03T22:35:31","date_gmt":"2022-06-03T19:35:31","guid":{"rendered":"https:\/\/www.fener.org\/?p=17620"},"modified":"2022-06-03T22:35:34","modified_gmt":"2022-06-03T19:35:34","slug":"fenerbahceli-milli-yuzucumuz-tuncer-berk-erturkten-gumus-madalya","status":"publish","type":"post","link":"https:\/\/www.fener.org\/index.php\/2022\/06\/03\/fenerbahceli-milli-yuzucumuz-tuncer-berk-erturkten-gumus-madalya\/","title":{"rendered":"Fenerbah\u00e7eli milli y\u00fcz\u00fcc\u00fcm\u00fcz Tuncer Berk Ert\u00fcrk&#8217;ten g\u00fcm\u00fc\u015f madalya"},"content":{"rendered":"\n<p>Portekiz\u2019in Setubal kentinde bug\u00fcn ba\u015flayan Avrupa Gen\u00e7ler A\u00e7\u0131k Su \u015eampiyonas\u0131\u2019nda milli forma alt\u0131nda m\u00fccadele eden Fenerbah\u00e7e Y\u00fczme \u015eubemiz sporcusu Tuncer Berk Ert\u00fcrk, tarihi bir ba\u015far\u0131ya imza att\u0131.<\/p>\n\n\n\n<p>5 KM gen\u00e7 erkekler kategorindeki 01.06:92\u2019lik derecesiyle Avrupa ikincisi olarak k\u00fcrs\u00fcye \u00e7\u0131kan Fenerbah\u00e7eli milli y\u00fcz\u00fcc\u00fcm\u00fcz Tuncer Berk Ert\u00fcrk, ayn\u0131 zamanda T\u00fcrk y\u00fczme tarihimizde erkeklerde madalya kazand\u0131\u011f\u0131m\u0131z ilk Avrupa \u015eampiyonas\u0131\u2019nda da m\u00fccadele etmi\u015f oldu.&nbsp;<\/p>\n","protected":false},"excerpt":{"rendered":"<p>Portekiz\u2019in Setubal kentinde bug\u00fcn ba\u015flayan Avrupa Gen\u00e7ler A\u00e7\u0131k Su \u015eampiyonas\u0131\u2019nda milli forma alt\u0131nda m\u00fccadele eden Fenerbah\u00e7e Y\u00fczme \u015eubemiz sporcusu Tuncer Berk Ert\u00fcrk, tarihi bir ba\u015far\u0131ya imza att\u0131. 5 KM gen\u00e7 erkekler kategorindeki 01.06:92\u2019lik derecesiyle Avrupa ikincisi olarak k\u00fcrs\u00fcye \u00e7\u0131kan Fenerbah\u00e7eli milli y\u00fcz\u00fcc\u00fcm\u00fcz Tuncer Berk Ert\u00fcrk, ayn\u0131 zamanda T\u00fcrk y\u00fczme tarihimizde erkeklerde madalya kazand\u0131\u011f\u0131m\u0131z ilk Avrupa [&hellip;]<\/p>\n","protected":false},"author":1,"featured_media":17621,"comment_status":"closed","ping_status":"closed","sticky":false,"template":"","format":"standard","meta":{"jnews-multi-image_gallery":[],"jnews_single_post":{"subtitle":"","format":"standard","video":"","gallery":"","source_name":"","source_url":"","via_name":"","via_url":"","override_template":"0","override":[{"template":"1","single_blog_custom":"","parallax":"1","fullscreen":"1","layout":"right-sidebar","sidebar":"mysidebar","second_sidebar":"default-sidebar","sticky_sidebar":"1","share_position":"float","share_float_style":"share-normal","show_share_counter":"1","show_view_counter":"1","show_featured":"1","show_post_meta":"1","show_post_author":"0","show_post_author_image":"1","show_post_date":"1","post_date_format":"default","post_date_format_custom":"Y\/m\/d","show_post_category":"0","show_post_reading_time":"0","post_reading_time_wpm":"300","show_zoom_button":"0","zoom_button_out_step":"2","zoom_button_in_step":"3","show_post_tag":"0","show_prev_next_post":"1","show_popup_post":"0","number_popup_post":"3","show_author_box":"0","show_post_related":"0","show_inline_post_related":"0"}],"override_image_size":"0","image_override":[{"single_post_thumbnail_size":"crop-500","single_post_gallery_size":"crop-500"}],"trending_post":"0","trending_post_position":"meta","trending_post_label":"Trending","sponsored_post":"0","sponsored_post_label":"Sponsored by","sponsored_post_name":"","sponsored_post_url":"","sponsored_post_logo_enable":"0","sponsored_post_logo":"","sponsored_post_desc":"","disable_ad":"0"},"jnews_primary_category":{"id":"14"},"jnews_social_meta":{"fb_title":"","fb_description":"","fb_image":"","twitter_title":"","twitter_description":"","twitter_image":""},"jnews_override_counter":{"override_view_counter":"0","view_counter_number":"0","override_share_counter":"0","share_counter_number":"0","override_like_counter":"0","like_counter_number":"0","override_dislike_counter":"0","dislike_counter_number":"0"},"footnotes":""},"categories":[2,14],"tags":[23,33],"class_list":["post-17620","post","type-post","status-publish","format-standard","has-post-thumbnail","hentry","category-haberler","category-yuzme","tag-fenerbahce","tag-yuzme"],"amp_enabled":true,"_links":{"self":[{"href":"https:\/\/www.fener.org\/index.php\/wp-json\/wp\/v2\/posts\/17620","targetHints":{"allow":["GET"]}}],"collection":[{"href":"https:\/\/www.fener.org\/index.php\/wp-json\/wp\/v2\/posts"}],"about":[{"href":"https:\/\/www.fener.org\/index.php\/wp-json\/wp\/v2\/types\/post"}],"author":[{"embeddable":true,"href":"https:\/\/www.fener.org\/index.php\/wp-json\/wp\/v2\/users\/1"}],"replies":[{"embeddable":true,"href":"https:\/\/www.fener.org\/index.php\/wp-json\/wp\/v2\/comments?post=17620"}],"version-history":[{"count":1,"href":"https:\/\/www.fener.org\/index.php\/wp-json\/wp\/v2\/posts\/17620\/revisions"}],"predecessor-version":[{"id":17622,"href":"https:\/\/www.fener.org\/index.php\/wp-json\/wp\/v2\/posts\/17620\/revisions\/17622"}],"wp:featuredmedia":[{"embeddable":true,"href":"https:\/\/www.fener.org\/index.php\/wp-json\/wp\/v2\/media\/17621"}],"wp:attachment":[{"href":"https:\/\/www.fener.org\/index.php\/wp-json\/wp\/v2\/media?parent=17620"}],"wp:term":[{"taxonomy":"category","embeddable":true,"href":"https:\/\/www.fener.org\/index.php\/wp-json\/wp\/v2\/categories?post=17620"},{"taxonomy":"post_tag","embeddable":true,"href":"https:\/\/www.fener.org\/index.php\/wp-json\/wp\/v2\/tags?post=17620"}],"curies":[{"name":"wp","href":"https:\/\/api.w.org\/{rel}","templated":true}]}}