{"id":17518,"date":"2022-05-22T22:51:48","date_gmt":"2022-05-22T19:51:48","guid":{"rendered":"https:\/\/www.fener.org\/?p=17518"},"modified":"2022-05-22T22:51:52","modified_gmt":"2022-05-22T19:51:52","slug":"milli-kurekcilerimiz-gencler-avrupa-sampiyonasinda-altin-madalya-kazandi","status":"publish","type":"post","link":"https:\/\/www.fener.org\/index.php\/2022\/05\/22\/milli-kurekcilerimiz-gencler-avrupa-sampiyonasinda-altin-madalya-kazandi\/","title":{"rendered":"Milli k\u00fcrek\u00e7ilerimiz Gen\u00e7ler Avrupa \u015eampiyonas\u0131&#8217;nda alt\u0131n madalya kazand\u0131"},"content":{"rendered":"\n<p>\u0130talya\u2019n\u0131n Varese \u015fehrinde d\u00fczenlenen Gen\u00e7ler Avrupa \u015eampiyonas\u0131 K\u00fcrek Yar\u0131\u015flar\u0131\u2019nda milli forma alt\u0131nda m\u00fccadele eden Fenerbah\u00e7e K\u00fcrek \u015eubemiz sporcular\u0131,&nbsp;Gen\u00e7 Erkekler D\u00f6rt Tek D\u00fcmencili ve Gen\u00e7 Erkekler \u0130ki \u00c7ifte yar\u0131\u015flar\u0131nda alt\u0131n madalyan\u0131n sahibi oldular.<\/p>\n\n\n\n<p>Fenerbah\u00e7eli milli k\u00fcrek\u00e7iler Hamdi Okan Atmaca-Fatih Mehmet Avc\u0131- Alper \u015eevket Eren ile Galatasaray Spor Kul\u00fcb\u00fc sporcular\u0131 Yusuf Ziya Ate\u015f ve Tuana Fatma Y\u0131ld\u0131z\u2019dan olu\u015fan Gen\u00e7 Erkekler D\u00f6rt Tek D\u00fcmencili (JM 4+) ekibimiz&nbsp;6:24.80&#8217;lik derecesiyle alt\u0131n madalyaya uzan\u0131rken, \u0130talya 6:29.51 ile ikinci, Macaristan ise 6:30.90&#8217;la \u00fc\u00e7\u00fcnc\u00fc s\u0131rada yer ald\u0131.<\/p>\n\n\n\n<p>\u015eampiyonada, Gen\u00e7 Erkekler \u0130ki \u00c7ifte (JM 2x) A Finalinde m\u00fccadele eden k\u00fcrek\u00e7ilerimiz Ahmet Ali Kabaday\u0131 ve Halil Kaan K\u00f6ro\u011flu, 06:30.49\u2019luk derecesiyle Avrupa \u015eampiyonlu\u011funa ula\u015ft\u0131. Millilerimizin ard\u0131ndan 06:33.10\u2019la Fransa ikinci, 06:35.14\u2019le Polonya \u00fc\u00e7\u00fcnc\u00fc s\u0131rada yer ald\u0131.<\/p>\n\n\n\n<p>Organizasyonda Gen\u00e7 Erkekler Sekiz Tek (JM 8+) yar\u0131\u015f\u0131nda madalya m\u00fccadelesi veren k\u00fcrek\u00e7ilerimiz Mehmet Giray Ku\u015fku\u015f, Cevdet Ege Mutlu ve Ege B\u00fcy\u00fck\u00e7etin (d) ile milli sporcular Yi\u011fit Ya\u015far Do\u011fruok &#8211; Emirhan Bal\u0131k\u00e7\u0131 -Eren Efe Kara &#8211; Enes Biber &#8211; Aytimur Sel\u00e7uk &#8211; Mahmut Tiryaki\u2019den olu\u015fan ekibimiz, 05:54.49\u2019la be\u015finci oldu.&nbsp;<\/p>\n","protected":false},"excerpt":{"rendered":"<p>\u0130talya\u2019n\u0131n Varese \u015fehrinde d\u00fczenlenen Gen\u00e7ler Avrupa \u015eampiyonas\u0131 K\u00fcrek Yar\u0131\u015flar\u0131\u2019nda milli forma alt\u0131nda m\u00fccadele eden Fenerbah\u00e7e K\u00fcrek \u015eubemiz sporcular\u0131,&nbsp;Gen\u00e7 Erkekler D\u00f6rt Tek D\u00fcmencili ve Gen\u00e7 Erkekler \u0130ki \u00c7ifte yar\u0131\u015flar\u0131nda alt\u0131n madalyan\u0131n sahibi oldular. Fenerbah\u00e7eli milli k\u00fcrek\u00e7iler Hamdi Okan Atmaca-Fatih Mehmet Avc\u0131- Alper \u015eevket Eren ile Galatasaray Spor Kul\u00fcb\u00fc sporcular\u0131 Yusuf Ziya Ate\u015f ve Tuana Fatma Y\u0131ld\u0131z\u2019dan [&hellip;]<\/p>\n","protected":false},"author":1,"featured_media":17519,"comment_status":"closed","ping_status":"closed","sticky":false,"template":"","format":"standard","meta":{"jnews-multi-image_gallery":[],"jnews_single_post":{"subtitle":"","format":"standard","video":"","gallery":"","source_name":"","source_url":"","via_name":"","via_url":"","override_template":"0","override":[{"template":"1","single_blog_custom":"","parallax":"1","fullscreen":"1","layout":"right-sidebar","sidebar":"default-sidebar","second_sidebar":"default-sidebar","sticky_sidebar":"1","share_position":"top","share_float_style":"share-monocrhome","show_share_counter":"1","show_view_counter":"1","show_featured":"1","show_post_meta":"1","show_post_author":"1","show_post_author_image":"1","show_post_date":"1","post_date_format":"default","post_date_format_custom":"Y\/m\/d","show_post_category":"1","show_post_reading_time":"0","post_reading_time_wpm":"300","show_zoom_button":"0","zoom_button_out_step":"2","zoom_button_in_step":"3","show_post_tag":"1","show_prev_next_post":"1","show_popup_post":"1","number_popup_post":"1","show_author_box":"0","show_post_related":"0","show_inline_post_related":"0"}],"override_image_size":"0","image_override":[{"single_post_thumbnail_size":"crop-500","single_post_gallery_size":"crop-500"}],"trending_post":"0","trending_post_position":"meta","trending_post_label":"Trending","sponsored_post":"0","sponsored_post_label":"Sponsored by","sponsored_post_name":"","sponsored_post_url":"","sponsored_post_logo_enable":"0","sponsored_post_logo":"","sponsored_post_desc":"","disable_ad":"0"},"jnews_primary_category":{"id":"11"},"jnews_social_meta":{"fb_title":"","fb_description":"","fb_image":"","twitter_title":"","twitter_description":"","twitter_image":""},"jnews_override_counter":{"override_view_counter":"0","view_counter_number":"0","override_share_counter":"0","share_counter_number":"0","override_like_counter":"0","like_counter_number":"0","override_dislike_counter":"0","dislike_counter_number":"0"},"footnotes":""},"categories":[2,11],"tags":[23,30],"class_list":["post-17518","post","type-post","status-publish","format-standard","has-post-thumbnail","hentry","category-haberler","category-kurek","tag-fenerbahce","tag-kurek"],"amp_enabled":true,"_links":{"self":[{"href":"https:\/\/www.fener.org\/index.php\/wp-json\/wp\/v2\/posts\/17518","targetHints":{"allow":["GET"]}}],"collection":[{"href":"https:\/\/www.fener.org\/index.php\/wp-json\/wp\/v2\/posts"}],"about":[{"href":"https:\/\/www.fener.org\/index.php\/wp-json\/wp\/v2\/types\/post"}],"author":[{"embeddable":true,"href":"https:\/\/www.fener.org\/index.php\/wp-json\/wp\/v2\/users\/1"}],"replies":[{"embeddable":true,"href":"https:\/\/www.fener.org\/index.php\/wp-json\/wp\/v2\/comments?post=17518"}],"version-history":[{"count":1,"href":"https:\/\/www.fener.org\/index.php\/wp-json\/wp\/v2\/posts\/17518\/revisions"}],"predecessor-version":[{"id":17520,"href":"https:\/\/www.fener.org\/index.php\/wp-json\/wp\/v2\/posts\/17518\/revisions\/17520"}],"wp:featuredmedia":[{"embeddable":true,"href":"https:\/\/www.fener.org\/index.php\/wp-json\/wp\/v2\/media\/17519"}],"wp:attachment":[{"href":"https:\/\/www.fener.org\/index.php\/wp-json\/wp\/v2\/media?parent=17518"}],"wp:term":[{"taxonomy":"category","embeddable":true,"href":"https:\/\/www.fener.org\/index.php\/wp-json\/wp\/v2\/categories?post=17518"},{"taxonomy":"post_tag","embeddable":true,"href":"https:\/\/www.fener.org\/index.php\/wp-json\/wp\/v2\/tags?post=17518"}],"curies":[{"name":"wp","href":"https:\/\/api.w.org\/{rel}","templated":true}]}}