{"id":17439,"date":"2022-05-16T21:45:11","date_gmt":"2022-05-16T18:45:11","guid":{"rendered":"https:\/\/www.fener.org\/?p=17439"},"modified":"2022-05-16T21:45:19","modified_gmt":"2022-05-16T18:45:19","slug":"milli-boksorumuz-buse-naz-cakiroglu-yari-finalde","status":"publish","type":"post","link":"https:\/\/www.fener.org\/index.php\/2022\/05\/16\/milli-boksorumuz-buse-naz-cakiroglu-yari-finalde\/","title":{"rendered":"Milli boks\u00f6r\u00fcm\u00fcz Buse Naz \u00c7ak\u0131ro\u011flu yar\u0131 finalde"},"content":{"rendered":"\n<p>T\u00fcrkiye&#8217;nin ev sahipli\u011finde d\u00fczenlenen D\u00fcnya Kad\u0131nlar Boks \u015eampiyonas\u0131&#8217;nda 50 kiloda yar\u0131 finale \u00e7\u0131kan Fenerbah\u00e7eli milli boks\u00f6r Buse Naz \u00c7ak\u0131ro\u011flu, bronz madalyay\u0131 garantiledi.<br><br>Ba\u015fak\u015fehir Gen\u00e7lik ve Spor Tesisleri&#8217;nde d\u00fczenlenen \u015fampiyonan\u0131n 8. g\u00fcn\u00fcnde ringe \u00e7\u0131kan olimpiyat ikincisi milli boks\u00f6r\u00fcm\u00fcz Buse Naz \u00c7ak\u0131ro\u011flu, \u00e7eyrek final ma\u00e7\u0131nda Filipinli Aira Cordero Villegas ile kar\u015f\u0131la\u015ft\u0131. Ma\u00e7 boyunca rakibini uzak tutan ve net yumruklar vuran Buse Naz, son raundu ve ma\u00e7\u0131 5-0 kazanarak ad\u0131n\u0131 yar\u0131 finale yazd\u0131rd\u0131.<\/p>\n\n\n\n<p>Bronz madalya kazanmas\u0131 kesinle\u015fen Buse Naz \u00c7ak\u0131ro\u011flu, 18 May\u0131s \u00c7ar\u015famba g\u00fcn\u00fc yar\u0131 finalde \u0130spanyol Laura Fuertes Fernandez ile kar\u015f\u0131la\u015facak.<\/p>\n","protected":false},"excerpt":{"rendered":"<p>T\u00fcrkiye&#8217;nin ev sahipli\u011finde d\u00fczenlenen D\u00fcnya Kad\u0131nlar Boks \u015eampiyonas\u0131&#8217;nda 50 kiloda yar\u0131 finale \u00e7\u0131kan Fenerbah\u00e7eli milli boks\u00f6r Buse Naz \u00c7ak\u0131ro\u011flu, bronz madalyay\u0131 garantiledi. Ba\u015fak\u015fehir Gen\u00e7lik ve Spor Tesisleri&#8217;nde d\u00fczenlenen \u015fampiyonan\u0131n 8. g\u00fcn\u00fcnde ringe \u00e7\u0131kan olimpiyat ikincisi milli boks\u00f6r\u00fcm\u00fcz Buse Naz \u00c7ak\u0131ro\u011flu, \u00e7eyrek final ma\u00e7\u0131nda Filipinli Aira Cordero Villegas ile kar\u015f\u0131la\u015ft\u0131. Ma\u00e7 boyunca rakibini uzak tutan ve [&hellip;]<\/p>\n","protected":false},"author":1,"featured_media":17440,"comment_status":"closed","ping_status":"closed","sticky":false,"template":"","format":"standard","meta":{"jnews-multi-image_gallery":[],"jnews_single_post":{"subtitle":"","format":"standard","video":"","gallery":"","source_name":"","source_url":"","via_name":"","via_url":"","override_template":"0","override":[{"template":"1","single_blog_custom":"","parallax":"1","fullscreen":"1","layout":"right-sidebar","sidebar":"default-sidebar","second_sidebar":"default-sidebar","sticky_sidebar":"1","share_position":"top","share_float_style":"share-monocrhome","show_share_counter":"1","show_view_counter":"1","show_featured":"1","show_post_meta":"1","show_post_author":"1","show_post_author_image":"1","show_post_date":"1","post_date_format":"default","post_date_format_custom":"Y\/m\/d","show_post_category":"1","show_post_reading_time":"0","post_reading_time_wpm":"300","show_zoom_button":"0","zoom_button_out_step":"2","zoom_button_in_step":"3","show_post_tag":"1","show_prev_next_post":"1","show_popup_post":"1","number_popup_post":"1","show_author_box":"0","show_post_related":"0","show_inline_post_related":"0"}],"override_image_size":"0","image_override":[{"single_post_thumbnail_size":"crop-500","single_post_gallery_size":"crop-500"}],"trending_post":"0","trending_post_position":"meta","trending_post_label":"Trending","sponsored_post":"0","sponsored_post_label":"Sponsored by","sponsored_post_name":"","sponsored_post_url":"","sponsored_post_logo_enable":"0","sponsored_post_logo":"","sponsored_post_desc":"","disable_ad":"0"},"jnews_primary_category":{"id":"15"},"jnews_social_meta":{"fb_title":"","fb_description":"","fb_image":"","twitter_title":"","twitter_description":"","twitter_image":""},"jnews_override_counter":{"override_view_counter":"0","view_counter_number":"0","override_share_counter":"0","share_counter_number":"0","override_like_counter":"0","like_counter_number":"0","override_dislike_counter":"0","dislike_counter_number":"0"},"footnotes":""},"categories":[15,2],"tags":[34,23],"class_list":["post-17439","post","type-post","status-publish","format-standard","has-post-thumbnail","hentry","category-boks","category-haberler","tag-boks","tag-fenerbahce"],"amp_enabled":true,"_links":{"self":[{"href":"https:\/\/www.fener.org\/index.php\/wp-json\/wp\/v2\/posts\/17439","targetHints":{"allow":["GET"]}}],"collection":[{"href":"https:\/\/www.fener.org\/index.php\/wp-json\/wp\/v2\/posts"}],"about":[{"href":"https:\/\/www.fener.org\/index.php\/wp-json\/wp\/v2\/types\/post"}],"author":[{"embeddable":true,"href":"https:\/\/www.fener.org\/index.php\/wp-json\/wp\/v2\/users\/1"}],"replies":[{"embeddable":true,"href":"https:\/\/www.fener.org\/index.php\/wp-json\/wp\/v2\/comments?post=17439"}],"version-history":[{"count":1,"href":"https:\/\/www.fener.org\/index.php\/wp-json\/wp\/v2\/posts\/17439\/revisions"}],"predecessor-version":[{"id":17441,"href":"https:\/\/www.fener.org\/index.php\/wp-json\/wp\/v2\/posts\/17439\/revisions\/17441"}],"wp:featuredmedia":[{"embeddable":true,"href":"https:\/\/www.fener.org\/index.php\/wp-json\/wp\/v2\/media\/17440"}],"wp:attachment":[{"href":"https:\/\/www.fener.org\/index.php\/wp-json\/wp\/v2\/media?parent=17439"}],"wp:term":[{"taxonomy":"category","embeddable":true,"href":"https:\/\/www.fener.org\/index.php\/wp-json\/wp\/v2\/categories?post=17439"},{"taxonomy":"post_tag","embeddable":true,"href":"https:\/\/www.fener.org\/index.php\/wp-json\/wp\/v2\/tags?post=17439"}],"curies":[{"name":"wp","href":"https:\/\/api.w.org\/{rel}","templated":true}]}}