{"id":17433,"date":"2022-05-16T21:38:25","date_gmt":"2022-05-16T18:38:25","guid":{"rendered":"https:\/\/www.fener.org\/?p=17433"},"modified":"2022-05-16T21:38:30","modified_gmt":"2022-05-16T18:38:30","slug":"milli-boksorumuz-sennur-demir-dunya-boks-sampiyonasinda-yari-finale-yukseldi","status":"publish","type":"post","link":"https:\/\/www.fener.org\/index.php\/2022\/05\/16\/milli-boksorumuz-sennur-demir-dunya-boks-sampiyonasinda-yari-finale-yukseldi\/","title":{"rendered":"Milli boks\u00f6r\u00fcm\u00fcz \u015eennur Demir, D\u00fcnya Boks \u015eampiyonas\u0131\u2019nda yar\u0131 finale y\u00fckseldi"},"content":{"rendered":"\n<p>\u00dclkemizin ev sahipli\u011finde \u0130stanbul\u2019da d\u00fczenlenen B\u00fcy\u00fck Kad\u0131nlar D\u00fcnya Boks \u015eampiyonas\u0131\u2019n\u0131n 8. g\u00fcn\u00fcnde \u00e7eyrek final m\u00fcsabakas\u0131nda +81 kiloda ringe \u00e7\u0131kan Fenerbah\u00e7eli milli boks\u00f6r\u00fcm\u00fcz \u015eennur Demir, Kolombiyal\u0131 boks\u00f6r Diana Yubeli Romero Castro\u2019yu ma\u011flup ederek ad\u0131n\u0131 yar\u0131 finale yazd\u0131rd\u0131 ve madalyay\u0131 garantiledi.<br><br>Bu galibiyetin ard\u0131ndan B\u00fcy\u00fck Kad\u0131nlar D\u00fcnya Boks \u015eampiyonas\u0131\u2019nda yar\u0131 finale y\u00fckselerek madalyay\u0131 garantileyen Fenerbah\u00e7eli boks\u00f6r say\u0131s\u0131 da 5\u2019e y\u00fckseldi.<br><br>Rakibi kar\u015f\u0131s\u0131nda ba\u015ftan sona \u00fcst\u00fcn oynayan \u015eennur Demir, m\u00fcsabakay\u0131 hakem karar\u0131yla kazand\u0131. \u0130lk iki raundu 5-0 \u00f6nde tamamlayan \u015eennur, son raundda hakemin saymas\u0131n\u0131 sa\u011flad\u0131 ve bitime 44 saniye kala hakem karar\u0131yla ma\u00e7\u0131 kazand\u0131.<\/p>\n\n\n\n<p>Ba\u015fak\u015fehir Gen\u00e7lik ve Spor Tesisleri&#8217;nde d\u00fczenlenen \u015fampiyonada kar\u015f\u0131la\u015fmay\u0131 Boks \u015eube Sorumlumuz Selahattin Atasever de yerinde takip etti.<br><br>Fenerbah\u00e7eli milli boks\u00f6r\u00fcm\u00fcz \u015eennur Demir, 18 May\u0131s \u00c7ar\u015famba g\u00fcn\u00fc yar\u0131 final m\u00fcsabakas\u0131nda Polonyal\u0131 Lidia Maria Fidura ile kar\u015f\u0131la\u015facak.<br><br>\u00d6te yandan di\u011fer bir \u00e7eyrek final m\u00fcsabakas\u0131nda 75 kiloda ringe \u00e7\u0131kan Fenerbah\u00e7eli milli boks\u00f6r\u00fcm\u00fcz B\u00fc\u015fra I\u015f\u0131ldar, Panamal\u0131 boks\u00f6r Atheyna Bylon\u2019a kaybetti ve \u015fampiyonaya bu turda veda etti.<\/p>\n","protected":false},"excerpt":{"rendered":"<p>\u00dclkemizin ev sahipli\u011finde \u0130stanbul\u2019da d\u00fczenlenen B\u00fcy\u00fck Kad\u0131nlar D\u00fcnya Boks \u015eampiyonas\u0131\u2019n\u0131n 8. g\u00fcn\u00fcnde \u00e7eyrek final m\u00fcsabakas\u0131nda +81 kiloda ringe \u00e7\u0131kan Fenerbah\u00e7eli milli boks\u00f6r\u00fcm\u00fcz \u015eennur Demir, Kolombiyal\u0131 boks\u00f6r Diana Yubeli Romero Castro\u2019yu ma\u011flup ederek ad\u0131n\u0131 yar\u0131 finale yazd\u0131rd\u0131 ve madalyay\u0131 garantiledi. Bu galibiyetin ard\u0131ndan B\u00fcy\u00fck Kad\u0131nlar D\u00fcnya Boks \u015eampiyonas\u0131\u2019nda yar\u0131 finale y\u00fckselerek madalyay\u0131 garantileyen Fenerbah\u00e7eli boks\u00f6r say\u0131s\u0131 [&hellip;]<\/p>\n","protected":false},"author":1,"featured_media":17434,"comment_status":"closed","ping_status":"closed","sticky":false,"template":"","format":"standard","meta":{"jnews-multi-image_gallery":[],"jnews_single_post":{"subtitle":"","format":"standard","video":"","gallery":"","source_name":"","source_url":"","via_name":"","via_url":"","override_template":"0","override":[{"template":"1","single_blog_custom":"","parallax":"1","fullscreen":"1","layout":"right-sidebar","sidebar":"default-sidebar","second_sidebar":"default-sidebar","sticky_sidebar":"1","share_position":"top","share_float_style":"share-monocrhome","show_share_counter":"1","show_view_counter":"1","show_featured":"1","show_post_meta":"1","show_post_author":"1","show_post_author_image":"1","show_post_date":"1","post_date_format":"default","post_date_format_custom":"Y\/m\/d","show_post_category":"1","show_post_reading_time":"0","post_reading_time_wpm":"300","show_zoom_button":"0","zoom_button_out_step":"2","zoom_button_in_step":"3","show_post_tag":"1","show_prev_next_post":"1","show_popup_post":"1","number_popup_post":"1","show_author_box":"0","show_post_related":"0","show_inline_post_related":"0"}],"override_image_size":"0","image_override":[{"single_post_thumbnail_size":"crop-500","single_post_gallery_size":"crop-500"}],"trending_post":"0","trending_post_position":"meta","trending_post_label":"Trending","sponsored_post":"0","sponsored_post_label":"Sponsored by","sponsored_post_name":"","sponsored_post_url":"","sponsored_post_logo_enable":"0","sponsored_post_logo":"","sponsored_post_desc":"","disable_ad":"0"},"jnews_primary_category":{"id":"15"},"jnews_social_meta":{"fb_title":"","fb_description":"","fb_image":"","twitter_title":"","twitter_description":"","twitter_image":""},"jnews_override_counter":{"override_view_counter":"0","view_counter_number":"0","override_share_counter":"0","share_counter_number":"0","override_like_counter":"0","like_counter_number":"0","override_dislike_counter":"0","dislike_counter_number":"0"},"footnotes":""},"categories":[15,2],"tags":[34,23],"class_list":["post-17433","post","type-post","status-publish","format-standard","has-post-thumbnail","hentry","category-boks","category-haberler","tag-boks","tag-fenerbahce"],"amp_enabled":true,"_links":{"self":[{"href":"https:\/\/www.fener.org\/index.php\/wp-json\/wp\/v2\/posts\/17433","targetHints":{"allow":["GET"]}}],"collection":[{"href":"https:\/\/www.fener.org\/index.php\/wp-json\/wp\/v2\/posts"}],"about":[{"href":"https:\/\/www.fener.org\/index.php\/wp-json\/wp\/v2\/types\/post"}],"author":[{"embeddable":true,"href":"https:\/\/www.fener.org\/index.php\/wp-json\/wp\/v2\/users\/1"}],"replies":[{"embeddable":true,"href":"https:\/\/www.fener.org\/index.php\/wp-json\/wp\/v2\/comments?post=17433"}],"version-history":[{"count":1,"href":"https:\/\/www.fener.org\/index.php\/wp-json\/wp\/v2\/posts\/17433\/revisions"}],"predecessor-version":[{"id":17435,"href":"https:\/\/www.fener.org\/index.php\/wp-json\/wp\/v2\/posts\/17433\/revisions\/17435"}],"wp:featuredmedia":[{"embeddable":true,"href":"https:\/\/www.fener.org\/index.php\/wp-json\/wp\/v2\/media\/17434"}],"wp:attachment":[{"href":"https:\/\/www.fener.org\/index.php\/wp-json\/wp\/v2\/media?parent=17433"}],"wp:term":[{"taxonomy":"category","embeddable":true,"href":"https:\/\/www.fener.org\/index.php\/wp-json\/wp\/v2\/categories?post=17433"},{"taxonomy":"post_tag","embeddable":true,"href":"https:\/\/www.fener.org\/index.php\/wp-json\/wp\/v2\/tags?post=17433"}],"curies":[{"name":"wp","href":"https:\/\/api.w.org\/{rel}","templated":true}]}}