{"id":17347,"date":"2022-05-12T20:02:20","date_gmt":"2022-05-12T17:02:20","guid":{"rendered":"https:\/\/www.fener.org\/?p=17347"},"modified":"2022-05-12T20:02:24","modified_gmt":"2022-05-12T17:02:24","slug":"yelkencimiz-ozan-turker-iq-foil-youth-junior-yildizlar-kupasinda-ucuncu-oldu","status":"publish","type":"post","link":"https:\/\/www.fener.org\/index.php\/2022\/05\/12\/yelkencimiz-ozan-turker-iq-foil-youth-junior-yildizlar-kupasinda-ucuncu-oldu\/","title":{"rendered":"Yelkencimiz Ozan T\u00fcrker, IQ Foil Youth &#038; Junior Y\u0131ld\u0131zlar Kupas\u0131\u2019nda \u00fc\u00e7\u00fcnc\u00fc oldu"},"content":{"rendered":"\n<p>T\u00fcrkiye Yelken Federasyonu\u2019nun 2022 y\u0131l\u0131 Faaliyet Program\u0131\u2019nda yer alan IQ Foil Youth &amp; Junior Y\u0131ld\u0131zlar Kupas\u0131 yar\u0131\u015flar\u0131 Urla\u2019da yap\u0131ld\u0131.<\/p>\n\n\n\n<p>Fenerbah\u00e7e Do\u011fu\u015f Yelken \u015eubemizin sporcu Ozan T\u00fcrker, \u00e7ok k\u0131sa bir s\u00fcre \u00f6nce yar\u0131\u015fmaya ba\u015flad\u0131\u011f\u0131 IQ Foil Youth kategorisindeki yar\u0131\u015flar sonunda 3.\u2019l\u00fck elde etti. M\u00fcsabakalar\u0131n ard\u0131ndan d\u00fczenlenen \u00f6d\u00fcl t\u00f6reninde dereceye giren sporculara kupalar\u0131 verildi.<\/p>\n","protected":false},"excerpt":{"rendered":"<p>T\u00fcrkiye Yelken Federasyonu\u2019nun 2022 y\u0131l\u0131 Faaliyet Program\u0131\u2019nda yer alan IQ Foil Youth &amp; Junior Y\u0131ld\u0131zlar Kupas\u0131 yar\u0131\u015flar\u0131 Urla\u2019da yap\u0131ld\u0131. Fenerbah\u00e7e Do\u011fu\u015f Yelken \u015eubemizin sporcu Ozan T\u00fcrker, \u00e7ok k\u0131sa bir s\u00fcre \u00f6nce yar\u0131\u015fmaya ba\u015flad\u0131\u011f\u0131 IQ Foil Youth kategorisindeki yar\u0131\u015flar sonunda 3.\u2019l\u00fck elde etti. M\u00fcsabakalar\u0131n ard\u0131ndan d\u00fczenlenen \u00f6d\u00fcl t\u00f6reninde dereceye giren sporculara kupalar\u0131 verildi.<\/p>\n","protected":false},"author":1,"featured_media":17348,"comment_status":"closed","ping_status":"closed","sticky":false,"template":"","format":"standard","meta":{"jnews-multi-image_gallery":[],"jnews_single_post":{"subtitle":"","format":"standard","video":"","gallery":"","source_name":"","source_url":"","via_name":"","via_url":"","override_template":"0","override":[{"template":"1","single_blog_custom":"","parallax":"1","fullscreen":"1","layout":"right-sidebar","sidebar":"default-sidebar","second_sidebar":"default-sidebar","sticky_sidebar":"1","share_position":"top","share_float_style":"share-monocrhome","show_share_counter":"1","show_view_counter":"1","show_featured":"1","show_post_meta":"1","show_post_author":"1","show_post_author_image":"1","show_post_date":"1","post_date_format":"default","post_date_format_custom":"Y\/m\/d","show_post_category":"1","show_post_reading_time":"0","post_reading_time_wpm":"300","show_zoom_button":"0","zoom_button_out_step":"2","zoom_button_in_step":"3","show_post_tag":"1","show_prev_next_post":"1","show_popup_post":"1","number_popup_post":"1","show_author_box":"0","show_post_related":"0","show_inline_post_related":"0"}],"override_image_size":"0","image_override":[{"single_post_thumbnail_size":"crop-500","single_post_gallery_size":"crop-500"}],"trending_post":"0","trending_post_position":"meta","trending_post_label":"Trending","sponsored_post":"0","sponsored_post_label":"Sponsored by","sponsored_post_name":"","sponsored_post_url":"","sponsored_post_logo_enable":"0","sponsored_post_logo":"","sponsored_post_desc":"","disable_ad":"0"},"jnews_primary_category":{"id":"12"},"jnews_social_meta":{"fb_title":"","fb_description":"","fb_image":"","twitter_title":"","twitter_description":"","twitter_image":""},"jnews_override_counter":{"override_view_counter":"0","view_counter_number":"0","override_share_counter":"0","share_counter_number":"0","override_like_counter":"0","like_counter_number":"0","override_dislike_counter":"0","dislike_counter_number":"0"},"footnotes":""},"categories":[2,12],"tags":[23,31],"class_list":["post-17347","post","type-post","status-publish","format-standard","has-post-thumbnail","hentry","category-haberler","category-yelken","tag-fenerbahce","tag-yelken"],"amp_enabled":true,"_links":{"self":[{"href":"https:\/\/www.fener.org\/index.php\/wp-json\/wp\/v2\/posts\/17347","targetHints":{"allow":["GET"]}}],"collection":[{"href":"https:\/\/www.fener.org\/index.php\/wp-json\/wp\/v2\/posts"}],"about":[{"href":"https:\/\/www.fener.org\/index.php\/wp-json\/wp\/v2\/types\/post"}],"author":[{"embeddable":true,"href":"https:\/\/www.fener.org\/index.php\/wp-json\/wp\/v2\/users\/1"}],"replies":[{"embeddable":true,"href":"https:\/\/www.fener.org\/index.php\/wp-json\/wp\/v2\/comments?post=17347"}],"version-history":[{"count":1,"href":"https:\/\/www.fener.org\/index.php\/wp-json\/wp\/v2\/posts\/17347\/revisions"}],"predecessor-version":[{"id":17349,"href":"https:\/\/www.fener.org\/index.php\/wp-json\/wp\/v2\/posts\/17347\/revisions\/17349"}],"wp:featuredmedia":[{"embeddable":true,"href":"https:\/\/www.fener.org\/index.php\/wp-json\/wp\/v2\/media\/17348"}],"wp:attachment":[{"href":"https:\/\/www.fener.org\/index.php\/wp-json\/wp\/v2\/media?parent=17347"}],"wp:term":[{"taxonomy":"category","embeddable":true,"href":"https:\/\/www.fener.org\/index.php\/wp-json\/wp\/v2\/categories?post=17347"},{"taxonomy":"post_tag","embeddable":true,"href":"https:\/\/www.fener.org\/index.php\/wp-json\/wp\/v2\/tags?post=17347"}],"curies":[{"name":"wp","href":"https:\/\/api.w.org\/{rel}","templated":true}]}}