{"id":17132,"date":"2022-04-23T21:01:41","date_gmt":"2022-04-23T18:01:41","guid":{"rendered":"https:\/\/www.fener.org\/?p=17132"},"modified":"2022-04-23T21:01:44","modified_gmt":"2022-04-23T18:01:44","slug":"fenerbahce-kadin-futbol-takimimiz-altay-deplasmaninda","status":"publish","type":"post","link":"https:\/\/www.fener.org\/index.php\/2022\/04\/23\/fenerbahce-kadin-futbol-takimimiz-altay-deplasmaninda\/","title":{"rendered":"Fenerbah\u00e7e Kad\u0131n Futbol Tak\u0131m\u0131m\u0131z, Altay deplasman\u0131nda"},"content":{"rendered":"\n<p>Fenerbah\u00e7e Kad\u0131n Futbol Tak\u0131m\u0131m\u0131z, Turkcell Kad\u0131n Futbol S\u00fcper Ligi 19. hafta ma\u00e7\u0131nda Altay\u2019a konuk oluyor.\u00a0 Yar\u0131n Atat\u00fcrk Sahas\u0131\u2019nda oynanacak ma\u00e7 saat 11.00\u2019de ba\u015flayacak ve FB TV ile Fenerbah\u00e7e Youtube hesab\u0131ndan yay\u0131nlanacak.<br>\u00a0<br>Fenerbah\u00e7emiz ligde ma\u00e7 fazlas\u0131yla lider durumda bulunurken, Altay ise 9. s\u0131rada bulunuyor.<br>\u00a0<br>Ligin ilk yar\u0131s\u0131nda \u0130stanbul\u2019da oynanan ma\u00e7\u0131 Ekibimiz, 8-0 kazanm\u0131\u015ft\u0131.<\/p>\n","protected":false},"excerpt":{"rendered":"<p>Fenerbah\u00e7e Kad\u0131n Futbol Tak\u0131m\u0131m\u0131z, Turkcell Kad\u0131n Futbol S\u00fcper Ligi 19. hafta ma\u00e7\u0131nda Altay\u2019a konuk oluyor.\u00a0 Yar\u0131n Atat\u00fcrk Sahas\u0131\u2019nda oynanacak ma\u00e7 saat 11.00\u2019de ba\u015flayacak ve FB TV ile Fenerbah\u00e7e Youtube hesab\u0131ndan yay\u0131nlanacak.\u00a0Fenerbah\u00e7emiz ligde ma\u00e7 fazlas\u0131yla lider durumda bulunurken, Altay ise 9. s\u0131rada bulunuyor.\u00a0Ligin ilk yar\u0131s\u0131nda \u0130stanbul\u2019da oynanan ma\u00e7\u0131 Ekibimiz, 8-0 kazanm\u0131\u015ft\u0131.<\/p>\n","protected":false},"author":1,"featured_media":16756,"comment_status":"closed","ping_status":"closed","sticky":false,"template":"","format":"standard","meta":{"jnews-multi-image_gallery":[],"jnews_single_post":{"subtitle":"Fenerbah\u00e7e Kad\u0131n Futbol Tak\u0131m\u0131m\u0131z, Kad\u0131n Futbol S\u00fcper Ligi 19. hafta ma\u00e7\u0131nda deplasmanda Altay ile m\u00fccadele edecek.","format":"standard","video":"","gallery":"","source_name":"","source_url":"","via_name":"","via_url":"","override_template":"0","override":[{"template":"1","single_blog_custom":"","parallax":"1","fullscreen":"1","layout":"right-sidebar","sidebar":"default-sidebar","second_sidebar":"default-sidebar","sticky_sidebar":"1","share_position":"top","share_float_style":"share-monocrhome","show_share_counter":"1","show_view_counter":"1","show_featured":"1","show_post_meta":"1","show_post_author":"1","show_post_author_image":"1","show_post_date":"1","post_date_format":"default","post_date_format_custom":"Y\/m\/d","show_post_category":"1","show_post_reading_time":"0","post_reading_time_wpm":"300","show_zoom_button":"0","zoom_button_out_step":"2","zoom_button_in_step":"3","show_post_tag":"1","show_prev_next_post":"1","show_popup_post":"1","number_popup_post":"1","show_author_box":"0","show_post_related":"0","show_inline_post_related":"0"}],"override_image_size":"0","image_override":[{"single_post_thumbnail_size":"crop-500","single_post_gallery_size":"crop-500"}],"trending_post":"0","trending_post_position":"meta","trending_post_label":"Trending","sponsored_post":"0","sponsored_post_label":"Sponsored by","sponsored_post_name":"","sponsored_post_url":"","sponsored_post_logo_enable":"0","sponsored_post_logo":"","sponsored_post_desc":"","disable_ad":"0"},"jnews_primary_category":{"id":"4"},"jnews_social_meta":{"fb_title":"","fb_description":"","fb_image":"","twitter_title":"","twitter_description":"","twitter_image":""},"jnews_override_counter":{"override_view_counter":"0","view_counter_number":"0","override_share_counter":"0","share_counter_number":"0","override_like_counter":"0","like_counter_number":"0","override_dislike_counter":"0","dislike_counter_number":"0"},"footnotes":""},"categories":[4,2,191],"tags":[23,192],"class_list":["post-17132","post","type-post","status-publish","format-standard","has-post-thumbnail","hentry","category-futbol","category-haberler","category-kadin-futbol","tag-fenerbahce","tag-kadinfutbol"],"amp_enabled":true,"_links":{"self":[{"href":"https:\/\/www.fener.org\/index.php\/wp-json\/wp\/v2\/posts\/17132","targetHints":{"allow":["GET"]}}],"collection":[{"href":"https:\/\/www.fener.org\/index.php\/wp-json\/wp\/v2\/posts"}],"about":[{"href":"https:\/\/www.fener.org\/index.php\/wp-json\/wp\/v2\/types\/post"}],"author":[{"embeddable":true,"href":"https:\/\/www.fener.org\/index.php\/wp-json\/wp\/v2\/users\/1"}],"replies":[{"embeddable":true,"href":"https:\/\/www.fener.org\/index.php\/wp-json\/wp\/v2\/comments?post=17132"}],"version-history":[{"count":1,"href":"https:\/\/www.fener.org\/index.php\/wp-json\/wp\/v2\/posts\/17132\/revisions"}],"predecessor-version":[{"id":17133,"href":"https:\/\/www.fener.org\/index.php\/wp-json\/wp\/v2\/posts\/17132\/revisions\/17133"}],"wp:featuredmedia":[{"embeddable":true,"href":"https:\/\/www.fener.org\/index.php\/wp-json\/wp\/v2\/media\/16756"}],"wp:attachment":[{"href":"https:\/\/www.fener.org\/index.php\/wp-json\/wp\/v2\/media?parent=17132"}],"wp:term":[{"taxonomy":"category","embeddable":true,"href":"https:\/\/www.fener.org\/index.php\/wp-json\/wp\/v2\/categories?post=17132"},{"taxonomy":"post_tag","embeddable":true,"href":"https:\/\/www.fener.org\/index.php\/wp-json\/wp\/v2\/tags?post=17132"}],"curies":[{"name":"wp","href":"https:\/\/api.w.org\/{rel}","templated":true}]}}