{"id":17086,"date":"2022-04-21T23:10:37","date_gmt":"2022-04-21T20:10:37","guid":{"rendered":"https:\/\/www.fener.org\/?p=17086"},"modified":"2022-04-21T23:10:41","modified_gmt":"2022-04-21T20:10:41","slug":"rizespor-fenerbahce-macinin-hakemleri-belli-oldu","status":"publish","type":"post","link":"https:\/\/www.fener.org\/index.php\/2022\/04\/21\/rizespor-fenerbahce-macinin-hakemleri-belli-oldu\/","title":{"rendered":"Rizespor &#8211; Fenerbah\u00e7e ma\u00e7\u0131n\u0131n hakemleri belli oldu"},"content":{"rendered":"\n<p>\u00c7aykur Rizespor ile Fenerbah\u00e7emiz aras\u0131nda oynanacak ma\u00e7\u0131 hakem Halil Umut Meler y\u00f6netecek.<br>\u00a0<br>S\u00fcper Toto S\u00fcper Lig Ahmet \u00c7al\u0131k Sezonu 34. hafta kar\u015f\u0131la\u015fmalar\u0131n\u0131 y\u00f6netecek hakemler a\u00e7\u0131kland\u0131. 22 Nisan Cuma ak\u015fam\u0131 \u00c7aykur Didi Stad\u0131\u2019nda oynanacak \u00c7aykur Rizespor-Fenerbah\u00e7e ma\u00e7\u0131nda Halil Umut Meler d\u00fcd\u00fck \u00e7alacak. Meler\u2019in yard\u0131mc\u0131l\u0131klar\u0131n\u0131 Cevdet K\u00f6m\u00fcrc\u00fco\u011flu ile Murat Tu\u011fberk Curbay yapacak. M\u00fccadelenin d\u00f6rd\u00fcnc\u00fc hakemi ise Yi\u011fit Arslan.<\/p>\n","protected":false},"excerpt":{"rendered":"<p>\u00c7aykur Rizespor ile Fenerbah\u00e7emiz aras\u0131nda oynanacak ma\u00e7\u0131 hakem Halil Umut Meler y\u00f6netecek.\u00a0S\u00fcper Toto S\u00fcper Lig Ahmet \u00c7al\u0131k Sezonu 34. hafta kar\u015f\u0131la\u015fmalar\u0131n\u0131 y\u00f6netecek hakemler a\u00e7\u0131kland\u0131. 22 Nisan Cuma ak\u015fam\u0131 \u00c7aykur Didi Stad\u0131\u2019nda oynanacak \u00c7aykur Rizespor-Fenerbah\u00e7e ma\u00e7\u0131nda Halil Umut Meler d\u00fcd\u00fck \u00e7alacak. Meler\u2019in yard\u0131mc\u0131l\u0131klar\u0131n\u0131 Cevdet K\u00f6m\u00fcrc\u00fco\u011flu ile Murat Tu\u011fberk Curbay yapacak. M\u00fccadelenin d\u00f6rd\u00fcnc\u00fc hakemi ise Yi\u011fit Arslan.<\/p>\n","protected":false},"author":1,"featured_media":3361,"comment_status":"closed","ping_status":"closed","sticky":false,"template":"","format":"standard","meta":{"jnews-multi-image_gallery":[],"jnews_single_post":{"subtitle":"S\u00fcper Toto S\u00fcper Lig Ahmet \u00c7al\u0131k Sezonu 34. hafta kar\u015f\u0131la\u015fmalar\u0131n\u0131 y\u00f6netecek hakemler a\u00e7\u0131kland\u0131.","format":"standard","video":"","gallery":"","source_name":"","source_url":"","via_name":"","via_url":"","override_template":"0","override":[{"template":"1","single_blog_custom":"","parallax":"1","fullscreen":"1","layout":"right-sidebar","sidebar":"default-sidebar","second_sidebar":"default-sidebar","sticky_sidebar":"1","share_position":"top","share_float_style":"share-monocrhome","show_share_counter":"1","show_view_counter":"1","show_featured":"1","show_post_meta":"1","show_post_author":"1","show_post_author_image":"1","show_post_date":"1","post_date_format":"default","post_date_format_custom":"Y\/m\/d","show_post_category":"1","show_post_reading_time":"0","post_reading_time_wpm":"300","show_zoom_button":"0","zoom_button_out_step":"2","zoom_button_in_step":"3","show_post_tag":"1","show_prev_next_post":"1","show_popup_post":"1","number_popup_post":"1","show_author_box":"0","show_post_related":"0","show_inline_post_related":"0"}],"override_image_size":"0","image_override":[{"single_post_thumbnail_size":"crop-500","single_post_gallery_size":"crop-500"}],"trending_post":"0","trending_post_position":"meta","trending_post_label":"Trending","sponsored_post":"0","sponsored_post_label":"Sponsored by","sponsored_post_name":"","sponsored_post_url":"","sponsored_post_logo_enable":"0","sponsored_post_logo":"","sponsored_post_desc":"","disable_ad":"0"},"jnews_primary_category":{"id":"4"},"jnews_social_meta":{"fb_title":"","fb_description":"","fb_image":"","twitter_title":"","twitter_description":"","twitter_image":""},"jnews_override_counter":{"override_view_counter":"0","view_counter_number":"0","override_share_counter":"0","share_counter_number":"0","override_like_counter":"0","like_counter_number":"0","override_dislike_counter":"0","dislike_counter_number":"0"},"footnotes":""},"categories":[4,2,47],"tags":[23,54],"class_list":["post-17086","post","type-post","status-publish","format-standard","has-post-thumbnail","hentry","category-futbol","category-haberler","category-profesyonel-a-futbol-takimi","tag-fenerbahce","tag-futbol"],"amp_enabled":true,"_links":{"self":[{"href":"https:\/\/www.fener.org\/index.php\/wp-json\/wp\/v2\/posts\/17086","targetHints":{"allow":["GET"]}}],"collection":[{"href":"https:\/\/www.fener.org\/index.php\/wp-json\/wp\/v2\/posts"}],"about":[{"href":"https:\/\/www.fener.org\/index.php\/wp-json\/wp\/v2\/types\/post"}],"author":[{"embeddable":true,"href":"https:\/\/www.fener.org\/index.php\/wp-json\/wp\/v2\/users\/1"}],"replies":[{"embeddable":true,"href":"https:\/\/www.fener.org\/index.php\/wp-json\/wp\/v2\/comments?post=17086"}],"version-history":[{"count":2,"href":"https:\/\/www.fener.org\/index.php\/wp-json\/wp\/v2\/posts\/17086\/revisions"}],"predecessor-version":[{"id":17088,"href":"https:\/\/www.fener.org\/index.php\/wp-json\/wp\/v2\/posts\/17086\/revisions\/17088"}],"wp:featuredmedia":[{"embeddable":true,"href":"https:\/\/www.fener.org\/index.php\/wp-json\/wp\/v2\/media\/3361"}],"wp:attachment":[{"href":"https:\/\/www.fener.org\/index.php\/wp-json\/wp\/v2\/media?parent=17086"}],"wp:term":[{"taxonomy":"category","embeddable":true,"href":"https:\/\/www.fener.org\/index.php\/wp-json\/wp\/v2\/categories?post=17086"},{"taxonomy":"post_tag","embeddable":true,"href":"https:\/\/www.fener.org\/index.php\/wp-json\/wp\/v2\/tags?post=17086"}],"curies":[{"name":"wp","href":"https:\/\/api.w.org\/{rel}","templated":true}]}}