{"id":16851,"date":"2022-04-02T20:28:21","date_gmt":"2022-04-02T17:28:21","guid":{"rendered":"https:\/\/www.fener.org\/?p=16851"},"modified":"2022-04-02T20:28:24","modified_gmt":"2022-04-02T17:28:24","slug":"ismail-kartal-oyuncularimi-tebrik-ediyorum","status":"publish","type":"post","link":"https:\/\/www.fener.org\/index.php\/2022\/04\/02\/ismail-kartal-oyuncularimi-tebrik-ediyorum\/","title":{"rendered":"\u0130smail Kartal: Oyuncular\u0131m\u0131 tebrik ediyorum"},"content":{"rendered":"\n<p>Teknik Direkt\u00f6r\u00fcm\u00fcz \u0130smail Kartal, tak\u0131m\u0131m\u0131z\u0131n Yukatel Kayserispor&#8217;u 4-0 ma\u011flup etti\u011fi ma\u00e7\u0131n ard\u0131ndan yapt\u0131\u011f\u0131 a\u00e7\u0131klamada \u015funlar\u0131 s\u00f6yledi:<\/p>\n\n\n\n<blockquote class=\"wp-block-quote is-layout-flow wp-block-quote-is-layout-flow\"><p>\u201cOyunumuza gelince de y\u00fckselen bir performans\u0131m\u0131z var. Hep birlikte ekip olarak her hafta oyunumuzun g\u00fc\u00e7lendi\u011fini, oyunumuzu geli\u015ftirdi\u011fimizi ve geli\u015fen oyun g\u00fcc\u00fcm\u00fczle birlikte oyuncular\u0131m\u0131z\u0131n da geli\u015fti\u011fini g\u00f6rmek bizi \u00e7ok mutlu ediyor. Sonu\u00e7ta bug\u00fcn de ma\u00e7tan \u00f6nce s\u00f6yledi\u011fim gibi rakibi \u00e7ok iyi analiz ettik. Ortaya koydu\u011fumuz b\u00fct\u00fcn planlar\u0131m\u0131z i\u015fledi. Ma\u00e7\u0131 ilk devrede de kopartabilirdik; 3-4 tane \u00e7ok net pozisyonumuz vard\u0131. Ama sonu\u00e7 olarak bug\u00fcn ma\u00e7\u0131 kazand\u0131k. Ancak kazanmam\u0131za ra\u011fmen bug\u00fcn her iki tak\u0131m a\u00e7\u0131s\u0131ndan bakt\u0131\u011f\u0131n\u0131z zaman oyun temposu yani bir bahar havas\u0131 futbolu vard\u0131. Bizim bundan \u00f6nce oynad\u0131\u011f\u0131m\u0131z ma\u00e7lar\u0131n temposunun alt\u0131nda bir ma\u00e7 oldu, bunu s\u00f6yleyebilirim. Bu tip havalarda, a\u015f\u0131r\u0131 s\u0131cak, bir anda 10 derecelerden 25-26 derecelere \u00e7\u0131kan hava s\u0131cakl\u0131\u011f\u0131 var. Son 2-3 g\u00fcnd\u00fcr antrenmanlar\u0131 \u0130stanbul\u2019da da bu ortamda yapt\u0131k. Orada biraz antrenmanlarda tak\u0131m\u0131n temposu d\u00fc\u015ft\u00fc. Hatta \u2018neden b\u00f6yle bir \u015fey oldu?\u2019 diye toplant\u0131lar yapt\u0131k. \u00c7ocuklar\u0131n, oyuncular\u0131m\u0131n hepsinin bana s\u00f6yledi\u011fi \u015fey \u015fu: \u2018Hocam, \u00e7ok s\u0131cak, ger\u00e7ekten bizi halsiz b\u0131rak\u0131yor.&#8217; Tempolu antrenmanlar yap\u0131p ma\u00e7lar\u0131 da tempolu oynad\u0131\u011f\u0131m\u0131z i\u00e7in bunu nas\u0131l \u00e7evirebiliriz, motivasyonumuzu nas\u0131l biraz daha art\u0131rabiliriz diye bunun \u00fczerinde yo\u011funla\u015ft\u0131k.<\/p><p>Milli tak\u0131mlardan gelen, uzaktan gelen, uzun yolculuklar yapan oyuncular\u0131m\u0131z vard\u0131 ki 12-13 tane milli tak\u0131m oyuncumuz var. Bu bizim i\u00e7in gurur verici bir \u015fey. Bug\u00fcn futbolumuzun g\u00fcc\u00fc, taktik-disipline ba\u011fl\u0131 oyunumuzun g\u00fcc\u00fc ve bug\u00fcn futbolcular\u0131m ma\u00e7\u0131 kazanmas\u0131n\u0131 bildi. Ben oyuncular\u0131m\u0131 tebrik ediyorum. Bu galibiyetimizi dedi\u011fim gibi Ba\u015fkan\u0131m\u0131z\u0131n do\u011fum g\u00fcn\u00fc olmas\u0131 sebebiyle Ba\u015fkan\u0131m\u0131za arma\u011fan ediyoruz.<\/p><p>\u00c7ok fazla bu i\u015fleri \u2018ben yapt\u0131m, ben ettim\u2019 demeyece\u011fim. Biz var\u0131z, biz ekip olarak futbolcular\u0131mla beraber hep birlikte Say\u0131n Ba\u015fkan\u0131m\u0131z, Y\u00f6neticilerimiz, biz birlikte \u00e7ok iyi bir ahenk i\u00e7erisinde, \u00e7ok iyi diyaloglar kurarak, iyi \u00e7al\u0131\u015farak bu tak\u0131m\u0131 buralara getirdik. \u0130n\u015fallah daha da iyi yerlere gelecek. Bizim oyuncular\u0131m\u0131z ger\u00e7ekten \u00e7ok kaliteli ve karakterli. Ben onlarla \u00e7al\u0131\u015ft\u0131\u011f\u0131m i\u00e7in de \u00e7ok mutluyum. Onlarla gurur duyuyorum. Antrenmanda, ma\u00e7 oynan\u0131rken hepsi g\u00f6z\u00fcm\u00fcn i\u00e7ine bak\u0131yor. Bazen sesimi bile y\u00fckseltti\u011fim zaman o co\u015fkumu, o h\u0131rs\u0131m\u0131, o enerjimi onlara aktarmak istiyorum. Onda bile hep daha iyisini nas\u0131l yapabiliriz diye g\u00f6z g\u00f6ze geliyoruz. Bu bizim i\u00e7in yeterli. \u00c7ok b\u00fcy\u00fck bir sayg\u0131 i\u00e7erisinde \u00e7al\u0131\u015fmalar\u0131m\u0131z\u0131 s\u00fcrd\u00fcr\u00fcyoruz. \u0130n\u015fallah bu \u015fekilde de sezon sonuna kadar elimizden geleni Fenerbah\u00e7em i\u00e7in yapmaya devam edece\u011fiz.\u201d<\/p><\/blockquote>\n","protected":false},"excerpt":{"rendered":"<p>Teknik Direkt\u00f6r\u00fcm\u00fcz \u0130smail Kartal, tak\u0131m\u0131m\u0131z\u0131n Yukatel Kayserispor&#8217;u 4-0 ma\u011flup etti\u011fi ma\u00e7\u0131n ard\u0131ndan yapt\u0131\u011f\u0131 a\u00e7\u0131klamada \u015funlar\u0131 s\u00f6yledi: \u201cOyunumuza gelince de y\u00fckselen bir performans\u0131m\u0131z var. Hep birlikte ekip olarak her hafta oyunumuzun g\u00fc\u00e7lendi\u011fini, oyunumuzu geli\u015ftirdi\u011fimizi ve geli\u015fen oyun g\u00fcc\u00fcm\u00fczle birlikte oyuncular\u0131m\u0131z\u0131n da geli\u015fti\u011fini g\u00f6rmek bizi \u00e7ok mutlu ediyor. Sonu\u00e7ta bug\u00fcn de ma\u00e7tan \u00f6nce s\u00f6yledi\u011fim gibi rakibi \u00e7ok [&hellip;]<\/p>\n","protected":false},"author":1,"featured_media":16853,"comment_status":"closed","ping_status":"closed","sticky":false,"template":"","format":"standard","meta":{"jnews-multi-image_gallery":[],"jnews_single_post":{"subtitle":"Fenerbah\u00e7e Teknik Direkt\u00f6r\u00fc \u0130smail Kartal, tak\u0131m\u0131m\u0131z\u0131n Spor Toto S\u00fcper Lig Ahmet \u00c7al\u0131k Sezonu 31. hafta ma\u00e7\u0131nda deplasmanda Yukatel Kayserispor\u2019la oynad\u0131\u011f\u0131 ma\u00e7\u0131n ard\u0131ndan a\u00e7\u0131klamalarda bulundu.","format":"standard","video":"","gallery":"","source_name":"","source_url":"","via_name":"","via_url":"","override_template":"0","override":[{"template":"1","single_blog_custom":"","parallax":"1","fullscreen":"1","layout":"right-sidebar","sidebar":"default-sidebar","second_sidebar":"default-sidebar","sticky_sidebar":"1","share_position":"top","share_float_style":"share-monocrhome","show_share_counter":"1","show_view_counter":"1","show_featured":"1","show_post_meta":"1","show_post_author":"1","show_post_author_image":"1","show_post_date":"1","post_date_format":"default","post_date_format_custom":"Y\/m\/d","show_post_category":"1","show_post_reading_time":"0","post_reading_time_wpm":"300","show_zoom_button":"0","zoom_button_out_step":"2","zoom_button_in_step":"3","show_post_tag":"1","show_prev_next_post":"1","show_popup_post":"1","number_popup_post":"1","show_author_box":"0","show_post_related":"0","show_inline_post_related":"0"}],"override_image_size":"0","image_override":[{"single_post_thumbnail_size":"crop-500","single_post_gallery_size":"crop-500"}],"trending_post":"0","trending_post_position":"meta","trending_post_label":"Trending","sponsored_post":"0","sponsored_post_label":"Sponsored by","sponsored_post_name":"","sponsored_post_url":"","sponsored_post_logo_enable":"0","sponsored_post_logo":"","sponsored_post_desc":"","disable_ad":"0"},"jnews_primary_category":{"id":"4"},"jnews_social_meta":{"fb_title":"","fb_description":"","fb_image":"","twitter_title":"","twitter_description":"","twitter_image":""},"jnews_override_counter":{"override_view_counter":"0","view_counter_number":"0","override_share_counter":"0","share_counter_number":"0","override_like_counter":"0","like_counter_number":"0","override_dislike_counter":"0","dislike_counter_number":"0"},"footnotes":""},"categories":[4,2,47],"tags":[23,54],"class_list":["post-16851","post","type-post","status-publish","format-standard","has-post-thumbnail","hentry","category-futbol","category-haberler","category-profesyonel-a-futbol-takimi","tag-fenerbahce","tag-futbol"],"amp_enabled":true,"_links":{"self":[{"href":"https:\/\/www.fener.org\/index.php\/wp-json\/wp\/v2\/posts\/16851","targetHints":{"allow":["GET"]}}],"collection":[{"href":"https:\/\/www.fener.org\/index.php\/wp-json\/wp\/v2\/posts"}],"about":[{"href":"https:\/\/www.fener.org\/index.php\/wp-json\/wp\/v2\/types\/post"}],"author":[{"embeddable":true,"href":"https:\/\/www.fener.org\/index.php\/wp-json\/wp\/v2\/users\/1"}],"replies":[{"embeddable":true,"href":"https:\/\/www.fener.org\/index.php\/wp-json\/wp\/v2\/comments?post=16851"}],"version-history":[{"count":1,"href":"https:\/\/www.fener.org\/index.php\/wp-json\/wp\/v2\/posts\/16851\/revisions"}],"predecessor-version":[{"id":16852,"href":"https:\/\/www.fener.org\/index.php\/wp-json\/wp\/v2\/posts\/16851\/revisions\/16852"}],"wp:featuredmedia":[{"embeddable":true,"href":"https:\/\/www.fener.org\/index.php\/wp-json\/wp\/v2\/media\/16853"}],"wp:attachment":[{"href":"https:\/\/www.fener.org\/index.php\/wp-json\/wp\/v2\/media?parent=16851"}],"wp:term":[{"taxonomy":"category","embeddable":true,"href":"https:\/\/www.fener.org\/index.php\/wp-json\/wp\/v2\/categories?post=16851"},{"taxonomy":"post_tag","embeddable":true,"href":"https:\/\/www.fener.org\/index.php\/wp-json\/wp\/v2\/tags?post=16851"}],"curies":[{"name":"wp","href":"https:\/\/api.w.org\/{rel}","templated":true}]}}