{"id":16821,"date":"2022-04-01T19:47:38","date_gmt":"2022-04-01T16:47:38","guid":{"rendered":"https:\/\/www.fener.org\/?p=16821"},"modified":"2022-04-01T19:47:43","modified_gmt":"2022-04-01T16:47:43","slug":"fenerbahce-kadin-futbol-takimimiz-amed-sportif-faaliyetlere-konuk-oluyor","status":"publish","type":"post","link":"https:\/\/www.fener.org\/index.php\/2022\/04\/01\/fenerbahce-kadin-futbol-takimimiz-amed-sportif-faaliyetlere-konuk-oluyor\/","title":{"rendered":"Fenerbah\u00e7e Kad\u0131n Futbol Tak\u0131m\u0131m\u0131z, Amed Sportif Faaliyetler&#8217;e konuk oluyor"},"content":{"rendered":"\n<p>Fenerbah\u00e7e Kad\u0131n Futbol Tak\u0131m\u0131m\u0131z, Turkcell Kad\u0131n Futbol S\u00fcper Ligi 17. hafta ma\u00e7\u0131nda Amed Sportif Faaliyetler\u2019e konuk olacak. Yar\u0131n (2 Nisan Cumartesi g\u00fcn\u00fc) Amedspor Tesisleri Sentetik Sahas\u0131nda oynanacak ve saat 12.00\u2019de ba\u015flayacak m\u00fccadele Fenerbah\u00e7e Televizyonu, Fenerbah\u00e7e YouTube ile Radyo Fenerbah\u00e7e&#8217;den canl\u0131 yay\u0131nlanacak.<\/p>\n\n\n\n<p>13 galibiyet, 1 beraberlik ve 2 yenilgisi olan sar\u0131 lacivertliler, 40 puanla haftaya 2. s\u0131rada girdi. 13 puana sahip rakip Amed Sportif Faaliyetler ise ligde 8. s\u0131rada yer al\u0131yor.<\/p>\n\n\n\n<p>Fenerbah\u00e7e Kad\u0131n Futbol Tak\u0131m\u0131m\u0131z, ilk yar\u0131da rakibiyle oynad\u0131\u011f\u0131 ma\u00e7tan 3-1 galip ayr\u0131lm\u0131\u015ft\u0131.<\/p>\n","protected":false},"excerpt":{"rendered":"<p>Fenerbah\u00e7e Kad\u0131n Futbol Tak\u0131m\u0131m\u0131z, Turkcell Kad\u0131n Futbol S\u00fcper Ligi 17. hafta ma\u00e7\u0131nda Amed Sportif Faaliyetler\u2019e konuk olacak. Yar\u0131n (2 Nisan Cumartesi g\u00fcn\u00fc) Amedspor Tesisleri Sentetik Sahas\u0131nda oynanacak ve saat 12.00\u2019de ba\u015flayacak m\u00fccadele Fenerbah\u00e7e Televizyonu, Fenerbah\u00e7e YouTube ile Radyo Fenerbah\u00e7e&#8217;den canl\u0131 yay\u0131nlanacak. 13 galibiyet, 1 beraberlik ve 2 yenilgisi olan sar\u0131 lacivertliler, 40 puanla haftaya 2. [&hellip;]<\/p>\n","protected":false},"author":1,"featured_media":16756,"comment_status":"closed","ping_status":"closed","sticky":false,"template":"","format":"standard","meta":{"jnews-multi-image_gallery":[],"jnews_single_post":{"subtitle":"Fenerbah\u00e7e Kad\u0131n Futbol Tak\u0131m\u0131m\u0131z, Kad\u0131n Futbol S\u00fcper Ligi 17. hafta ma\u00e7\u0131nda deplasmanda Amed Sportif Faaliyetler ile m\u00fccadele edecek.","format":"standard","video":"","gallery":"","source_name":"","source_url":"","via_name":"","via_url":"","override_template":"0","override":[{"template":"1","single_blog_custom":"","parallax":"1","fullscreen":"1","layout":"right-sidebar","sidebar":"default-sidebar","second_sidebar":"default-sidebar","sticky_sidebar":"1","share_position":"top","share_float_style":"share-monocrhome","show_share_counter":"1","show_view_counter":"1","show_featured":"1","show_post_meta":"1","show_post_author":"1","show_post_author_image":"1","show_post_date":"1","post_date_format":"default","post_date_format_custom":"Y\/m\/d","show_post_category":"1","show_post_reading_time":"0","post_reading_time_wpm":"300","show_zoom_button":"0","zoom_button_out_step":"2","zoom_button_in_step":"3","show_post_tag":"1","show_prev_next_post":"1","show_popup_post":"1","number_popup_post":"1","show_author_box":"0","show_post_related":"0","show_inline_post_related":"0"}],"override_image_size":"0","image_override":[{"single_post_thumbnail_size":"crop-500","single_post_gallery_size":"crop-500"}],"trending_post":"0","trending_post_position":"meta","trending_post_label":"Trending","sponsored_post":"0","sponsored_post_label":"Sponsored by","sponsored_post_name":"","sponsored_post_url":"","sponsored_post_logo_enable":"0","sponsored_post_logo":"","sponsored_post_desc":"","disable_ad":"0"},"jnews_primary_category":{"id":"4"},"jnews_social_meta":{"fb_title":"","fb_description":"","fb_image":"","twitter_title":"","twitter_description":"","twitter_image":""},"jnews_override_counter":{"override_view_counter":"0","view_counter_number":"0","override_share_counter":"0","share_counter_number":"0","override_like_counter":"0","like_counter_number":"0","override_dislike_counter":"0","dislike_counter_number":"0"},"footnotes":""},"categories":[4,2,191],"tags":[23,192],"class_list":["post-16821","post","type-post","status-publish","format-standard","has-post-thumbnail","hentry","category-futbol","category-haberler","category-kadin-futbol","tag-fenerbahce","tag-kadinfutbol"],"amp_enabled":true,"_links":{"self":[{"href":"https:\/\/www.fener.org\/index.php\/wp-json\/wp\/v2\/posts\/16821","targetHints":{"allow":["GET"]}}],"collection":[{"href":"https:\/\/www.fener.org\/index.php\/wp-json\/wp\/v2\/posts"}],"about":[{"href":"https:\/\/www.fener.org\/index.php\/wp-json\/wp\/v2\/types\/post"}],"author":[{"embeddable":true,"href":"https:\/\/www.fener.org\/index.php\/wp-json\/wp\/v2\/users\/1"}],"replies":[{"embeddable":true,"href":"https:\/\/www.fener.org\/index.php\/wp-json\/wp\/v2\/comments?post=16821"}],"version-history":[{"count":2,"href":"https:\/\/www.fener.org\/index.php\/wp-json\/wp\/v2\/posts\/16821\/revisions"}],"predecessor-version":[{"id":16823,"href":"https:\/\/www.fener.org\/index.php\/wp-json\/wp\/v2\/posts\/16821\/revisions\/16823"}],"wp:featuredmedia":[{"embeddable":true,"href":"https:\/\/www.fener.org\/index.php\/wp-json\/wp\/v2\/media\/16756"}],"wp:attachment":[{"href":"https:\/\/www.fener.org\/index.php\/wp-json\/wp\/v2\/media?parent=16821"}],"wp:term":[{"taxonomy":"category","embeddable":true,"href":"https:\/\/www.fener.org\/index.php\/wp-json\/wp\/v2\/categories?post=16821"},{"taxonomy":"post_tag","embeddable":true,"href":"https:\/\/www.fener.org\/index.php\/wp-json\/wp\/v2\/tags?post=16821"}],"curies":[{"name":"wp","href":"https:\/\/api.w.org\/{rel}","templated":true}]}}